{"id":42381,"date":"2022-05-30T14:28:27","date_gmt":"2022-05-30T14:28:27","guid":{"rendered":"https:\/\/ladecimaweb.com\/?p=13631"},"modified":"2022-05-30T14:28:27","modified_gmt":"2022-05-30T14:28:27","slug":"buscan-aliviar-la-situacion-fiscal-de-autonomos-y-monotributistas","status":"publish","type":"post","link":"http:\/\/hoycordobaweb.com\/index.php\/2022\/05\/30\/buscan-aliviar-la-situacion-fiscal-de-autonomos-y-monotributistas\/","title":{"rendered":"Buscan aliviar la situaci\u00f3n fiscal de aut\u00f3nomos y monotributistas"},"content":{"rendered":"<div class=\"boldgrid-section\">\n<div class=\"container\">\n<div class=\"row\">\n<div class=\"col-md-12 col-xs-12 col-sm-12\">\n<p class=\"\"><span>El presidente de la C\u00e1mara de Diputados de la Naci\u00f3n, Sergio Massa, y otros legisladores oficialistas presentar\u00e1n esta semana un proyecto para&nbsp;<\/span><strong>generar alivio fiscal a los trabajadores aut\u00f3nomos y adelantar la actualizaci\u00f3n de las escalas del Monotributo<\/strong><span>, informaron este domingo fuentes legislativas.<\/span><\/p>\n<p><span>El presidente de la C\u00e1mara Baja destac\u00f3 estos d\u00edas ante la prensa que la elevaci\u00f3n del piso del monto salarial para la deducci\u00f3n de Ganancias -algo m\u00e1s de $280 mil mensuales- busca &#8220;defender el poder de compra de los salarios&#8221;.<\/span><\/p>\n<p><span>Y adelant\u00f3 que se est\u00e1 trabajando &#8220;en una propuesta que alivie la situaci\u00f3n de aut\u00f3nomos y monotributistas&#8221;.<\/span><\/p>\n<p><span>Por ello, esta semana, posiblemente en los primeros d\u00edas,&nbsp;<\/span><strong>se dar\u00e1 a conocer una propuesta que aborde los reg\u00edmenes de aut\u00f3nomos y del monotributo para que los ingresos de los contribuyentes de esos sistemas &#8220;no pierdan contra la inflaci\u00f3n&#8221;, dijo Mass<\/strong><span>a.<\/span><\/p>\n<p><span>La iniciativa tendr\u00e1 la forma de un proyecto que se presentar\u00e1 en el Congreso para ser debatido por los legisladores.<\/span><\/p>\n<p><span>El propio Massa trabaja en el proyecto acompa\u00f1ado por sus colegas Leandro Santoro y M\u00f3nica Litza y contempla adelantar a julio parte de la actualizaci\u00f3n anual del monotributo, que suele hacerse desde el 1\u00b0 de enero de cada a\u00f1o por la f\u00f3rmula de movilidad jubilatoria, dijeron las fuentes parlamentarias.<\/span><\/p>\n<p><span>En el primer semestre de este a\u00f1o, las jubilaciones y dem\u00e1s prestaciones que paga la ANSES acumulan una suba de 29,1% (por los aumentos de marzo y junio), resaltaron.<\/span><\/p>\n<figure class=\"mb-3\">\n<p class=\"mod-reset\"><img loading=\"lazy\" class=\"aligncenter\" src=\"http:\/\/hoycordobaweb.com\/wp-content\/uploads\/2022\/05\/buscan-aliviar-la-situacion-fiscal-de-autonomos-y-monotributistas.jpg\" alt=\"Foto Archivo Alejandro Santa Cruz\" width=\"425\" height=\"239\"><\/p>\n<div class=\"media-icons\"><i class=\"fab fa-pinterest-p\"><\/i><i class=\"fas fa-expand-arrows-alt\"><\/i><\/div><figcaption>Foto: Archivo Alejandro Santa Cruz.<\/figcaption><\/figure>\n<p class=\"\">\n<span>Los portavoces se\u00f1alaron que<\/span><strong><span>&nbsp;<\/span>&#8220;la iniciativa elaborada por Massa y su equipo t\u00e9cnico apunta a que ese porcentaje se utilice para actualizar las escalas de facturaci\u00f3n de las distintas categor\u00edas del Monotributo desde el 1\u00b0 de julio de 2022&#8221;<\/strong><span>.<\/span><\/p>\n<p><span>Adem\u00e1s, no incluir\u00eda aumento en las cuotas mensuales a pagar, sino que &#8220;s\u00f3lo se busca una actualizaci\u00f3n de los topes m\u00e1ximos de facturaci\u00f3n para que los 4,5 millones de monotributistas no tengan que saltar hacia una escala mayor, o quedar afuera del R\u00e9gimen Simplificado, si su facturaci\u00f3n creci\u00f3 en t\u00e9rminos nominales por efecto de la inflaci\u00f3n&#8221;.<\/span><\/p>\n<p><span>La propuesta apunta a que &#8220;est\u00e9 en marcha en julio cuando los monotributistas deben hacer la segunda recategorizaci\u00f3n obligatoria del a\u00f1o&#8221;, destacaron.<\/span><\/p>\n<figure class=\"mb-3\">\n<p class=\"mod-reset\"><img loading=\"lazy\" class=\"aligncenter\" src=\"http:\/\/hoycordobaweb.com\/wp-content\/uploads\/2022\/05\/buscan-aliviar-la-situacion-fiscal-de-autonomos-y-monotributistas-1.jpg\" alt=\"Sergio Massa destac que se busca defender el poder de compra de los salarios\" width=\"514\" height=\"289\"><\/p>\n<div class=\"media-icons\"><i class=\"fab fa-pinterest-p\"><\/i><i class=\"fas fa-expand-arrows-alt\"><\/i><\/div><figcaption>Sergio Massa destac\u00f3 que se busca &#8220;defender el poder de compra de los salarios&#8221;.<\/figcaption><\/figure>\n<p class=\"\">\n<span>Sobre los aut\u00f3nomos alcanzados por el Impuesto a las Ganancias -unos 140 mil-, la soluci\u00f3n que se eval\u00faa est\u00e1 centrada en incrementar las deducciones para que el m\u00ednimo no imponible quede &#8220;m\u00e1s equitativo o cercano al que aplican los empleados en relaci\u00f3n de dependencia&#8221;, se adelant\u00f3.<\/span><\/p>\n<p><span>Se busca equiparar las deducciones de los aut\u00f3nomos con las de los empleados en relaci\u00f3n de dependencia, pero -aclararon las fuentes- &#8220;sin perder de vista que la mayor\u00eda de estos trabajadores independientes, fundamentalmente profesionales, pueden efectuar otras deducciones que la ley no le permite a los empleados en relaci\u00f3n de dependencia&#8221;.<\/span><\/p>\n<p><span>Asimismo, se analiza como siguiente paso disponer &#8220;un mecanismo de ajuste que sea por la evoluci\u00f3n salarial o la f\u00f3rmula de movilidad que hasta ahora determina los montos que estos contribuyentes deben pagar mensualmente como aporte jubilatorio&#8221;.<\/span><\/p>\n<p class=\"\">\n<div class=\"ubm_banner\"><a href=\"https:\/\/www.cba.gov.ar\/10-https:\/\/www.cba.gov.ar\/10-mil-viviendas\/?csrt=8333084810548506306\" target=\"_blank\" rel=\"dofollow noopener noreferrer\"><img src=\"http:\/\/hoycordobaweb.com\/wp-content\/uploads\/2022\/05\/buscan-aliviar-la-situacion-fiscal-de-autonomos-y-monotributistas.gif\" alt=\"\"><\/a><\/div>\n<p class=\"\">&nbsp;<\/p>\n<\/div>\n<\/div>\n<\/div>\n<\/div>\n<p>La entrada <a rel=\"nofollow\" href=\"https:\/\/ladecimaweb.com\/buscan-aliviar-la-situacion-fiscal-de-autonomos-y-monotributistas\/\">Buscan aliviar la situaci\u00f3n fiscal de aut\u00f3nomos y monotributistas<\/a> se public\u00f3 primero en <a rel=\"nofollow\" href=\"https:\/\/ladecimaweb.com\">LaDecima<\/a>.<\/p>\n","protected":false},"excerpt":{"rendered":"<p>El presidente de la C\u00e1mara de Diputados de la Naci\u00f3n, Sergio Massa, y otros legisladores oficialistas presentar\u00e1n esta semana un proyecto para&nbsp;generar alivio fiscal a los trabajadores aut\u00f3nomos y adelantar la actualizaci\u00f3n de las escalas del Monotributo, informaron este domingo fuentes legislativas. El presidente de la C\u00e1mara Baja destac\u00f3 estos d\u00edas ante la prensa que [&hellip;]<\/p>\n","protected":false},"author":1,"featured_media":42382,"comment_status":"closed","ping_status":"closed","sticky":false,"template":"","format":"standard","meta":[],"categories":[19],"tags":[],"_links":{"self":[{"href":"http:\/\/hoycordobaweb.com\/index.php\/wp-json\/wp\/v2\/posts\/42381"}],"collection":[{"href":"http:\/\/hoycordobaweb.com\/index.php\/wp-json\/wp\/v2\/posts"}],"about":[{"href":"http:\/\/hoycordobaweb.com\/index.php\/wp-json\/wp\/v2\/types\/post"}],"author":[{"embeddable":true,"href":"http:\/\/hoycordobaweb.com\/index.php\/wp-json\/wp\/v2\/users\/1"}],"replies":[{"embeddable":true,"href":"http:\/\/hoycordobaweb.com\/index.php\/wp-json\/wp\/v2\/comments?post=42381"}],"version-history":[{"count":0,"href":"http:\/\/hoycordobaweb.com\/index.php\/wp-json\/wp\/v2\/posts\/42381\/revisions"}],"wp:featuredmedia":[{"embeddable":true,"href":"http:\/\/hoycordobaweb.com\/index.php\/wp-json\/wp\/v2\/media\/42382"}],"wp:attachment":[{"href":"http:\/\/hoycordobaweb.com\/index.php\/wp-json\/wp\/v2\/media?parent=42381"}],"wp:term":[{"taxonomy":"category","embeddable":true,"href":"http:\/\/hoycordobaweb.com\/index.php\/wp-json\/wp\/v2\/categories?post=42381"},{"taxonomy":"post_tag","embeddable":true,"href":"http:\/\/hoycordobaweb.com\/index.php\/wp-json\/wp\/v2\/tags?post=42381"}],"curies":[{"name":"wp","href":"https:\/\/api.w.org\/{rel}","templated":true}]}}