{"id":42370,"date":"2022-05-31T07:00:45","date_gmt":"2022-05-31T07:00:45","guid":{"rendered":"https:\/\/www.espinof.com\/animacion\/dragon-ball-super-super-hero-akira-toriyama-aclara-que-veremos-mucho-piccolo-gohan-juntos-nueva-pelicula"},"modified":"2022-05-31T07:00:45","modified_gmt":"2022-05-31T07:00:45","slug":"dragon-ball-super-super-hero-akira-toriyama-aclara-por-que-veremos-mucho-de-piccolo-y-gohan-juntos-en-la-nueva-pelicula","status":"publish","type":"post","link":"http:\/\/hoycordobaweb.com\/index.php\/2022\/05\/31\/dragon-ball-super-super-hero-akira-toriyama-aclara-por-que-veremos-mucho-de-piccolo-y-gohan-juntos-en-la-nueva-pelicula\/","title":{"rendered":"&#8216;Dragon Ball Super: Super Hero&#8217;: Akira Toriyama aclara por qu\u00e9 veremos mucho de Piccolo y Gohan juntos en la nueva pel\u00edcula"},"content":{"rendered":"<p>La nueva entrega de &#8216;<a href=\"https:\/\/www.espinof.com\/animacion\/dragon-ball-como-ver-orden-toda-saga-creada-akira-toriyama\">Dragon Ball<\/a>&#8216; est\u00e1 a puntito de llegar a los cines de Jap\u00f3n y vamos conociendo un peque\u00f1o gote\u00edto de detalles nuevos. Aunque todav\u00eda nos queda mucho por descubrir de &#8216;<a href=\"https:\/\/www.espinof.com\/animacion\/dragon-ball-super-super-hero-gohan-protagoniza-nuevo-trailer-pelicula-estado-definitivo-incluido\">Dragon Ball Super: Super Hero<\/a>&#8216;, el mism\u00edsimo <strong>Akira Toriyama<\/strong> ha hablado recientemente sobre la pel\u00edcula de anime y de uno de los mejores equipos de acci\u00f3n de la saga. <\/p>\n<p> <!--more--> <\/p>\n<h2>Vuelta a la acci\u00f3n para Gohan<\/h2>\n<p>Los posters promocionales ya lo han ido confirmando, y es que <strong>Gohan y Piccolo ser\u00e1n el principal d\u00fao din\u00e1mico en &#8216;Dragon Ball Super: Super Hero&#8217;<\/strong>. Esta elecci\u00f3n no ha sido al tunt\u00fan y Toriyama ya llevaba planeando la trama de la pel\u00edcula desde antes del estreno de &#8216;<a href=\"https:\/\/www.espinof.com\/criticas\/dragon-ball-super-broly-buen-pasatiempo-para-fans-saga-pese-a-excesos-combate-final\">Dragon Ball: Broly<\/a>&#8216;. Seg\u00fan el creador de la saga, principalmente era el momento de traer de nuevo a Gohan, quien se hab\u00eda quedado m\u00e1s relegado a un papel secundario.<\/p>\n<blockquote readability=\"11.665562913907\">\n<p>\u00abGohan de hecho es m\u00e1s fuerte que nadie&#8230; o eso se dice, pero \u00faltimamente no ha tenido demasiadas oportunidades para brillar\u00bb, explic\u00f3 Toriyama en una entrevista para <a href=\"https:\/\/twitter.com\/DB_super2015\/status\/1530383408060370944\">la web oficial de &#8216;Dragon Ball&#8217;<\/a>. \u00abY para motivar a Gohan, hac\u00eda le falta su admirado maestro Piccolo, en lugar de su padre, Goku.\u00bb<\/p>\n<\/blockquote>\n<blockquote readability=\"8\">\n<p>\u00abPens\u00e9 que por qu\u00e9 no trataba de crear un nuevo superh\u00e9roe, al poner a estos dos en el foco de atenci\u00f3n a trav\u00e9s batallas intensas con los androides Gamma\u00bb, continu\u00f3 Toriyama.<\/p>\n<\/blockquote>\n<p>Seg\u00fan hemos podido ver en algunos teaser y en los posters, la pel\u00edcula efectivamente promete muchos momentos de acci\u00f3n con Gohan, Picolo y los dichosos androides. La sinopsis oficial de <strong>&#8216;Dragon Ball Super: Super Hero&#8217;<\/strong> tambi\u00e9n nos asegura que Piccolo y Gohan son el objetivo principal de <strong>Gamma 1<\/strong> y <strong>Gamma 2<\/strong>, la nueva creaci\u00f3n del <strong>New Red Ribbon Army<\/strong>, aunque todav\u00eda nos queda poder ver la pel\u00edcula para ver en que queda todo. <\/p>\n<p><!-- BREAK 1 --><\/p>\n<div class=\"article-asset article-asset-normal article-asset-center\">\n<div class=\"desvio-container\">\n<div class=\"desvio\">\n<div class=\"desvio-figure js-desvio-figure\"> <a href=\"https:\/\/www.espinof.com\/animacion\/kamehames-genkidamas-niveles-saiyan-que-9-mayo-dia-goku-para-fans-dragon-ball\"> <img alt=\"Kamehames, genkidamas y niveles de saiyan: por qu\u00e9 el 9 de mayo es el d\u00eda de Goku para los fans de 'Dragon Ball'\" src=\"http:\/\/hoycordobaweb.com\/wp-content\/uploads\/2022\/05\/dragon-ball-super-super-hero-akira-toriyama-aclara-por-que-veremos-mucho-de-piccolo-y-gohan-juntos-en-la-nueva-pelicula.jpg\"> <\/a> <\/div><\/div><\/div>\n<\/div>\n<p>El estreno de <strong>&#8216;Dragon Ball Super: Super Hero&#8217;<\/strong> ha sufrido sus contratiempos, pero la pel\u00edcula finalmente llega a los cines de Jap\u00f3n <a href=\"https:\/\/www.espinof.com\/animacion\/dragon-ball-super-super-hero-no-se-retrasara-demasiado-nueva-fecha-estreno-para-pelicula-anime-hackeo-a-toei-animation\">el pr\u00f3ximo 11 de junio<\/a>. Aunque todav\u00eda no hay una fecha de estreno confirmada, podemos respirar tranquilos porque sabemos que este mismo verano se estrenar\u00e1 en los cines a nivel internacional <a href=\"https:\/\/www.espinof.com\/animacion\/dragon-ball-super-super-hero-crunchyroll-estrenara-nueva-pelicula-dragon-ball-cines-todo-mundo-proximo-verano\">de la mano de Crunchyroll<\/a>.<\/p>\n","protected":false},"excerpt":{"rendered":"<p>La nueva entrega de &#8216;Dragon Ball&#8216; est\u00e1 a puntito de llegar a los cines de Jap\u00f3n y vamos conociendo un peque\u00f1o gote\u00edto de detalles nuevos. Aunque todav\u00eda nos queda mucho por descubrir de &#8216;Dragon Ball Super: Super Hero&#8216;, el mism\u00edsimo Akira Toriyama ha hablado recientemente sobre la pel\u00edcula de anime y de uno de los [&hellip;]<\/p>\n","protected":false},"author":1,"featured_media":42371,"comment_status":"open","ping_status":"closed","sticky":false,"template":"","format":"standard","meta":[],"categories":[1],"tags":[],"_links":{"self":[{"href":"http:\/\/hoycordobaweb.com\/index.php\/wp-json\/wp\/v2\/posts\/42370"}],"collection":[{"href":"http:\/\/hoycordobaweb.com\/index.php\/wp-json\/wp\/v2\/posts"}],"about":[{"href":"http:\/\/hoycordobaweb.com\/index.php\/wp-json\/wp\/v2\/types\/post"}],"author":[{"embeddable":true,"href":"http:\/\/hoycordobaweb.com\/index.php\/wp-json\/wp\/v2\/users\/1"}],"replies":[{"embeddable":true,"href":"http:\/\/hoycordobaweb.com\/index.php\/wp-json\/wp\/v2\/comments?post=42370"}],"version-history":[{"count":0,"href":"http:\/\/hoycordobaweb.com\/index.php\/wp-json\/wp\/v2\/posts\/42370\/revisions"}],"wp:featuredmedia":[{"embeddable":true,"href":"http:\/\/hoycordobaweb.com\/index.php\/wp-json\/wp\/v2\/media\/42371"}],"wp:attachment":[{"href":"http:\/\/hoycordobaweb.com\/index.php\/wp-json\/wp\/v2\/media?parent=42370"}],"wp:term":[{"taxonomy":"category","embeddable":true,"href":"http:\/\/hoycordobaweb.com\/index.php\/wp-json\/wp\/v2\/categories?post=42370"},{"taxonomy":"post_tag","embeddable":true,"href":"http:\/\/hoycordobaweb.com\/index.php\/wp-json\/wp\/v2\/tags?post=42370"}],"curies":[{"name":"wp","href":"https:\/\/api.w.org\/{rel}","templated":true}]}}