{"id":42247,"date":"2022-05-28T00:27:05","date_gmt":"2022-05-28T00:27:05","guid":{"rendered":"https:\/\/www.ole.com.ar\/futbol-internacional\/champions\/champions-final-real-madrid-liverpool_0_p93AZkZgd0.html"},"modified":"2022-05-28T00:27:05","modified_gmt":"2022-05-28T00:27:05","slug":"champions-la-final-imperdible","status":"publish","type":"post","link":"http:\/\/hoycordobaweb.com\/index.php\/2022\/05\/28\/champions-la-final-imperdible\/","title":{"rendered":"Champions: la final imperdible"},"content":{"rendered":"<p><img src=\"http:\/\/hoycordobaweb.com\/wp-content\/uploads\/2022\/05\/champions-la-final-imperdible.jpg\"><\/p>\n<p>Lleg\u00f3 el momento indicado y la final esperada. Despu\u00e9s de grandes partidos y grandes historias, <strong>la <a alt=\"champions-league\" class=\"slug\" href=\"https:\/\/www.ole.com.ar\/tema\/champions-league.html\" target=\"_blank\" title=\"champions-league\" rel=\"noopener noreferrer\">Champions League<\/a> este s\u00e1bado tendr\u00e1 a su nuevo campe\u00f3n.<\/strong> El Stade de France de Saint-Denis, al norte de Par\u00eds, ser\u00e1 la fiesta de gala del f\u00fatbol europeo. Y despu\u00e9s de tantos millones, tantas figuras y definiciones ag\u00f3nicas, dos hist\u00f3ricos ir\u00e1n por un nuevo t\u00edtulo.<strong> <a alt=\"real-madrid\" class=\"slug\" href=\"https:\/\/www.ole.com.ar\/tema\/real-madrid.html\" target=\"_blank\" title=\"real-madrid\" rel=\"noopener noreferrer\">Real Madrid<\/a> y <a alt=\"liverpool\" class=\"slug\" href=\"https:\/\/www.ole.com.ar\/tema\/liverpool.html\" target=\"_blank\" title=\"liverpool\" rel=\"noopener noreferrer\">Liverpool<\/a>, cara a cara, buscar\u00e1n llenar un nuevo cap\u00edtulo de sus gloriosas vidas.<\/strong><\/p>\n<div class=\"sp__Normal\">\n<div class=\"image-embeb image-trigger\" readability=\"7\">\n<picture><source media=\"(min-width: 720px)\" srcset=\"http:\/\/hoycordobaweb.com\/wp-content\/uploads\/2022\/05\/champions-la-final-imperdible-2.jpg\"><img itemprop=\"image\" src=\"http:\/\/hoycordobaweb.com\/wp-content\/uploads\/2022\/05\/champions-la-final-imperdible-2.jpg\" loading=\"lazy\" alt=\"Benzema, el goleador e \u00eddolo de las remontadas en esta edici\u00f3n, va por otro t\u00edtulo (EFE).\">\n<\/picture><figcaption readability=\"4\">\n<p>Benzema, el goleador e \u00eddolo de las remontadas en esta edici\u00f3n, va por otro t\u00edtulo (EFE).\n<\/p>\n<\/figcaption><\/div>\n<\/div>\n<p><strong>Los blancos, reyes de esta competici\u00f3n m\u00e1s que nadie, volvieron a dejar eso en claro en el camino a esta final.<\/strong> Ganaron sin sobresaltos su grupo pese a que el modesto Sheriff sorprendi\u00f3 en el Bernab\u00e9u. Pas\u00f3 al equipo de Moldavia, al Shakhtar y al Inter. Pero lo mejor se vio de octavos para adelante con tres remontadas para el recuerdo. Primero al PSG de Lionel Messi y Kylian Mbapp\u00e9. Estaba 0-2 en el global y, con un hat-trick de Karim Benzema, le tir\u00f3 la chapa encima a los parisinos que siguen esperando su bautismo europeo. Como si eso fuera poco, en cuartos ante el Chelsea, lo volvi\u00f3 a hacer. Tras imponerse 3-1 en Inglaterra, lleg\u00f3 a estar 0-3 en Madrid. Pero Rodrygo lo llev\u00f3 a tiempo extra con el 1-3 y Benzema lo remat\u00f3.<\/p>\n<div class=\"sp__Normal\">\n<div class=\"image-embeb image-trigger\" readability=\"6\">\n<picture><source media=\"(min-width: 720px)\" srcset=\"http:\/\/hoycordobaweb.com\/wp-content\/uploads\/2022\/05\/champions-la-final-imperdible-3.jpg\"><img itemprop=\"image\" src=\"http:\/\/hoycordobaweb.com\/wp-content\/uploads\/2022\/05\/champions-la-final-imperdible-3.jpg\" loading=\"lazy\" alt=\"Mohamed Salah quiere revancha de la final perdida ante el Real en 2018 (AFP).\">\n<\/picture><figcaption readability=\"2\">\n<p>Mohamed Salah quiere revancha de la final perdida ante el Real en 2018 (AFP).\n<\/p>\n<\/figcaption><\/div>\n<\/div>\n<p>Y claro, las semis ante el Manchester City fueron tremendas. Lleg\u00f3 al minuto 89 del juego de vuelta estando 3-5, Rodrygo volvi\u00f3 a aparecer con un doblete en dos minutos. Y en tiempo extra, otra vez el N\u00b0 9 le mostr\u00f3 la puerta de salida a los Ciudadanos. Los tres equipos, inflados por los millones de sus due\u00f1os, quedaron de rodillas ante el Real, que se asegur\u00f3 otra definici\u00f3n.<\/p>\n<div class=\"sp__SM\">\n<div class=\"content-new \">\n<span class=\"tit-mobile\">Mir\u00e1 tambi\u00e9n<\/span><\/p>\n<div class=\"mg\">\n<div class=\"wrap-figure\">\n<picture>\n<a href=\"https:\/\/www.ole.com.ar\/boca-juniors\/boca-juniors-riquelme-champions_0_cGleYhw0dT.html\" target=\"_self\" rel=\"noopener noreferrer\"><br \/>\n<img class=\"img-responsive\" alt=\"Riquelme en Europa: final de Champions e Italia-Argentina\" src=\"http:\/\/hoycordobaweb.com\/wp-content\/uploads\/2022\/05\/champions-la-final-imperdible-4.jpg\" loading=\"lazy\"><br \/>\n<\/a>\n<\/picture>\n<\/div>\n<\/div><\/div>\n<\/div>\n<p><strong>Por su parte, el Liverpool no tuvo que sufrir tanto y con su jerarqu\u00eda le bast\u00f3 para ser finalista.<\/strong> Gan\u00f3 su grupo con puntaje ideal pese a tener rivales de peso (Atl\u00e9tico Madrid, Milan y Porto). En octavos dej\u00f3 en el camino al Inter (2-0 y 0-1 en Anfield, el \u00fanico que le gan\u00f3 all\u00ed en la temporada); en cuartos, fue 3-1 y 3-3 vs. Benfica. Y en semifinales, se encontr\u00f3 con un Villarreal que le opuso resistencia aunque igual lo venci\u00f3. Tras el 2-0 de la ida, lleg\u00f3 a estar 0-2 en Espa\u00f1a aunque lo gan\u00f3 3-2 y se meti\u00f3 en su tercera definici\u00f3n desde que asumi\u00f3 J\u00fcrgen Klopp.<\/p>\n<div class=\"sp__SM\">\n<div class=\"content-new \">\n<span class=\"tit-mobile\">Mir\u00e1 tambi\u00e9n<\/span><\/p>\n<div class=\"mg\">\n<div class=\"wrap-figure\">\n<picture>\n<a href=\"https:\/\/www.ole.com.ar\/river-plate\/gallardo-roland-garros-river_0_ikg8zifpwR.html\" target=\"_self\" rel=\"noopener noreferrer\"><br \/>\n<img class=\"img-responsive\" alt=\"Gallardo, espectador de lujo en Roland Garros en medio del sorteo\" src=\"http:\/\/hoycordobaweb.com\/wp-content\/uploads\/2022\/05\/champions-la-final-imperdible-5.jpg\" loading=\"lazy\"><br \/>\n<\/a>\n<\/picture>\n<\/div>\n<\/div><\/div>\n<\/div>\n<p>\u201cLa temporada ha sido excepcional aunque todo se mirar\u00e1 por el color de la medalla.<strong> La historia dice que el favorito es el Real Madrid, aunque no me importa.<\/strong> Si lo hacemos a nuestro nivel, vamos a competir y muy bien\u201d, <strong>opin\u00f3 el t\u00e9cnico alem\u00e1n<\/strong>, valorando el status de los blancos pero confiando en lograr el t\u00edtulo.<\/p>\n<div class=\"sp__Normal\">\n<div class=\"image-embeb image-trigger\" readability=\"6\">\n<picture><source media=\"(min-width: 720px)\" srcset=\"http:\/\/hoycordobaweb.com\/wp-content\/uploads\/2022\/05\/champions-la-final-imperdible-6.jpg\"><img itemprop=\"image\" src=\"http:\/\/hoycordobaweb.com\/wp-content\/uploads\/2022\/05\/champions-la-final-imperdible-6.jpg\" loading=\"lazy\" alt=\"Klopp gan\u00f3 la Champions en 2019 y cay\u00f3 en la final del 2018 vs. Real (AP).\">\n<\/picture><figcaption readability=\"2\">\n<p>Klopp gan\u00f3 la Champions en 2019 y cay\u00f3 en la final del 2018 vs. Real (AP).\n<\/p>\n<\/figcaption><\/div>\n<\/div>\n<p>\u201c<a href=\"https:\/\/www.ole.com.ar\/futbol-internacional\/champions\/final-champions-ancelotti-real_0_nAKAT54WgK.html\" target=\"_blank\" rel=\"noopener noreferrer\">S\u00e9 que ma\u00f1ana (s\u00e1bado) por la tarde llegar\u00e1 un poco de preocupaci\u00f3n pero<\/a><strong><a href=\"https:\/\/www.ole.com.ar\/futbol-internacional\/champions\/final-champions-ancelotti-real_0_nAKAT54WgK.html\" target=\"_blank\" rel=\"noopener noreferrer\"> la cara de los jugadores me da mucha confianza<\/a>\u201d, afirm\u00f3, por su parte, Carlo Ancelotti.<\/strong> El italiano gan\u00f3 tres Orejonas (dos con el Milan y otra con el Real). Pero el Liverpool lo complic\u00f3 en su vida: como jugador, lo sufri\u00f3 en la Roma en la edici\u00f3n de 1984, y como DT del Milan perdi\u00f3 una final que iba ganando 3-0, en 2005. <strong>Ahora, de triunfar ser\u00e1 el \u00fanico con cuatro t\u00edtulos<\/strong>, y despu\u00e9s de haber firmado el r\u00e9cord de exclusividad en ganar las cinco ligas top tras conseguir la de Espa\u00f1a, la que le faltaba.<\/p>\n<div class=\"sp__Normal\">\n<div class=\"image-embeb image-trigger\" readability=\"6.5\">\n<picture><source media=\"(min-width: 720px)\" srcset=\"http:\/\/hoycordobaweb.com\/wp-content\/uploads\/2022\/05\/champions-la-final-imperdible-7.jpg\"><img itemprop=\"image\" src=\"http:\/\/hoycordobaweb.com\/wp-content\/uploads\/2022\/05\/champions-la-final-imperdible-7.jpg\" loading=\"lazy\" alt=\"Ancelotti va por su cuarta Champions como DT, que ser\u00eda otro r\u00e9cord (AFP).\">\n<\/picture><figcaption readability=\"3\">\n<p>Ancelotti va por su cuarta Champions como DT, que ser\u00eda otro r\u00e9cord (AFP).\n<\/p>\n<\/figcaption><\/div>\n<\/div>\n<h2><strong>FIGURAS ADENTRO&#8230; \u00a1Y AFUERA!<\/strong><\/h2>\n<p><strong>Una final que a principio de temporada estaba estipulada para que fuera en San Petersburgo. Pero, por la invasi\u00f3n rusa en Ucrania, la UEFA decidi\u00f3 cambiar a Par\u00eds<\/strong> y el Stade de France, que lucir\u00e1 colmado con 80.000 espectadores. Y, justo en el medio de Roland Garros y en la antesala del Gran Premio de M\u00f3naco de F\u00f3rmula 1 (este domingo), en Francia <strong>est\u00e1n todas las grandes personalidades<\/strong>.<strong> Zinedine Zidane<\/strong>, ganador de las \u00faltimas tres Orejonas blancas, dir\u00e1 presente. <strong>Rafael Nadal<\/strong>, quien hoy tendr\u00e1 el s\u00e1bado&nbsp;libre en el Abierto de Francia, <a data-cke-saved-href=\"https:\/\/www.ole.com.ar\/tenis\/nadal-real-madrid-campeon-roland-garros_0_ThkNzIZe8b.html\" target=\"_blank\" href=\"https:\/\/www.ole.com.ar\/tenis\/nadal-real-madrid-campeon-roland-garros_0_ThkNzIZe8b.html\" rel=\"noopener noreferrer\">dijo que tiene su entrada<\/a>. <strong>Marcelo Gallardo<\/strong> <a data-cke-saved-href=\"https:\/\/www.ole.com.ar\/river-plate\/gallardo-roland-garros-river_0_ikg8zifpwR.html\" target=\"_blank\" href=\"https:\/\/www.ole.com.ar\/river-plate\/gallardo-roland-garros-river_0_ikg8zifpwR.html\" rel=\"noopener noreferrer\">est\u00e1 en Par\u00eds y asistir\u00e1<\/a>. Y tambi\u00e9n ir\u00e1<strong> Juan Rom\u00e1n Riquelme<\/strong>, <a data-cke-saved-href=\"https:\/\/www.ole.com.ar\/boca-juniors\/boca-juniors-riquelme-champions_0_cGleYhw0dT.html\" target=\"_blank\" href=\"https:\/\/www.ole.com.ar\/boca-juniors\/boca-juniors-riquelme-champions_0_cGleYhw0dT.html\" rel=\"noopener noreferrer\">el vicepresidente de Boca, quien viaj\u00f3 este viernes.<\/a><\/p>\n<div class=\"sp__SM\">\n<div class=\"content-new \">\n<span class=\"tit-mobile\">Mir\u00e1 tambi\u00e9n<\/span><\/p>\n<div class=\"mg\">\n<div class=\"wrap-figure\">\n<picture>\n<a href=\"https:\/\/www.ole.com.ar\/tenis\/nadal-real-madrid-campeon-roland-garros_0_ThkNzIZe8b.html\" target=\"_self\" rel=\"noopener noreferrer\"><br \/>\n<img class=\"img-responsive\" alt=\"Qu\u00e9 prefiere Nadal: \u00bfcampe\u00f3n el Real Madrid o \u00e9l en Roland Garros?\" src=\"http:\/\/hoycordobaweb.com\/wp-content\/uploads\/2022\/05\/champions-la-final-imperdible-8.jpg\" loading=\"lazy\"><br \/>\n<\/a>\n<\/picture>\n<\/div>\n<\/div><\/div>\n<\/div>\n<p><a data-cke-saved-href=\"https:\/\/www.ole.com.ar\/futbol-internacional\/champions\/apuestas-champions-final-champions_0_E2VXjNdUda.html\" target=\"_blank\" href=\"https:\/\/www.ole.com.ar\/futbol-internacional\/champions\/apuestas-champions-final-champions_0_E2VXjNdUda.html\" rel=\"noopener noreferrer\"><strong>Para las apuestas, los Reds son los favoritos.<\/strong> <\/a>Con un par de dudas en el 11 (qui\u00e9n acompa\u00f1a a Van Dijk en defensa y si Thiago est\u00e1 OK), tendr\u00e1n que demostrarlo. <strong>\u201cPrefiero al Real Madrid. Tenemos una cuenta que saldar\u201d, dijo Mohamed Salah, apenas gan\u00f3 la semi<\/strong> y esperaba rival entre City y el Real. Ahora ir\u00e1 por esa revancha, ante el Madrid que lo venci\u00f3 en 2018 y le tir\u00f3 toda su chapa encima.<\/p>\n<p>Un duelo imperdible. <strong>Desde las 16 de este s\u00e1bado (televisa ESPN), dos grandes de verdad pelear\u00e1n por el trofeo<\/strong> que tendr\u00e1 las miradas del mundo. Oh la l\u00e1&#8230; \u00a1Qu\u00e9 final!<\/p>\n<h2><strong>\u00a1UN DESEMPATE!<\/strong><\/h2>\n<p>Como si le faltara otro condimento,<strong> esta final es la m\u00e1s repetida de la historia de la Copa de Europa.&nbsp;Ser\u00e1 la tercera vez de un Real Madrid vs. Liverpool<\/strong>, y con una victoria para cada lado. La de este 2022 marcar\u00e1 el desempate.<\/p>\n<p><strong>En 1981, hace 41 a\u00f1os, la alegr\u00eda fue de los Reds y curiosamente tambi\u00e9n fue en Par\u00eds<\/strong>, aunque en el Parque de los Pr\u00edncipes, el estadio del PSG. Aquella vez<strong> fue un 1-0, con gol de Alan Kennedy, lateral izquierdo, sobre el final. <\/strong>Y termin\u00f3 representado un hecho significativo. No s\u00f3lo porque fue la tercera Orejona para los ingleses, sino porque <mark>esa fue la \u00faltima vez que el Real Madrid perdi\u00f3 una final de Copa de Europa.<\/mark><\/p>\n<div class=\"sp__SM\">\n<div class=\"content-new \">\n<span class=\"tit-mobile\">Mir\u00e1 tambi\u00e9n<\/span><\/p>\n<div class=\"mg\">\n<div class=\"wrap-figure\">\n<picture>\n<a href=\"https:\/\/www.ole.com.ar\/futbol-primera\/river-boca-champions-riquelme-gallardo_0_NFmKiSjg4a.html\" target=\"_self\" rel=\"noopener noreferrer\"><br \/>\n<img class=\"img-responsive\" alt=\"\u00a1Gallardo y Riquelme, juntos en Par\u00eds!\" src=\"http:\/\/hoycordobaweb.com\/wp-content\/uploads\/2022\/05\/champions-la-final-imperdible-9.jpg\" loading=\"lazy\"><br \/>\n<\/a>\n<\/picture>\n<\/div>\n<\/div><\/div>\n<\/div>\n<p><strong>Desde entonces, lleg\u00f3 a siete y gan\u00f3 las siete<\/strong>: Juventus (1998), Valencia (2000, en el mismo Stade de France donde se juega este s\u00e1bado), al Leverkusen (2002), Atl\u00e9tico (2014 y 2016), Juventus (2017) y Liverpool (2018).<strong> La \u00faltima vez que la Casa Blanca levant\u00f3 su Champions tan amada fue justamente ante los Reds, dirigidos por el mism\u00edsimo Klopp.<\/strong> Fue aquella final de Kiev que qued\u00f3 marcada por varias cosas: fue el \u00faltimo partido de Cristiano Ronaldo en el Merengue, Gareth Bale hizo dos goles (uno de chilena) pero <strong>el protagonista termin\u00f3 siendo Lorius Karius, el arquero alem\u00e1n del equipo ingl\u00e9s que cometi\u00f3 dos errores groseros <\/strong>que le costaron la derrota y mucho m\u00e1s&#8230;<\/p>\n<div class=\"sp__SM\">\n<div class=\"content-new \">\n<span class=\"tit-mobile\">Mir\u00e1 tambi\u00e9n<\/span><\/p>\n<div class=\"mg\">\n<div class=\"wrap-figure\">\n<picture>\n<a href=\"https:\/\/www.ole.com.ar\/futbol-internacional\/champions\/juan-dios-champions-league_0_DB4RaSfUQR.html\" target=\"_self\" rel=\"noopener noreferrer\"><br \/>\n<img class=\"img-responsive\" alt=\"La predicci\u00f3n de Juan de Dios sobre la final de la Champions\" src=\"http:\/\/hoycordobaweb.com\/wp-content\/uploads\/2022\/05\/champions-la-final-imperdible-10.jpg\" loading=\"lazy\"><br \/>\n<\/a>\n<\/picture>\n<\/div>\n<\/div><\/div>\n<\/div>\n<p>Hoy, otra vez frente a frente.<strong> El Liverpool ir\u00e1 por su s\u00e9ptima Champions para igualar al Rossonero como el segundo m\u00e1s ganador.<\/strong> Todos, claro, detr\u00e1s del <strong>Real Madrid, que tiene 13 y va por la N\u00b0 14 <\/strong>y seguir de racha.<\/p>\n<div class=\"entry-tags\">\n<h2>TEMAS QUE APARECEN EN ESTA NOTA<\/h2>\n<\/p><\/div>\n","protected":false},"excerpt":{"rendered":"<p>Lleg\u00f3 el momento indicado y la final esperada. Despu\u00e9s de grandes partidos y grandes historias, la Champions League este s\u00e1bado tendr\u00e1 a su nuevo campe\u00f3n. El Stade de France de Saint-Denis, al norte de Par\u00eds, ser\u00e1 la fiesta de gala del f\u00fatbol europeo. Y despu\u00e9s de tantos millones, tantas figuras y definiciones ag\u00f3nicas, dos hist\u00f3ricos [&hellip;]<\/p>\n","protected":false},"author":1,"featured_media":42248,"comment_status":"open","ping_status":"closed","sticky":false,"template":"","format":"standard","meta":[],"categories":[16],"tags":[],"_links":{"self":[{"href":"http:\/\/hoycordobaweb.com\/index.php\/wp-json\/wp\/v2\/posts\/42247"}],"collection":[{"href":"http:\/\/hoycordobaweb.com\/index.php\/wp-json\/wp\/v2\/posts"}],"about":[{"href":"http:\/\/hoycordobaweb.com\/index.php\/wp-json\/wp\/v2\/types\/post"}],"author":[{"embeddable":true,"href":"http:\/\/hoycordobaweb.com\/index.php\/wp-json\/wp\/v2\/users\/1"}],"replies":[{"embeddable":true,"href":"http:\/\/hoycordobaweb.com\/index.php\/wp-json\/wp\/v2\/comments?post=42247"}],"version-history":[{"count":0,"href":"http:\/\/hoycordobaweb.com\/index.php\/wp-json\/wp\/v2\/posts\/42247\/revisions"}],"wp:featuredmedia":[{"embeddable":true,"href":"http:\/\/hoycordobaweb.com\/index.php\/wp-json\/wp\/v2\/media\/42248"}],"wp:attachment":[{"href":"http:\/\/hoycordobaweb.com\/index.php\/wp-json\/wp\/v2\/media?parent=42247"}],"wp:term":[{"taxonomy":"category","embeddable":true,"href":"http:\/\/hoycordobaweb.com\/index.php\/wp-json\/wp\/v2\/categories?post=42247"},{"taxonomy":"post_tag","embeddable":true,"href":"http:\/\/hoycordobaweb.com\/index.php\/wp-json\/wp\/v2\/tags?post=42247"}],"curies":[{"name":"wp","href":"https:\/\/api.w.org\/{rel}","templated":true}]}}