{"id":42201,"date":"2022-05-26T15:52:02","date_gmt":"2022-05-26T15:52:02","guid":{"rendered":"https:\/\/www.mujerhoy.com\/vivir\/gastronomia\/zaragoza-florece-gastro-musica-primavera-20220526103812-nt.html"},"modified":"2022-05-26T15:52:02","modified_gmt":"2022-05-26T15:52:02","slug":"zaragoza-florece-musica-flores-cocteles-y-gastronomia-en-un-festival-que-celebra-la-primavera","status":"publish","type":"post","link":"http:\/\/hoycordobaweb.com\/index.php\/2022\/05\/26\/zaragoza-florece-musica-flores-cocteles-y-gastronomia-en-un-festival-que-celebra-la-primavera\/","title":{"rendered":"Zaragoza florece: m\u00fasica, flores, c\u00f3cteles y gastronom\u00eda en un festival que celebra la primavera"},"content":{"rendered":"<p><!-- AUTHOR --><!-- COMPONENTS --><\/p>\n<p class=\"voc-paragraph\">Con la llegada de la primavera las <a data-voc-vtm-id=\"in-text-traffic\" href=\"https:\/\/www.mujerhoy.com\/moda\/no-te-pierdas\/vestido-flores-favorecedor-zara-favorito-influencers-look-diario-eventos-20220330081654-nt.html\" title=\"www.mujerhoy.com\">flores<\/a>, las <a data-voc-vtm-id=\"in-text-traffic\" href=\"https:\/\/www.mujerhoy.com\/vivir\/ocio\/terrazas-invierno-restaurantes-espanaestan-moda-bonitas-20220226102223-nt.html\" title=\"www.mujerhoy.com\">terrazas<\/a> y los <a data-voc-vtm-id=\"in-text-traffic\" href=\"https:\/\/www.mujerhoy.com\/actualidad\/festival-cine-moda-barcelona-mary-quant-karl-lagerfeld-20220429130258-nt.html\" title=\"www.mujerhoy.com\">festivales<\/a> vuelven a nuestras vidas. Y en Zaragoza no van a esperar m\u00e1s a celebrar este maravilloso momento del a\u00f1o y desde hoy jueves y hasta el pr\u00f3ximo domingo la capital ma\u00f1a celebra la segunda edici\u00f3n de <strong>Zaragoza Florece<\/strong>. Un encuentro en el que las flores, la cultura y la gastronom\u00eda se dan la mano en el Parque Grande Jos\u00e9 Antonio Labordeta para convertirse en una excelente excusa para visitar la ciudad y disfrutarla en su m\u00e1ximo esplendor. <\/p>\n<p class=\"voc-paragraph\">Como no podr\u00eda ser de otra manera, a la vista de su nombre, las flores son unas de las grandes protagonistas del festival, y en esta edici\u00f3n el n\u00famero de flores utilizadas ser\u00e1 un 30% mayor al de la edici\u00f3n anterior, alcanzando las 65.000. Todas ellas se utilizar\u00e1n en las <strong>intervenciones florales<\/strong> que engalanar\u00e1n el parque, hasta un total de seis, y que corren a cargo de maestros floristas de gran reconocimiento como Garles J. Fontanillas, Myriam Aznar, Rosa Valls y Sefa Tur, que ya participaron en la pasada edici\u00f3n. Carlos Curbelo, Guillermo Lasso y la Asociaci\u00f3n de Floristas de Arag\u00f3n se estrenar\u00e1n en el certamen. <\/p>\n<div class=\"voc-detail__cmp\">\n<div class=\"voc-article-container\">\n<article class=\"voc-article voc-article--cmp-photo-text\" readability=\"26.5\">\n<div class=\"voc-img-container\" readability=\"8\"><picture>\n<div class=\"voc-horizontal voc-img-icon-link\"><img class=\"lazy\" loading=\"lazy\" data-original=\"\/\/static1.mujerhoy.com\/www\/multimedia\/202205\/26\/media\/cortadas\/Zaragoza-florece-kiosco-kfsE--624x624@MujerHoy.jpg\" alt=\"La programaci\u00f3n de Zaragoza Florece est\u00e1 dedicada al p\u00fablico de todas las edades. \"><\/div>\n<\/picture>\n<p class=\"figure-caption \"> La programaci\u00f3n de Zaragoza Florece est\u00e1 dedicada al p\u00fablico de todas las edades. \/ <span class=\"voc-photo-author\"> Zaragoza Florece <\/span><\/p>\n<\/div>\n<\/article>\n<\/div>\n<\/div>\n<p class=\"voc-paragraph\">El hilo conductor del festival, junto a las flores, es la m\u00fasica, que desde las 12 del mediod\u00eda y hasta la medianoche crear\u00e1 una atm\u00f3sfera muy especial en el parque con una programaci\u00f3n que combina<br \/>\n<strong> grupos musicales, solistas, djs y m\u00fasicos.<\/strong> El quiosco de la m\u00fasica, la escalinata del batallador, el puente de los cantautores y la zona de picnic son algunos de los lugares en los que podremos disfrutar de diferentes g\u00e9neros musicales, de la m\u00fasica cl\u00e1sica a la urbana, pasando por el pop y el jazz. <\/p>\n<p class=\"voc-paragraph\">La zona gastron\u00f3mica de Zaragoza Florece estar\u00e1 compuesta por 10 caravanas, o foodtrucks diferentes, que contar\u00e1n con una gran variedad de propuestas culinarias. Desde bocadillos gourmet a croquetas, pasando por alimentos veganos, la <strong>asociaci\u00f3n de foodtrucks de Arag\u00f3n<\/strong> ha preparado un mercado callejero en el que la comida creativa y saludable son el ingrediente principal de sus men\u00fas. Porque a las caravanas de comida se suman otras dos en las que se podr\u00e1n comprar las bebidas. Y para degustarlas la organizaci\u00f3n ha dispuesto dos zonas de picnic en las que ha creado el chill out perfecto para descansar y relajarse mientras se disfruta de la m\u00fasica de fondo. <\/p>\n<div class=\"voc-detail__cmp\">\n<div class=\"voc-article-container\">\n<article class=\"voc-article voc-article--cmp-photo-text\" readability=\"26\">\n<div class=\"voc-img-container\" readability=\"7\"><picture>\n<div class=\"voc-horizontal voc-img-icon-link\"><img class=\"lazy\" loading=\"lazy\" data-original=\"\/\/static1.mujerhoy.com\/www\/multimedia\/202205\/26\/media\/cortadas\/Zaragoza-florece-comida-kfsE--624x624@MujerHoy.jpg\" alt=\"La gastronom\u00eda tambi\u00e9n est\u00e1 muy presente en Zaragoza Florece\"><\/div>\n<\/picture>\n<p class=\"figure-caption \"> La gastronom\u00eda tambi\u00e9n est\u00e1 muy presente en Zaragoza Florece \/ <span class=\"voc-photo-author\"> Zaragoza Florece <\/span><\/p>\n<\/div>\n<\/article>\n<\/div>\n<\/div>\n<p class=\"voc-paragraph\">Pero esta no ser\u00e1 la \u00fanica vertiente gastron\u00f3mica que tendr\u00e1 esta celebraci\u00f3n, ya que del 19 al 29 de mayo 49 establecimientos de la ciudad se sumar\u00e1n a la fiesta de las flores con <strong>propuestas gastron\u00f3micas y de cocteler\u00eda<\/strong> en torno a las flores. Ha sido la bebida refrescante 49 Millons la encargada de dise\u00f1ar esta ruta en la que el amante del buen comer y beber podr\u00e1 degustar platos, tapas, meriendas y algunas de las propuestas culinarias que est\u00e1n de moda, como el brunch o lo mejor de la mixolog\u00eda. <\/p>\n<p class=\"voc-paragraph\">Los m\u00e1s peque\u00f1os tambi\u00e9n tienen un lugar especial en la programaci\u00f3n de Zaragoza Florece y durante el fin de semana disfrutar\u00e1n de La loca historia del rock, de la mano de Cucumber Kids, el Freakshow del Circo la Raspa y los cl\u00e1sicos T\u00edteres de la Cachiporra del Teatro Arbol\u00e9. A ellos se suman los booktrucks, una oportunidad \u00fanica para <strong>leer al aire libre con los m\u00e1s peque\u00f1os<\/strong>, un taller de origami que les ense\u00f1ar\u00e1 el arte de la papiroflexia y el cuentacuentos Aves Viajeras, de la mano de una educadora ambiental que pondr\u00e1 el valor la emigraci\u00f3n de las aves.\n<\/p>\n<div class=\"voc-detail__cmp\">\n<div class=\"voc-article-container\">\n<article class=\"voc-article voc-article--cmp-photo-text\" readability=\"26.5\">\n<div class=\"voc-img-container\" readability=\"8\"><picture>\n<div class=\"voc-horizontal voc-img-icon-link\"><img class=\"lazy\" loading=\"lazy\" data-original=\"\/\/static1.mujerhoy.com\/www\/multimedia\/202205\/26\/media\/cortadas\/Zaragoza-florece-noche-kfsE--624x624@MujerHoy.jpg\" alt=\"Atardecer en el parque grande Jos\u00e9 Antonio Labordeta durante la \u00faltima edici\u00f3n del festival. \"><\/div>\n<\/picture>\n<p class=\"figure-caption \"> Atardecer en el parque grande Jos\u00e9 Antonio Labordeta durante la \u00faltima edici\u00f3n del festival. \/ <span class=\"voc-photo-author\"> zARAGOZA fLORECE <\/span><\/p>\n<\/div>\n<\/article>\n<\/div>\n<\/div>\n<p class=\"voc-paragraph\">Zaragoza Florece ha querido <strong>extenderse por toda la ciudad<\/strong> y algunos de los edificios m\u00e1s importantes de la capital se sumar\u00e1n al festival con decoraciones especiales. Tambi\u00e9n hay que destacar la decoraci\u00f3n especial de lugares emblem\u00e1ticos como la Plaza de Espa\u00f1a y la Plaza de las Aguadoras, en el barrio de las Fuentes, y la celebraci\u00f3n de El Tubo Florece. <\/p>\n<p class=\"voc-paragraph\">Adem\u00e1s, en diversos espacios del Parque Grande Jos\u00e9 Antonio Labordeta la organizaci\u00f3n ha instalado<br \/>\n<strong> puntos selfie<\/strong> en los que los participantes pueden fotografiarse y compartir las im\u00e1genes en sus redes sociales. Dos girasoles enormes, dos bicicletas floridas, un banco de madera o el logo del festival son algunos de los elementos con los que podemos inmortalizar una celebraci\u00f3n en la que lo mejor del buen tiempo se celebra y se disfruta en un fin de semana perfecto para despedir el mes de mayo. <\/p>\n<div class=\"voc-detail__cmp voc-detail__cmp--pad-lr voc-detail__cmp--pad-lr--bdr\">\n<div class=\"voc-ficha-detail__wrapper\">\n<section class=\"voc-ficha-detail\">\n<h4 class=\"voc-ficha-detail-title voc-title-section\">TE RECOMENDAMOS<\/h4>\n<\/section>\n<\/div>\n<\/div>\n<p><!-- TOPICS --><\/p>\n","protected":false},"excerpt":{"rendered":"<p>Con la llegada de la primavera las flores, las terrazas y los festivales vuelven a nuestras vidas. Y en Zaragoza no van a esperar m\u00e1s a celebrar este maravilloso momento del a\u00f1o y desde hoy jueves y hasta el pr\u00f3ximo domingo la capital ma\u00f1a celebra la segunda edici\u00f3n de Zaragoza Florece. Un encuentro en el [&hellip;]<\/p>\n","protected":false},"author":1,"featured_media":42202,"comment_status":"closed","ping_status":"closed","sticky":false,"template":"","format":"standard","meta":[],"categories":[1],"tags":[],"_links":{"self":[{"href":"http:\/\/hoycordobaweb.com\/index.php\/wp-json\/wp\/v2\/posts\/42201"}],"collection":[{"href":"http:\/\/hoycordobaweb.com\/index.php\/wp-json\/wp\/v2\/posts"}],"about":[{"href":"http:\/\/hoycordobaweb.com\/index.php\/wp-json\/wp\/v2\/types\/post"}],"author":[{"embeddable":true,"href":"http:\/\/hoycordobaweb.com\/index.php\/wp-json\/wp\/v2\/users\/1"}],"replies":[{"embeddable":true,"href":"http:\/\/hoycordobaweb.com\/index.php\/wp-json\/wp\/v2\/comments?post=42201"}],"version-history":[{"count":0,"href":"http:\/\/hoycordobaweb.com\/index.php\/wp-json\/wp\/v2\/posts\/42201\/revisions"}],"wp:featuredmedia":[{"embeddable":true,"href":"http:\/\/hoycordobaweb.com\/index.php\/wp-json\/wp\/v2\/media\/42202"}],"wp:attachment":[{"href":"http:\/\/hoycordobaweb.com\/index.php\/wp-json\/wp\/v2\/media?parent=42201"}],"wp:term":[{"taxonomy":"category","embeddable":true,"href":"http:\/\/hoycordobaweb.com\/index.php\/wp-json\/wp\/v2\/categories?post=42201"},{"taxonomy":"post_tag","embeddable":true,"href":"http:\/\/hoycordobaweb.com\/index.php\/wp-json\/wp\/v2\/tags?post=42201"}],"curies":[{"name":"wp","href":"https:\/\/api.w.org\/{rel}","templated":true}]}}