{"id":42197,"date":"2022-05-27T11:39:39","date_gmt":"2022-05-27T11:39:39","guid":{"rendered":"https:\/\/www.mujerhoy.com\/moda\/tendencias\/vestido-azul-edicion-limitada-zara-parece-lujo-sienta-muy-bien-tipazo-20220527133800-nt.html"},"modified":"2022-05-27T11:39:39","modified_gmt":"2022-05-27T11:39:39","slug":"el-espectacular-vestido-azul-de-edicion-limitada-low-cost-que-ha-conquistado-a-las-influencers-porque-parece-de-lujo","status":"publish","type":"post","link":"http:\/\/hoycordobaweb.com\/index.php\/2022\/05\/27\/el-espectacular-vestido-azul-de-edicion-limitada-low-cost-que-ha-conquistado-a-las-influencers-porque-parece-de-lujo\/","title":{"rendered":"El espectacular vestido azul de edici\u00f3n limitada low cost que ha conquistado a las influencers porque parece de lujo"},"content":{"rendered":"<p><!-- AUTHOR --><!-- COMPONENTS --><\/p>\n<p class=\"voc-paragraph\">Ahora que los d\u00edas son m\u00e1s largos, tenemos m\u00e1s quedadas y eventos, el clima es c\u00e1lido y nos encontramos de mejor humor de cara a las inminentes vacaciones, todas nos queremos estar perfectas de pies a cabeza. Por eso, no solo nos enfocamos en preparar nuestro rostro y cuerpo para el verano, tambi\u00e9n elaboramos m\u00e1s los modelitos, cuidando la est\u00e9tica al mil\u00edmetro con accesorios, bonitas <a data-voc-vtm-id=\"in-text-traffic\" href=\"https:\/\/www.mujerhoy.com\/moda\/tendencias\/sandalias-griegas-calzado-verano-influencers-marca-made-spain-instagram-20220525141214-nt.html\">sandalias<\/a>,<br \/>\n<a data-voc-vtm-id=\"in-text-traffic\" href=\"https:\/\/www.mujerhoy.com\/moda\/tendencias\/vestido-rosa-punto-asimetrico-elegante-favorecedor-zara-look-diario-invitada-20220511140517-nt.html\"> vestidos deslumbrantes<\/a> y mucho m\u00e1s <a data-voc-vtm-id=\"in-text-traffic\" href=\"https:\/\/www.mujerhoy.com\/moda\/no-te-pierdas\/conjunto-flores-top-pantalon-low-cost-stradivarius-favorecedor-20220506090826-nt.html\">colorido<\/a>. <strong>Cualquier ocasi\u00f3n es una buena excusa para ponernos de punta en blanco<\/strong>, sacar a relucir nuestro lado m\u00e1s fashionista y realzar nuestra belleza.\n<\/p>\n<p class=\"voc-paragraph\">Para muestra, los looks de las <strong>influencers<\/strong> que cada vez son m\u00e1s originales, llamativos y estilosos. Ellas nos indican cu\u00e1les son <strong>las mejores compras de la temporada<\/strong> y nos descubren piezas que quiz\u00e1s nos han pasado desapercibidas, pero cuando las vemos puestas en ellas nos conquistan instant\u00e1neamente. Para marcar tendencia, sea cual sea la cita, las mejor vestidas de Instagram han elegido un <strong>mini vestido que parece salido de la pasarela<\/strong>, en un tono muy favorecedor y a la moda, que encontrar\u00e1s en la nueva colecci\u00f3n de <strong>Zara<\/strong>.\n<\/p>\n<p class=\"voc-paragraph\">En las \u00faltimas novedades del gigante de Inditex aparici\u00f3n una colecci\u00f3n capsula que caus\u00f3 furor en redes sociales por lo impresionante y espectacular de sus dise\u00f1os. Bajo el nombre <strong>&#8216;La Nuit&#8217;<\/strong>, Zara presentaba una serie de <strong>prendas Limited Edition<\/strong> con mucha creatividad, vol\u00famenes, cortes originales y en colores que son el \u00faltimo grito est\u00e1 temporada.\n<\/p>\n<div class=\"voc-detail-photo-zoom\"><picture data-toggle=\"modal\" data-target=\"#photoZoomModal-88\" target=\"modal\">\n<div class=\"voc-img-icon-link\"><img loading=\"lazy\" data-original=\"\/\/static3.mujerhoy.com\/www\/multimedia\/202205\/26\/media\/cortadas\/vestido-azul-kcpF--460x637@MujerHoy.jpg\" class=\"lazy\"><noscript><img src=\"http:\/\/hoycordobaweb.com\/wp-content\/uploads\/2022\/05\/el-espectacular-vestido-azul-de-edicion-limitada-low-cost-que-ha-conquistado-a-las-influencers-porque-parece-de-lujo.jpg\"><\/noscript><i class=\"voc-icons zoom voc-multimedia-box voc-ico-l\"><\/i><\/div><figcaption class=\"figure-caption\"><\/figcaption><\/picture><\/div>\n<div id=\"photoZoomModal-88\" class=\"voc-lightbox modal fade voc-lightbox--photo-zoom\" role=\"dialog\" data-voc-photozoom-lightbox>\n<div class=\"voc-lightbox__dialog\" role=\"document\">\n<div class=\"voc-lightbox__content\"><!-- Modal header --><!-- Modal content --><\/p>\n<div class=\"voc-lightbox__photo-container\"><picture class><img loading=\"lazy\" data-original=\"\/\/static3.mujerhoy.com\/www\/multimedia\/202205\/26\/media\/cortadas\/vestido-azul-kcpF--460x637@MujerHoy.jpg\" class=\"lazy\"><noscript><img src=\"http:\/\/hoycordobaweb.com\/wp-content\/uploads\/2022\/05\/el-espectacular-vestido-azul-de-edicion-limitada-low-cost-que-ha-conquistado-a-las-influencers-porque-parece-de-lujo.jpg\"><\/noscript><\/picture><\/div>\n<\/div>\n<\/div>\n<\/div>\n<p class=\"voc-paragraph\">Aunque est\u00e9n ideadas para los looks de noche, estas prendas son llevadas por las influencers tanto para diario como para eventos. Si bien no son nada discretas, su atractivo y lo bien que sientan har\u00e1n que saques tu faceta m\u00e1s atrevida y quieres pon\u00e9rtelas en todo momento.\n<\/p>\n<p class=\"voc-paragraph\">Mucha popularidad ganaron sus tops con relieves y un vestido amarillo brillante. Ahora, la atenci\u00f3n est\u00e1 puesta sobre otro vestido corto a la altura de los anteriores.\n<\/p>\n<div class=\"voc-detail-photo-zoom\"><picture data-toggle=\"modal\" data-target=\"#photoZoomModal-742\" target=\"modal\">\n<div class=\"voc-img-icon-link\"><img loading=\"lazy\" data-original=\"\/\/static3.mujerhoy.com\/www\/multimedia\/202205\/26\/media\/cortadas\/vestido-azul-close-kcpF--460x637@MujerHoy.jpg\" class=\"lazy\"><noscript><img src=\"http:\/\/hoycordobaweb.com\/wp-content\/uploads\/2022\/05\/el-espectacular-vestido-azul-de-edicion-limitada-low-cost-que-ha-conquistado-a-las-influencers-porque-parece-de-lujo-1.jpg\"><\/noscript><i class=\"voc-icons zoom voc-multimedia-box voc-ico-l\"><\/i><\/div><figcaption class=\"figure-caption\"><\/figcaption><\/picture><\/div>\n<div id=\"photoZoomModal-742\" class=\"voc-lightbox modal fade voc-lightbox--photo-zoom\" role=\"dialog\" data-voc-photozoom-lightbox>\n<div class=\"voc-lightbox__dialog\" role=\"document\">\n<div class=\"voc-lightbox__content\"><!-- Modal header --><!-- Modal content --><\/p>\n<div class=\"voc-lightbox__photo-container\"><picture class><img loading=\"lazy\" data-original=\"\/\/static3.mujerhoy.com\/www\/multimedia\/202205\/26\/media\/cortadas\/vestido-azul-close-kcpF--460x637@MujerHoy.jpg\" class=\"lazy\"><noscript><img src=\"http:\/\/hoycordobaweb.com\/wp-content\/uploads\/2022\/05\/el-espectacular-vestido-azul-de-edicion-limitada-low-cost-que-ha-conquistado-a-las-influencers-porque-parece-de-lujo-1.jpg\"><\/noscript><\/picture><\/div>\n<\/div>\n<\/div>\n<\/div>\n<p class=\"voc-paragraph\">La prenda que recibe ahora todo el amor de las mejor vestidas se trata de un <strong>vestido corto Limited Edition en color azul\u00f3n<\/strong>. Es un dise\u00f1o de cuello redondo, manga sisa amplia, falda acomodada al cuerpo y tiene mucho <strong>volumen y pliegues en la parte del cuerpo<\/strong>. La parte frontal y la espalda cuentan con una peque\u00f1a abertura. Y, se decora con una <strong>lazada central<\/strong> en el mismo tejido.\n<\/p>\n<p class=\"voc-paragraph\">El precio de este vestido es de 59,95 euros y est\u00e1 disponible entre las tallas XS y la XL.\n<\/p>\n<p class=\"voc-paragraph\">Para conjuntarlo, apuesta por complementos en tonos de moda que contrasten, como un <strong>bolso de hombro en naranja<\/strong>, un clutch en fucsia, un bolso baguette lila o una bandolera en color verde. Con accesorios plateados o dorados tambi\u00e9n sienta de maravilla, sobre todo si lo estilizamos para un look de noche o eventos.\n<\/p>\n<p class=\"voc-paragraph\">Opciones de complementos para diario son unas <strong>alpargatas, unas sandalias bajas, unas bailarinas o unos mules de tac\u00f3n bajo y c\u00f3modo<\/strong>. Como bolso, un shopper, un capazo, un bolso de hombro acolchado con cadena o de punto. Combina con blanco, negro y marr\u00f3n perfectamente.\n<\/p>\n<div class=\"voc-detail__cmp voc-detail__cmp--pad-lr voc-detail__cmp--pad-lr--bdr\">\n<div class=\"voc-ficha-detail__wrapper\">\n<section class=\"voc-ficha-detail\">\n<h4 class=\"voc-ficha-detail-title voc-title-section\">Te recomendamos<\/h4>\n<\/section>\n<\/div>\n<\/div>\n<p><!-- TOPICS --><\/p>\n","protected":false},"excerpt":{"rendered":"<p>Ahora que los d\u00edas son m\u00e1s largos, tenemos m\u00e1s quedadas y eventos, el clima es c\u00e1lido y nos encontramos de mejor humor de cara a las inminentes vacaciones, todas nos queremos estar perfectas de pies a cabeza. Por eso, no solo nos enfocamos en preparar nuestro rostro y cuerpo para el verano, tambi\u00e9n elaboramos m\u00e1s [&hellip;]<\/p>\n","protected":false},"author":1,"featured_media":42198,"comment_status":"closed","ping_status":"closed","sticky":false,"template":"","format":"standard","meta":[],"categories":[1],"tags":[],"_links":{"self":[{"href":"http:\/\/hoycordobaweb.com\/index.php\/wp-json\/wp\/v2\/posts\/42197"}],"collection":[{"href":"http:\/\/hoycordobaweb.com\/index.php\/wp-json\/wp\/v2\/posts"}],"about":[{"href":"http:\/\/hoycordobaweb.com\/index.php\/wp-json\/wp\/v2\/types\/post"}],"author":[{"embeddable":true,"href":"http:\/\/hoycordobaweb.com\/index.php\/wp-json\/wp\/v2\/users\/1"}],"replies":[{"embeddable":true,"href":"http:\/\/hoycordobaweb.com\/index.php\/wp-json\/wp\/v2\/comments?post=42197"}],"version-history":[{"count":0,"href":"http:\/\/hoycordobaweb.com\/index.php\/wp-json\/wp\/v2\/posts\/42197\/revisions"}],"wp:featuredmedia":[{"embeddable":true,"href":"http:\/\/hoycordobaweb.com\/index.php\/wp-json\/wp\/v2\/media\/42198"}],"wp:attachment":[{"href":"http:\/\/hoycordobaweb.com\/index.php\/wp-json\/wp\/v2\/media?parent=42197"}],"wp:term":[{"taxonomy":"category","embeddable":true,"href":"http:\/\/hoycordobaweb.com\/index.php\/wp-json\/wp\/v2\/categories?post=42197"},{"taxonomy":"post_tag","embeddable":true,"href":"http:\/\/hoycordobaweb.com\/index.php\/wp-json\/wp\/v2\/tags?post=42197"}],"curies":[{"name":"wp","href":"https:\/\/api.w.org\/{rel}","templated":true}]}}