{"id":42179,"date":"2022-05-26T20:54:27","date_gmt":"2022-05-26T20:54:27","guid":{"rendered":"https:\/\/ladecimaweb.com\/?p=13610"},"modified":"2022-05-26T20:54:27","modified_gmt":"2022-05-26T20:54:27","slug":"el-concejo-solicita-al-congreso-el-pronto-tratamiento-del-proyecto-del-boleto-federal","status":"publish","type":"post","link":"http:\/\/hoycordobaweb.com\/index.php\/2022\/05\/26\/el-concejo-solicita-al-congreso-el-pronto-tratamiento-del-proyecto-del-boleto-federal\/","title":{"rendered":"El Concejo solicita al Congreso el pronto tratamiento del proyecto del \u201cboleto federal\u201d"},"content":{"rendered":"<div class=\"boldgrid-section\">\n<div class=\"container\">\n<div class=\"row\">\n<div class=\"col-md-12 col-xs-12 col-sm-12\">\n<p class=\"\">Los ediles aprobaron hoy por mayor\u00eda el proyecto de los concejales de Hacemos por C\u00f3rdoba, Pablo Ovejeros y Mart\u00edn C\u00f3rdoba, solicitando al Congreso Nacional el pronto tratamiento del <strong>Proyecto de Ley que crea el \u201cBoleto Federal<\/strong>: Programa Federal de Distribuci\u00f3n Equitativa de Subsidios al Transporte P\u00fablico de Pasajeros\u201d, y a iniciativas en igual sentido presentadas en la C\u00e1mara de Diputados de la Naci\u00f3n, <strong>sobre la distribuci\u00f3n de subsidios al transporte.<\/strong><\/p>\n<p class=\"\">Esta solicitud se dio en el marco de la 11\u00ba sesi\u00f3n del per\u00edodo ordinario presidida por el vice intendente Daniel Passerini.<br \/>\nDurante la misma se aprob\u00f3 el proyecto de ordenanza, iniciado por los concejales Nicol\u00e1s Piloni e Ileana Quaglino, declarando a la ciudad de C\u00f3rdoba bajo la denominaci\u00f3n: \u201cC\u00f3rdoba, ciudad del dise\u00f1o\u201d. Al respecto, el concejal Piloni fundament\u00f3: \u201cPoner en agenda el dise\u00f1o es poner en agenda el desarrollo sostenible, la interacci\u00f3n de los ciudadanos ya sea de manera urbana o virtual\u201d.<\/p>\n<p class=\"\"><img loading=\"lazy\" class=\"wp-image-13613 aligncenter\" src=\"http:\/\/hoycordobaweb.com\/wp-content\/uploads\/2022\/05\/el-concejo-solicita-al-congreso-el-pronto-tratamiento-del-proyecto-del-boleto-federal.jpg\" alt=\"\" width=\"542\" height=\"305\" srcset=\"http:\/\/hoycordobaweb.com\/wp-content\/uploads\/2022\/05\/el-concejo-solicita-al-congreso-el-pronto-tratamiento-del-proyecto-del-boleto-federal.jpg 1280w, http:\/\/hoycordobaweb.com\/wp-content\/uploads\/2022\/05\/el-concejo-solicita-al-congreso-el-pronto-tratamiento-del-proyecto-del-boleto-federal-1.jpg 789w, http:\/\/hoycordobaweb.com\/wp-content\/uploads\/2022\/05\/el-concejo-solicita-al-congreso-el-pronto-tratamiento-del-proyecto-del-boleto-federal-2.jpg 768w\" sizes=\"(max-width: 542px) 100vw, 542px\" \/><\/p>\n<p class=\"\">Tambi\u00e9n durante la sesi\u00f3n se trat\u00f3 el proyecto de ordenanza designando con el nombre de \u201cPabell\u00f3n Nacional del Gral. Manuel Belgrano\u201d, al espacio verde ubicado entre las calles Juan XXIII y Paysand\u00fa de B\u00b0 Talleres Este, el cual volvi\u00f3 a comisiones.<\/p>\n<p class=\"\">Al finalizar la sesi\u00f3n y en el marco de la Semana de la Maniobra de Heimlich, el viceintendente Daniel Passerini invit\u00f3 a los concejales y concejalas a participar de la capacitaci\u00f3n que se realizar\u00e1 en el Concejo Deliberante: \u201cLa intervenci\u00f3n de alguien que no sea del equipo de salud en un caso de obstrucci\u00f3n permite salvar vidas a ni\u00f1os peque\u00f1os o adultos, esperamos que todos se puedan sumar incluidos concejales, funcionarios y asesores\u201d.<\/p>\n<p class=\"\">\n<div class=\"ubm_banner\"><a href=\"https:\/\/www.cba.gov.ar\/10-https:\/\/www.cba.gov.ar\/10-mil-viviendas\/?csrt=8333084810548506306\" target=\"_blank\" rel=\"dofollow noopener noreferrer\"><img src=\"http:\/\/hoycordobaweb.com\/wp-content\/uploads\/2022\/05\/el-concejo-solicita-al-congreso-el-pronto-tratamiento-del-proyecto-del-boleto-federal.gif\" alt=\"\"><\/a><\/div>\n<\/div>\n<\/div>\n<\/div>\n<\/div>\n<p>La entrada <a rel=\"nofollow\" href=\"https:\/\/ladecimaweb.com\/el-concejo-solicita-al-congreso-el-pronto-tratamiento-del-proyecto-del-boleto-federal\/\">El Concejo solicita al Congreso el pronto tratamiento del proyecto del &#8220;boleto federal&#8221;<\/a> se public\u00f3 primero en <a rel=\"nofollow\" href=\"https:\/\/ladecimaweb.com\">LaDecima<\/a>.<\/p>\n","protected":false},"excerpt":{"rendered":"<p>Los ediles aprobaron hoy por mayor\u00eda el proyecto de los concejales de Hacemos por C\u00f3rdoba, Pablo Ovejeros y Mart\u00edn C\u00f3rdoba, solicitando al Congreso Nacional el pronto tratamiento del Proyecto de Ley que crea el \u201cBoleto Federal: Programa Federal de Distribuci\u00f3n Equitativa de Subsidios al Transporte P\u00fablico de Pasajeros\u201d, y a iniciativas en igual sentido presentadas [&hellip;]<\/p>\n","protected":false},"author":1,"featured_media":42180,"comment_status":"closed","ping_status":"closed","sticky":false,"template":"","format":"standard","meta":[],"categories":[19],"tags":[],"_links":{"self":[{"href":"http:\/\/hoycordobaweb.com\/index.php\/wp-json\/wp\/v2\/posts\/42179"}],"collection":[{"href":"http:\/\/hoycordobaweb.com\/index.php\/wp-json\/wp\/v2\/posts"}],"about":[{"href":"http:\/\/hoycordobaweb.com\/index.php\/wp-json\/wp\/v2\/types\/post"}],"author":[{"embeddable":true,"href":"http:\/\/hoycordobaweb.com\/index.php\/wp-json\/wp\/v2\/users\/1"}],"replies":[{"embeddable":true,"href":"http:\/\/hoycordobaweb.com\/index.php\/wp-json\/wp\/v2\/comments?post=42179"}],"version-history":[{"count":0,"href":"http:\/\/hoycordobaweb.com\/index.php\/wp-json\/wp\/v2\/posts\/42179\/revisions"}],"wp:featuredmedia":[{"embeddable":true,"href":"http:\/\/hoycordobaweb.com\/index.php\/wp-json\/wp\/v2\/media\/42180"}],"wp:attachment":[{"href":"http:\/\/hoycordobaweb.com\/index.php\/wp-json\/wp\/v2\/media?parent=42179"}],"wp:term":[{"taxonomy":"category","embeddable":true,"href":"http:\/\/hoycordobaweb.com\/index.php\/wp-json\/wp\/v2\/categories?post=42179"},{"taxonomy":"post_tag","embeddable":true,"href":"http:\/\/hoycordobaweb.com\/index.php\/wp-json\/wp\/v2\/tags?post=42179"}],"curies":[{"name":"wp","href":"https:\/\/api.w.org\/{rel}","templated":true}]}}