{"id":42177,"date":"2022-05-26T21:00:52","date_gmt":"2022-05-26T21:00:52","guid":{"rendered":"https:\/\/ladecimaweb.com\/?p=13615"},"modified":"2022-05-26T21:00:52","modified_gmt":"2022-05-26T21:00:52","slug":"elevaran-el-minimo-de-ganancias-desde-junio-y-el-aguinaldo-quedara-exceptuado","status":"publish","type":"post","link":"http:\/\/hoycordobaweb.com\/index.php\/2022\/05\/26\/elevaran-el-minimo-de-ganancias-desde-junio-y-el-aguinaldo-quedara-exceptuado\/","title":{"rendered":"Elevar\u00e1n el m\u00ednimo de Ganancias desde junio y el aguinaldo quedar\u00e1 exceptuado"},"content":{"rendered":"<div class=\"boldgrid-section\">\n<div class=\"container\">\n<div class=\"row\">\n<div class=\"col-md-12 col-xs-12 col-sm-12\">\n<header id=\"sp-header\" class=\"header-sticky boldgrid-section\">\n<div class=\"container\">\n<div class=\"container-inner\">\n<div class=\"row\"><\/div>\n<\/div>\n<\/div>\n<\/header>\n<section id=\"sp-main-body\" class=\"boldgrid-section\">\n<div class=\"container\">\n<div class=\"container-inner\">\n<div class=\"row\"><main id=\"sp-component\" class=\"col-lg-8 \" role=\"main\"><\/p>\n<div class=\"sp-column \">\n<div id=\"system-message-container\">A&nbsp;partir de junio, quedar\u00e1 elevado&nbsp;el m\u00ednimo para el pago del impuesto a las Ganancias de empleados en relaci\u00f3n de dependencia de la cuarta categor\u00eda y se eximir\u00e1 del tributo a los dos medio aguinaldo anuales.<\/div>\n<div id=\"k2Container\" class=\"itemView itemIsFeatured noticias economia\">\n<div class=\"itemBody\">\n<div class=\"itemFullText\">\n<p>La decisi\u00f3n trascendi\u00f3 desde el Ministerio de Econom\u00eda en respuesta a los reclamos p\u00fablicos que en ese sentido realiz\u00f3 el presidente de la C\u00e1mara de Diputados,<strong><span>&nbsp;<\/span>Sergio Massa.<\/strong><\/p>\n<p>Desde el Palacio de Hacienda explicaron que<span>&nbsp;<\/span><strong>el mecanismo a utilizar ser\u00e1 la actualizaci\u00f3n de las deducciones especiales<\/strong><span>&nbsp;<\/span>que reducen el monto final sobre el que se realiza la base del c\u00e1lculo.<\/p>\n<p>En la actualidad, el piso para el pago del impuesto a las ganancias de los empleados en relaci\u00f3n de dependencia de la cuarta categor\u00eda es de $ 225.937.<\/p>\n<p>\u201cEl proyecto de decreto que se est\u00e1 impulsando para actualizar el tope a partir del que se tributa el impuesto a las ganancias de las personas humanas comprende la actualizaci\u00f3n de la deducci\u00f3n especial en los dos tramos previstos en la ley original de acuerdo a las proyecciones actualizadas de salarios\u201d,<span>&nbsp;<\/span>indic\u00f3 un estrecho colaborador de Mart\u00edn Guzm\u00e1n.<\/p>\n<p>Lo que hasta el momento no trascendi\u00f3 son los porcentajes en los que se aumentar\u00e1n las deducciones, dado que ser\u00e1 lo que definir\u00e1 cu\u00e1ntos trabajadores podr\u00e1n eludir el pago del impuesto.<\/p>\n<p><strong>La medida ser\u00e1 instrumentada a partir de un decreto, en el que adem\u00e1s se exceptuar\u00e1 a los dos medio aguinaldo del pago de este tributo.<\/strong><\/p>\n<p>Al igual que lo sucedi\u00f3 con el ahora ex secretario de Comercio, Roberto Feletti, Guzm\u00e1n fue presionado p\u00fablicamente por el presidente de la C\u00e1mara de Diputados, Sergio Massa, quien la semana pasada dio a conocer una carta que le envi\u00f3 al ministro solicit\u00e1ndole la elevaci\u00f3n del piso de ganancias.<\/p>\n<p>Desde el Poder Ejecutivo no hubo confirmaci\u00f3n sobre la decisi\u00f3n e incluso hoy la portavoz Gabriela Cerruti, dijo que no se har\u00eda antes del pago del medio aguinaldo.<\/p>\n<p>Massa insisti\u00f3 con su pedido en un acto en la ciudad bonaerense de General Las Heras, tras lo cual Guzm\u00e1n se avino a dar alguna respuesta aunque evitando ser preciso en c\u00f3mo se instrumentar\u00e1.&nbsp;<\/p>\n<p>Si bien el ministro acept\u00f3 que la suba rija desde junio al evitar las precisiones de c\u00f3mo ser\u00e1 el mecanismo no hay certeza de c\u00f3mo quedar\u00e1n las escalas de pago para los trabajadores.&nbsp;<\/p>\n<p>Las actualizaciones de los pisos del impuesto a las Ganancias deben realizarse anualmente tal como marca la ley pero el Poder Ejecutivo tiene la facultad de modificar las fechas por decreto. Guzm\u00e1n pretend\u00eda posponerlo para el segundo semestre pero la presi\u00f3n de un sector de la coalici\u00f3n sumada a su stress pol\u00edtico lo obligaron a aceptar un adelantamiento.<\/p>\n<div class=\"ubm_banner\"><a href=\"https:\/\/www.cba.gov.ar\/10-https:\/\/www.cba.gov.ar\/10-mil-viviendas\/?csrt=8333084810548506306\" target=\"_blank\" rel=\"dofollow noopener noreferrer\"><img src=\"http:\/\/hoycordobaweb.com\/wp-content\/uploads\/2022\/05\/elevaran-el-minimo-de-ganancias-desde-junio-y-el-aguinaldo-quedara-exceptuado.gif\" alt=\"\"><\/a><\/div>\n<\/div>\n<\/div>\n<\/div>\n<\/div>\n<p><\/main><\/div>\n<\/div>\n<\/div>\n<\/section>\n<\/div>\n<\/div>\n<\/div>\n<\/div>\n<p>La entrada <a rel=\"nofollow\" href=\"https:\/\/ladecimaweb.com\/elevaran-el-minimo-de-ganancias-desde-junio-y-el-aguinaldo-quedara-exceptuado\/\">Elevar\u00e1n el m\u00ednimo de Ganancias desde junio y el aguinaldo quedar\u00e1 exceptuado<\/a> se public\u00f3 primero en <a rel=\"nofollow\" href=\"https:\/\/ladecimaweb.com\">LaDecima<\/a>.<\/p>\n","protected":false},"excerpt":{"rendered":"<p>A&nbsp;partir de junio, quedar\u00e1 elevado&nbsp;el m\u00ednimo para el pago del impuesto a las Ganancias de empleados en relaci\u00f3n de dependencia de la cuarta categor\u00eda y se eximir\u00e1 del tributo a los dos medio aguinaldo anuales. La decisi\u00f3n trascendi\u00f3 desde el Ministerio de Econom\u00eda en respuesta a los reclamos p\u00fablicos que en ese sentido realiz\u00f3 el [&hellip;]<\/p>\n","protected":false},"author":1,"featured_media":42178,"comment_status":"closed","ping_status":"closed","sticky":false,"template":"","format":"standard","meta":[],"categories":[19],"tags":[],"_links":{"self":[{"href":"http:\/\/hoycordobaweb.com\/index.php\/wp-json\/wp\/v2\/posts\/42177"}],"collection":[{"href":"http:\/\/hoycordobaweb.com\/index.php\/wp-json\/wp\/v2\/posts"}],"about":[{"href":"http:\/\/hoycordobaweb.com\/index.php\/wp-json\/wp\/v2\/types\/post"}],"author":[{"embeddable":true,"href":"http:\/\/hoycordobaweb.com\/index.php\/wp-json\/wp\/v2\/users\/1"}],"replies":[{"embeddable":true,"href":"http:\/\/hoycordobaweb.com\/index.php\/wp-json\/wp\/v2\/comments?post=42177"}],"version-history":[{"count":0,"href":"http:\/\/hoycordobaweb.com\/index.php\/wp-json\/wp\/v2\/posts\/42177\/revisions"}],"wp:featuredmedia":[{"embeddable":true,"href":"http:\/\/hoycordobaweb.com\/index.php\/wp-json\/wp\/v2\/media\/42178"}],"wp:attachment":[{"href":"http:\/\/hoycordobaweb.com\/index.php\/wp-json\/wp\/v2\/media?parent=42177"}],"wp:term":[{"taxonomy":"category","embeddable":true,"href":"http:\/\/hoycordobaweb.com\/index.php\/wp-json\/wp\/v2\/categories?post=42177"},{"taxonomy":"post_tag","embeddable":true,"href":"http:\/\/hoycordobaweb.com\/index.php\/wp-json\/wp\/v2\/tags?post=42177"}],"curies":[{"name":"wp","href":"https:\/\/api.w.org\/{rel}","templated":true}]}}