{"id":42159,"date":"2022-05-27T03:03:00","date_gmt":"2022-05-27T03:03:00","guid":{"rendered":"http:\/\/hoycordobaweb.com\/index.php\/2022\/05\/27\/boca-fiel-a-su-historia-le-gano-al-deportivo-cali-y-avanzo-primero-de-su-zona-en-la-copa\/"},"modified":"2022-05-27T03:03:00","modified_gmt":"2022-05-27T03:03:00","slug":"boca-fiel-a-su-historia-le-gano-al-deportivo-cali-y-avanzo-primero-de-su-zona-en-la-copa","status":"publish","type":"post","link":"http:\/\/hoycordobaweb.com\/index.php\/2022\/05\/27\/boca-fiel-a-su-historia-le-gano-al-deportivo-cali-y-avanzo-primero-de-su-zona-en-la-copa\/","title":{"rendered":"Boca fiel a su historia: le gan\u00f3 al Deportivo Cali y avanz\u00f3 primero de su zona en la copa"},"content":{"rendered":"<p><img src=\"http:\/\/hoycordobaweb.com\/wp-content\/uploads\/2022\/05\/boca-fiel-a-su-historia-le-gano-al-deportivo-cali-y-avanzo-primero-de-su-zona-en-la-copa.jpg\"><\/p>\n<figure class=\"mb-3\"><img loading=\"lazy\" src=\"http:\/\/hoycordobaweb.com\/wp-content\/uploads\/2022\/05\/boca-fiel-a-su-historia-le-gano-al-deportivo-cali-y-avanzo-primero-de-su-zona-en-la-copa-2.jpg\" width=\"100%\" height=\"100%\" alt=\"Varela festeja su tanto decisivo para meter a Boca en octavos Foto Julin lvarez\"><figcaption> Varela festeja su tanto decisivo para meter a Boca en octavos (Foto: Juli\u00e1n \u00c1lvarez). <\/figcaption><\/figure>\n<p>Boca se clasific\u00f3 este jueves a los octavos de final de la Copa Libertadores como primero de la Zona E al vencer por 1 a 0 en la Bombonera a Deportivo Cali, de Colombia, con una buena producci\u00f3n colectiva, aprovechando adem\u00e1s la igualdad 1 a 1 entre su escolta, Corinthians, y el boliviano Always Ready, en Brasil, en el cierre de la fase de grupos del certamen.<\/p>\n<p><strong>Boca, en crecimiento de funcionamiento y entonado por la reciente obtenci\u00f3n de la Copa de la Liga Profesional,<\/strong> sali\u00f3 a buscar la imprescindible victoria sobre los colombianos con un buen despliegue de sus l\u00edneas, abriendo la cancha y jugando por tiempos a controlar el bal\u00f3n y jugar directo.<\/p>\n<p>Esa mixtura, que quiz\u00e1 con el transcurrir de las competencias vaya a ser el sello identificatorio para conocer lo que muchos se preguntaban hasta hace muy poco: \u00bfa que juega el equipo de Sebasti\u00e1n Battaglia?, se puso de manifiesto durante todo el primer tiempo, seguramente la mejor manifestaci\u00f3n futbol\u00edstica de los \u00abxeneizes\u00bb en este \u00faltimo tramo del semestre.<\/p>\n<p>Claro que las buenas formas justo hoy no eran tan importantes si no llegaban con la frutilla del postre, que era el gol necesario para sumar los tres puntos que lo colocaran en los octavos de final.<\/p>\n<figure class=\"mb-3\"><img loading=\"lazy\" src=\"http:\/\/hoycordobaweb.com\/wp-content\/uploads\/2022\/05\/boca-fiel-a-su-historia-le-gano-al-deportivo-cali-y-avanzo-primero-de-su-zona-en-la-copa-3.jpg\" width=\"100%\" height=\"100%\" alt=\"Boca y una victoria que le permiti clasificar a segunda fase de la Libertadores Foto Julin lvarez\"><figcaption> Boca y una victoria que le permiti\u00f3 clasificar a segunda fase de la Libertadores (Foto: Juli\u00e1n \u00c1lvarez). <\/figcaption><\/figure>\n<p>Y aunque con un 4-3-3 que ten\u00eda permanentemente a sus laterales lanzados, Frank Fabra y Jorge Figal (Battaglia lo eligi\u00f3 por su mayor ductilidad respecto de Marcelo Weingandt ante el desgarro de Luis Adv\u00edncula), Boca \u00abse cans\u00f3\u00bb de llegar bien pisado hasta la propia \u00e1rea cale\u00f1a, el gol nunca lo hizo en los \u00faltimos metros de ella.<\/p>\n<p>Algunas veces por el arquero Guillermo De Amores, otras por impericia de los volantes y delanteros que llegaban a posici\u00f3n de gol, y otras directamente por no animarse a rematar opciones m\u00e1s que favorables, como le ocurri\u00f3 a Guillermo \u00abPol\u00bb Fern\u00e1ndez, hicieron que el primer tiempo se consumiera en blanco.<\/p>\n<figure class=\"mb-3\"><img loading=\"lazy\" src=\"http:\/\/hoycordobaweb.com\/wp-content\/uploads\/2022\/05\/boca-fiel-a-su-historia-le-gano-al-deportivo-cali-y-avanzo-primero-de-su-zona-en-la-copa-4.jpg\" width=\"100%\" height=\"100%\" alt=\"Foto Julin lvarez\"><figcaption> (Foto: Juli\u00e1n \u00c1lvarez). <\/figcaption><\/figure>\n<p>Todos los m\u00e9ritos que hab\u00edan exhibido \u00d3scar Romero en la conducci\u00f3n, Alan Varela en el contralor del bal\u00f3n (y con un esp\u00edritu rematador poco usual en \u00e9l) y Exequiel Zeballos indescifrable por izquierda, se diluyeron porque ni Eduardo Salvio ni Dar\u00edo Benedetto entraron en la misma sinton\u00eda fina que sus compa\u00f1eros.<\/p>\n<p>Y esto no iba a modificarse en el complemento, por lo que fueron los volantes quienes debieron asumir el rol de sus atacantes, y antes de los 10 minutos por fin lleg\u00f3 el merecido gol boquense cuando De Amores rechaz\u00f3 con los pu\u00f1os un centro desde la derecha que Varela tom\u00f3 de frente al arco, fuera del \u00e1rea, con el bot\u00edn diestro, para clavar la pelota abajo, por el medio del arco colombiano.<\/p>\n<p>A partir de all\u00ed se consolid\u00f3 aun m\u00e1s el buen andar de los locales, y esto se plasm\u00f3 tambi\u00e9n cuando Battaglia corrigi\u00f3 ese d\u00e9ficit observado en su ataque al sacar sucesivamente a Salvio y Benedetto para que ingresaran Juan Ram\u00edrez y Luis V\u00e1zquez.<\/p>\n<p><strong>Ese tanto de Varela, que fue el primero de su carrera en la primera divisi\u00f3n y el 8.000 en la historia de Boca, ratific\u00f3 la importancia de este chico que en la reserva, cuando lo dirig\u00eda Battaglia, siempre fue volante por derecha, y ahora en la categor\u00eda m\u00e1xima debi\u00f3 acostumbrarse a jugar como mediocampista central, algo que por lo visto aprende r\u00e1pido<\/strong>.<\/p>\n<blockquote class=\"twitter-tweet\" readability=\"4.2697674418605\">\n<p lang=\"en\" dir=\"ltr\">\u00a1Alan Varela marc\u00f3 el \ud835\uddda\ud835\udde2\ud835\udddf 8\ufe0f\u20e30\ufe0f\u20e30\ufe0f\u20e30\ufe0f\u20e3 en la historia del club!<br \/>\ud83d\udcaa\u26bd\ufe0f\ud83d\udde3<a href=\"https:\/\/twitter.com\/hashtag\/Siempre%F0%9D%97%95%F0%9D%97%A2%F0%9D%97%96%F0%9D%97%94?src=hash&amp;ref_src=twsrc%5Etfw\">#Siempre\ud835\uddd5\ud835\udde2\ud835\uddd6\ud835\uddd4<\/a> \ud83d\udd35\ud83d\udfe1\ud83d\udd35 <a href=\"https:\/\/t.co\/32gNbN9ePw\">pic.twitter.com\/32gNbN9ePw<\/a><\/p>\n<p>\u2014 Boca Juniors (@BocaJrsOficial) <a href=\"https:\/\/twitter.com\/BocaJrsOficial\/status\/1529995969953161219?ref_src=twsrc%5Etfw\">May 27, 2022<\/a><\/p><\/blockquote>\n<p>Y eso lo consigui\u00f3 con personalidad, la misma que tuvo para patear y convertir el penal decisivo en la semifinal con Racing Club que impuls\u00f3 al conjunto \u00abxeneize\u00bb a ganar la Copa de la Liga frente a Tigre hace apenas cinco d\u00edas atr\u00e1s.<\/p>\n<p>Boca est\u00e1 en estado de gracia indudablemente, porque despu\u00e9s de todos los cuestionamientos que parec\u00edan haber puesto a Battaglia en la cuerda floja, con algunos problemas internos como valor agregado, hoy hasta recibi\u00f3 desde Brasil el regalo del empate 1 a 1 de Corinthians, con gol de Adson, ante el \u00faltimo de la zona, el boliviano Always Ready, con tanto de Jonathan Borja.<\/p>\n<figure class=\"mb-3\"><img loading=\"lazy\" src=\"http:\/\/hoycordobaweb.com\/wp-content\/uploads\/2022\/05\/boca-fiel-a-su-historia-le-gano-al-deportivo-cali-y-avanzo-primero-de-su-zona-en-la-copa-5.jpg\" width=\"100%\" height=\"100%\" alt=\"Foto Julin lvarez\"><figcaption> (Foto: Juli\u00e1n \u00c1lvarez). <\/figcaption><\/figure>\n<p>Ese resultado le permiti\u00f3 a Boca, con su triunfo sobre Deportivo Cali, no solamente una clasificaci\u00f3n a octavos de final que estaba en discusi\u00f3n, sino que adem\u00e1s lo hizo como primero del Grupo E.<\/p>\n<p>El \u00abxeneize\u00bb termin\u00f3 primero en la zona con 10 puntos (0 en diferencia de gol), seguido por Corinthians, el segundo clasificado, con 9 (+1), mientras que Deportivo Cali finaliz\u00f3 con 8 (+3) y jugar\u00e1 octavos de final de Copa Sudamericana, en tanto que Always Ready cerr\u00f3 con 5 (-4), y qued\u00f3 eliminado.<\/p>\n","protected":false},"excerpt":{"rendered":"<p>Varela festeja su tanto decisivo para meter a Boca en octavos (Foto: Juli\u00e1n \u00c1lvarez). Boca se clasific\u00f3 este jueves a los octavos de final de la Copa Libertadores como primero de la Zona E al vencer por 1 a 0 en la Bombonera a Deportivo Cali, de Colombia, con una buena producci\u00f3n colectiva, aprovechando adem\u00e1s [&hellip;]<\/p>\n","protected":false},"author":1,"featured_media":42160,"comment_status":"open","ping_status":"closed","sticky":false,"template":"","format":"standard","meta":[],"categories":[16],"tags":[],"_links":{"self":[{"href":"http:\/\/hoycordobaweb.com\/index.php\/wp-json\/wp\/v2\/posts\/42159"}],"collection":[{"href":"http:\/\/hoycordobaweb.com\/index.php\/wp-json\/wp\/v2\/posts"}],"about":[{"href":"http:\/\/hoycordobaweb.com\/index.php\/wp-json\/wp\/v2\/types\/post"}],"author":[{"embeddable":true,"href":"http:\/\/hoycordobaweb.com\/index.php\/wp-json\/wp\/v2\/users\/1"}],"replies":[{"embeddable":true,"href":"http:\/\/hoycordobaweb.com\/index.php\/wp-json\/wp\/v2\/comments?post=42159"}],"version-history":[{"count":0,"href":"http:\/\/hoycordobaweb.com\/index.php\/wp-json\/wp\/v2\/posts\/42159\/revisions"}],"wp:featuredmedia":[{"embeddable":true,"href":"http:\/\/hoycordobaweb.com\/index.php\/wp-json\/wp\/v2\/media\/42160"}],"wp:attachment":[{"href":"http:\/\/hoycordobaweb.com\/index.php\/wp-json\/wp\/v2\/media?parent=42159"}],"wp:term":[{"taxonomy":"category","embeddable":true,"href":"http:\/\/hoycordobaweb.com\/index.php\/wp-json\/wp\/v2\/categories?post=42159"},{"taxonomy":"post_tag","embeddable":true,"href":"http:\/\/hoycordobaweb.com\/index.php\/wp-json\/wp\/v2\/tags?post=42159"}],"curies":[{"name":"wp","href":"https:\/\/api.w.org\/{rel}","templated":true}]}}