{"id":4215,"date":"2020-10-29T19:11:52","date_gmt":"2020-10-29T19:11:52","guid":{"rendered":"https:\/\/ladecimaweb.com\/?p=7201"},"modified":"2020-10-29T19:11:52","modified_gmt":"2020-10-29T19:11:52","slug":"hallan-nueva-variante-del-coronavirus-en-europa-segun-una-investigacion","status":"publish","type":"post","link":"http:\/\/hoycordobaweb.com\/index.php\/2020\/10\/29\/hallan-nueva-variante-del-coronavirus-en-europa-segun-una-investigacion\/","title":{"rendered":"Hallan nueva variante del coronavirus en Europa, seg\u00fan una investigaci\u00f3n"},"content":{"rendered":"<div class=\"group\"><span><a href=\"https:\/\/www.cnbc.com\/2020\/10\/29\/coronavirus-variant-seen-spreading-across-europe-research-says.html\">(CNBC en espa\u00f1ol)<\/a> <strong>Una variante del coronavirus que se cree que se origin\u00f3 en Espa\u00f1a se ha extendido por Europa y ahora representa la mayor\u00eda de los nuevos casos reportados en varios pa\u00edses de la regi\u00f3n, seg\u00fan los <\/strong><\/span><strong><a href=\"https:\/\/www.medrxiv.org\/content\/10.1101\/2020.10.25.20219063v1#disqus_thread\" target=\"_blank\" rel=\"noopener noreferrer\">hallazgos de un nuevo estudio<\/a><\/strong><span><strong>\u00a0<\/strong>.<\/span><\/div>\n<div><\/div>\n<div class=\"group\"><span>La investigaci\u00f3n, que se publicar\u00e1 el jueves y no ha sido revisada por pares, detalla c\u00f3mo un equipo internacional de cient\u00edficos ha monitoreado de cerca el coronavirus a trav\u00e9s de sus mutaciones gen\u00e9ticas.<\/span><\/p>\n<div class=\"BoxInline-container \">\n<div id=\"BoxInline-ArticleBody-5\" class=\"BoxInline-container\" data-module=\"mps-slot\"><\/div>\n<\/div>\n<p><span><strong>Cada variante del coronavirus tiene su propia firma gen\u00e9tica,<\/strong> lo que significa que se puede rastrear hasta el lugar donde surgi\u00f3 por primera vez. <\/span><\/div>\n<div><\/div>\n<div class=\"group\"><span>Dice que una nueva variante de la enfermedad, identificada como 20A.EU1 por investigadores de Suiza y Espa\u00f1a, se observ\u00f3 por primera vez en Espa\u00f1a en junio.\u00a0<\/span><span><strong>La nueva variante se ha registrado en Espa\u00f1a en frecuencias superiores al 40% desde julio,<\/strong> seg\u00fan el estudio. <\/span><span>En otros lugares, la nueva variante del coronavirus ha aumentado de valores \u201cmuy bajos\u201d antes del 15 de julio al 40% al 70% en Suiza, Irlanda y el Reino Unido en septiembre.\u00a0Tambi\u00e9n se encontr\u00f3 que prevalec\u00eda en Noruega, Letonia, Pa\u00edses Bajos y Francia.<\/span><\/div>\n<div><\/div>\n<div class=\"group\"><span>Los investigadores del estudio dijeron que <strong>no ten\u00edan evidencia directa que sugiriera que la nueva variante del virus se propaga m\u00e1s r\u00e1pido que otras mutaciones<\/strong>, a pesar del aumento de la frecuencia en varios pa\u00edses. <\/span><span>Tambi\u00e9n dijo que actualmente <strong>no hay datos para evaluar la gravedad<\/strong> de la enfermedad, y aunque 20A.EU1 era dominante en algunos pa\u00edses, no se hab\u00eda apoderado de todas partes y diversas variantes del coronavirus \u201ccontin\u00faan circulando por Europa\u201d.<\/span><\/p>\n<div class=\"MidResponsive-midResponsiveContainer\">\n<div id=\"MidResponsive-2\" class=\"\" data-module=\"mps-slot\"><\/div>\n<\/div>\n<p><span>Los autores del estudio lo formaron <strong>investigadores de la Universidad de Basilea, el Instituto de Biomedicina de Valencia y la Universidad de Valencia,<\/strong> entre otros.<\/span><\/div>\n<p class=\"ArticleBody-subtitle\"><strong><span style=\"background-color: #d5d5d5;\">Implicancias<\/span><\/strong><\/p>\n<div class=\"group\"><span>Los hallazgos del estudio indican que las personas que regresan de unas vacaciones en Espa\u00f1a pueden haber jugado un papel en la propagaci\u00f3n de la nueva variante del virus en Europa. <\/span><span>Tambi\u00e9n plantea dudas sobre si un aumento reciente en el n\u00famero de nuevas infecciones por Covid-19 reportadas en la regi\u00f3n podr\u00eda haber sido limitado por medidas de viaje m\u00e1s estrictas y mejores controles en aeropuertos y otros centros de transporte.<\/span><span>\u201c<\/span><\/div>\n<div><\/div>\n<div class=\"group\"><span>Actualmente no est\u00e1 claro si esta variante se est\u00e1 propagando debido a una ventaja de transmisi\u00f3n del virus o si la alta incidencia en Espa\u00f1a seguida de la diseminaci\u00f3n a trav\u00e9s de los turistas es suficiente para explicar el r\u00e1pido aumento en varios pa\u00edses\u201d, dijo el estudio.<\/span><\/div>\n<div><\/div>\n<div class=\"group\"><span>Una ola de nuevos casos de coronavirus en Europa ha llevado a algunos pa\u00edses a imponer\u00a0<\/span><a href=\"https:\/\/www.cnbc.com\/2020\/10\/29\/covid-lockdowns-in-france-and-germany-will-hit-europes-economy-again.html\"><span>nuevas medidas de bloqueo a medida que se<\/span><\/a><span>\u00a0acerca el invierno.<\/span><\/div>\n<div><\/div>\n<div class=\"group\"><span>La canciller alemana, Angela Merkel, anunci\u00f3 el mi\u00e9rcoles un \u201ccierre ligero\u201d, con bares, restaurantes, gimnasios, cines y teatros que cerrar\u00e1n a partir de la pr\u00f3xima semana. <\/span><\/div>\n<div><\/div>\n<div class=\"group\"><span>En una medida similar, el presidente franc\u00e9s, Emmanuel Macron, confirm\u00f3 un segundo cierre nacional a partir del viernes, y solo las escuelas y f\u00e1bricas permanecer\u00e1n abiertas, en contraste con marzo, cuando tambi\u00e9n estaban cerradas.<\/span><\/div>\n<div><\/div>\n<div class=\"group\"><strong>Europa ha registrado casi 10 millones de casos de coronavirus, seg\u00fan la OMS, con 273.678 muertes relacionadas.<\/strong><\/div>\n<div>\n<div class=\"ubm_banner\"><a href=\"https:\/\/www.cba.gov.ar\/cordoba-rosa-2020\/%20\" target=\"_blank\" rel=\"dofollow noopener noreferrer\"><img src=\"http:\/\/hoycordobaweb.com\/wp-content\/uploads\/2020\/10\/hallan-nueva-variante-del-coronavirus-en-europa-segun-una-investigacion.gif\" alt=\"\"><\/a><\/div>\n<\/div>\n<p>&nbsp;<\/p>\n<p>La entrada <a rel=\"nofollow\" href=\"https:\/\/ladecimaweb.com\/hallan-nueva-variante-del-coronavirus-en-europa-segun-una-investigacion\/\">Hallan nueva variante del coronavirus en Europa, seg\u00fan una investigaci\u00f3n<\/a> se public\u00f3 primero en <a rel=\"nofollow\" href=\"https:\/\/ladecimaweb.com\">LaDecima<\/a>.<\/p>\n","protected":false},"excerpt":{"rendered":"<p>(CNBC en espa\u00f1ol) Una variante del coronavirus que se cree que se origin\u00f3 en Espa\u00f1a se ha extendido por Europa y ahora representa la mayor\u00eda de los nuevos casos reportados en varios pa\u00edses de la regi\u00f3n, seg\u00fan los hallazgos de un nuevo estudio\u00a0. La investigaci\u00f3n, que se publicar\u00e1 el jueves y no ha sido revisada [&hellip;]<\/p>\n","protected":false},"author":1,"featured_media":4216,"comment_status":"closed","ping_status":"closed","sticky":false,"template":"","format":"standard","meta":[],"categories":[19],"tags":[],"_links":{"self":[{"href":"http:\/\/hoycordobaweb.com\/index.php\/wp-json\/wp\/v2\/posts\/4215"}],"collection":[{"href":"http:\/\/hoycordobaweb.com\/index.php\/wp-json\/wp\/v2\/posts"}],"about":[{"href":"http:\/\/hoycordobaweb.com\/index.php\/wp-json\/wp\/v2\/types\/post"}],"author":[{"embeddable":true,"href":"http:\/\/hoycordobaweb.com\/index.php\/wp-json\/wp\/v2\/users\/1"}],"replies":[{"embeddable":true,"href":"http:\/\/hoycordobaweb.com\/index.php\/wp-json\/wp\/v2\/comments?post=4215"}],"version-history":[{"count":0,"href":"http:\/\/hoycordobaweb.com\/index.php\/wp-json\/wp\/v2\/posts\/4215\/revisions"}],"wp:featuredmedia":[{"embeddable":true,"href":"http:\/\/hoycordobaweb.com\/index.php\/wp-json\/wp\/v2\/media\/4216"}],"wp:attachment":[{"href":"http:\/\/hoycordobaweb.com\/index.php\/wp-json\/wp\/v2\/media?parent=4215"}],"wp:term":[{"taxonomy":"category","embeddable":true,"href":"http:\/\/hoycordobaweb.com\/index.php\/wp-json\/wp\/v2\/categories?post=4215"},{"taxonomy":"post_tag","embeddable":true,"href":"http:\/\/hoycordobaweb.com\/index.php\/wp-json\/wp\/v2\/tags?post=4215"}],"curies":[{"name":"wp","href":"https:\/\/api.w.org\/{rel}","templated":true}]}}