{"id":42146,"date":"2022-05-26T12:10:01","date_gmt":"2022-05-26T12:10:01","guid":{"rendered":"https:\/\/www.mujerhoy.com\/moda\/tendencias\/vestido-camisero-con-alpargatas-cuna-comodas-look-made-in-spain-ponible-favorece-tendencia-20220526140753-nt.html"},"modified":"2022-05-26T12:10:01","modified_gmt":"2022-05-26T12:10:01","slug":"vestido-camisero-y-alpargatas-de-cuna-el-look-made-in-spain-comodo-y-muy-ponible-que-arrasa-en-instagram","status":"publish","type":"post","link":"http:\/\/hoycordobaweb.com\/index.php\/2022\/05\/26\/vestido-camisero-y-alpargatas-de-cuna-el-look-made-in-spain-comodo-y-muy-ponible-que-arrasa-en-instagram\/","title":{"rendered":"Vestido camisero y alpargatas de cu\u00f1a: el look made in Spain, c\u00f3modo y muy ponible que arrasa en Instagram"},"content":{"rendered":"<p><!-- AUTHOR --><!-- COMPONENTS --><\/p>\n<p class=\"voc-paragraph\">Durante estos d\u00edas donde el buen tiempo ha sido protagonista te hemos ense\u00f1ado propuestas ideales para hacerte con <strong>el look de la temporada: vestido camisero y alpargatas<\/strong>. Para conseguirlo, te hemos ense\u00f1ado opciones como <a data-voc-vtm-id=\"in-text-traffic\" href=\"https:\/\/www.mujerhoy.com\/moda\/no-te-pierdas\/vestido-camisero-hym-barato-flores-look-con-zapatillas-comodo-ponible-rejuvenece-a-los-50-20220515175514-nt.html\">este de 20 euros de H&amp;M <\/a> o <a data-voc-vtm-id=\"in-text-traffic\" href=\"https:\/\/www.mujerhoy.com\/moda\/no-te-pierdas\/alpargatas-cuna-elegantes-negras-comodas-ponibles-made-in-spain-look-arreglado-oficina-20220520121231-nt.html\">estas alpargatas de cu\u00f1a elegantes y made in Spain<\/a>. Sin embargo, si a un dise\u00f1o bonito, tendencia, c\u00f3modo, ponible, barato y hecho en Espa\u00f1a como esos le a\u00f1adimos <strong>el car\u00e1cter solidario<\/strong> conseguimos la opci\u00f3n perfecta que no puedes dejar escapar. Y as\u00ed es el look que ha lucido <strong>Marta Pombo<\/strong> en su perfil de Instagram.\n<\/p>\n<div class=\"voc-detail__cmp\">\n<div class=\"voc-grouper-related__wrapper\">\n<section class=\"voc-grouper-related voc-detail-section voc-detail-section--bdr-bottom\">\n<h4 class=\"voc-grouper-related-title voc-title-section voc-title-section--underline\"> TAMBI\u00c9N TE INTERESA <\/h4>\n<div class=\"voc-grouper-related__grid voc-grid voc-grid--2-cols\">\n<div class=\"voc-article-container\">\n<article class=\"voc-article voc-article--cmp-related voc-article--cmp-related--2-cols voc-article--photo-left voc-home-tit-st \">\n<div class=\"voc-img-container \"><picture><a href=\"https:\/\/www.mujerhoy.com\/moda\/no-te-pierdas\/vestidos-lenceros-zara-look-invitada-sexy-elegante-todos-los-colores-20220519133550-ga.html#vca=modulos&amp;vso=mujerhoy&amp;vmc=noticias-rel-cmp&amp;vli=tendencias\" class=\"voc-horizontal voc-img-icon-link\"><img alt=\"Estos originales y elegantes vestidos con efecto tie dye son c\u00f3modos, sientan de maravilla y rejuvenecen a los 40\" class=\"lazy\" loading=\"lazy\" data-original=\" \/\/static3.mujerhoy.com\/www\/multimedia\/202205\/23\/media\/cortadas\/vestido-tie-dye-k12H-U170184299380siH-624x624@MujerHoy.jpg \"><\/a><\/picture><\/div>\n<\/article>\n<\/div>\n<div class=\"voc-article-container\">\n<article class=\"voc-article voc-article--cmp-related voc-article--cmp-related--2-cols voc-article--photo-left voc-home-tit-st \">\n<div class=\"voc-img-container \"><picture><a href=\"https:\/\/www.mujerhoy.com\/moda\/no-te-pierdas\/vestidos-tunica-caftan-hym-lefties-oysho-massimo-dutti-zara-20220523075625-ga.html#vca=modulos&amp;vso=mujerhoy&amp;vmc=noticias-rel-cmp&amp;vli=tendencias\" class=\"voc-horizontal voc-img-icon-link\"><img alt=\"Las t\u00fanicas y caftanes que necesitas este verano para ir c\u00f3moda, fresquita y estilosa a todas partes\" class=\"lazy\" loading=\"lazy\" data-original=\" \/\/static2.mujerhoy.com\/www\/multimedia\/202205\/23\/media\/cortadas\/tunicas-aper-ksrE--984x552@MujerHoy.jpg \"><\/a><\/picture><\/div>\n<\/article>\n<\/div>\n<\/div>\n<\/section>\n<\/div>\n<\/div>\n<p class=\"voc-paragraph\">La influencer luce dos piezas de una colecci\u00f3n c\u00e1psula que ha lanzado junto a <strong>Pol\u00edn et Moi<\/strong>. Y esta es una colecci\u00f3n en favor de la salud mental que pretende<br \/>\n<strong> recaudar horas de terapia para gente con recursos econ\u00f3micos limitados<\/strong>. Horas de terapia de la mano de Amalgama social, quienes se encargan de acercar profesionales de psicolog\u00eda a personas que no pueden permitirse acudir a terapia. Pol\u00edn et Moi es una firma espa\u00f1ola con prendas ideales que celebra su s\u00e9ptimo aniversario focalizando sus esfuerzos en <strong>dar voz a la salud mental<\/strong> y ser un canal que intenta eliminar los tab\u00faes que existen acerca de la terapia. <\/p>\n<div class=\"voc-detail__cmp\" readability=\"6\">\n<div class=\"voc-photo-combo-three fw-xs\" readability=\"7\">\n<p class=\"figure-caption\"><span class=\"voc-photo-caption\">El look de Pol\u00edn et Moi de Marta Pombo.<\/span><span class=\"voc-photo-author\"><\/span><\/p>\n<\/div>\n<\/div>\n<p class=\"voc-paragraph\">Las prendas que componen la colecci\u00f3n en esta ocasi\u00f3n no son lo importante. S\u00ed lo es lo que hay detr\u00e1s de ellas. Aunque hay que reconocer que las prendas son ideales y<br \/>\n<strong> reflejan el romanticismo de Pol\u00edn <\/strong>y su esencia. Son piezas que Marta ha escogido con mucho cari\u00f1o para que puedan ser un \u00e9xito y conseguir el m\u00e1ximo de horas de terapia y que ella misma ha confirmado que quedan de maravilla.\n<\/p>\n<p class=\"voc-paragraph\">Marta lleva en esa fotograf\u00eda un<br \/>\n<strong> vestido camisero largo con estampado de amebas en color crudo<\/strong>. Tiene el cuello solapa y botones delanteros hasta el bajo, lleva la manga 3\/4 terminada en pu\u00f1o con bot\u00f3n y un corte en la cintura con tela del mismo estampado a modo cintur\u00f3n. Cuesta <strong>69,95 euros<\/strong> y est\u00e1 disponible entres tallas: S, M y L. Y Marta, que ya luce tripita de embarazada, lo combin\u00f3 con las <strong>alpargatas de cu\u00f1a <\/strong>de la colecci\u00f3n. Es un modelo de cu\u00f1a de ante en color malva que lleva el escote delantero con forma de coraz\u00f3n y una cinta para anudar al tobillo en color taupe con l\u00farex. Cuestan <strong>85,95 euros <\/strong>y ya son de nuestras favoritas. <\/p>\n<div class=\"voc-detail__cmp\">\n<div class=\"voc-grouper-related__wrapper\">\n<section class=\"voc-grouper-related voc-detail-section voc-detail-section--bdr-bottom\">\n<h4 class=\"voc-grouper-related-title voc-title-section voc-title-section--underline\"> TE RECOMENDAMOS <\/h4>\n<div class=\"voc-grouper-related__grid voc-grid voc-grid--2-cols\">\n<div class=\"voc-article-container\">\n<article class=\"voc-article voc-article--cmp-related voc-article--cmp-related--2-cols voc-article--photo-left voc-home-tit-st \">\n<div class=\"voc-img-container \"><picture><a href=\"https:\/\/www.mujerhoy.com\/moda\/no-te-pierdas\/eugenia-martinez-de-irujo-vestido-invitada-rejuvenece-favorece-hace-parecer-mas-alta-original-bonito-espectacular-20220521112408-nt.html#vca=modulos&amp;vso=mujerhoy&amp;vmc=noticias-rel-cmp&amp;vli=tendencias\" class=\"voc-horizontal voc-img-icon-link\"><img alt=\"Sabemos de d\u00f3nde es el rejuvenecedor vestido de invitada de Eugenia Mart\u00ednez de Irujo que es perfecto para parecer m\u00e1s alta\" class=\"lazy\" loading=\"lazy\" data-original=\" \/\/static.mujerhoy.com\/www\/multimedia\/202205\/21\/media\/cortadas\/eugenia-martinez-de-irujo-vestido-invitada-kemC-U170167280405HLD-624x624@MujerHoy.jpg \"><\/a><\/picture><\/div>\n<\/article>\n<\/div>\n<div class=\"voc-article-container\">\n<article class=\"voc-article voc-article--cmp-related voc-article--cmp-related--2-cols voc-article--photo-left voc-home-tit-st \">\n<div class=\"voc-img-container \"><picture><a href=\"https:\/\/www.mujerhoy.com\/moda\/no-te-pierdas\/isabel-diaz-ayuso-vestido-zara-barato-estiliza-favorece-look-comodo-ponible-oficina-20220521102036-nt.html#vca=modulos&amp;vso=mujerhoy&amp;vmc=noticias-rel-cmp&amp;vli=tendencias\" class=\"voc-horizontal voc-img-icon-link\"><img alt=\"El vestido de Zara de 25 euros de Isabel D\u00edaz Ayuso que estiliza much\u00edsimo y es perfecto para un look de oficina\" class=\"lazy\" loading=\"lazy\" data-original=\" \/\/static.mujerhoy.com\/www\/multimedia\/202205\/21\/media\/cortadas\/isabel-diaz-ayuso-look-rejuvenecedor-kXY-U170167030817PbH-624x624@MujerHoy.jpg \"><\/a><\/picture><\/div>\n<\/article>\n<\/div>\n<\/div>\n<\/section>\n<\/div>\n<\/div>\n<p><!-- TOPICS --><\/p>\n","protected":false},"excerpt":{"rendered":"<p>Durante estos d\u00edas donde el buen tiempo ha sido protagonista te hemos ense\u00f1ado propuestas ideales para hacerte con el look de la temporada: vestido camisero y alpargatas. Para conseguirlo, te hemos ense\u00f1ado opciones como este de 20 euros de H&amp;M o estas alpargatas de cu\u00f1a elegantes y made in Spain. Sin embargo, si a un [&hellip;]<\/p>\n","protected":false},"author":1,"featured_media":42147,"comment_status":"closed","ping_status":"closed","sticky":false,"template":"","format":"standard","meta":[],"categories":[1],"tags":[],"_links":{"self":[{"href":"http:\/\/hoycordobaweb.com\/index.php\/wp-json\/wp\/v2\/posts\/42146"}],"collection":[{"href":"http:\/\/hoycordobaweb.com\/index.php\/wp-json\/wp\/v2\/posts"}],"about":[{"href":"http:\/\/hoycordobaweb.com\/index.php\/wp-json\/wp\/v2\/types\/post"}],"author":[{"embeddable":true,"href":"http:\/\/hoycordobaweb.com\/index.php\/wp-json\/wp\/v2\/users\/1"}],"replies":[{"embeddable":true,"href":"http:\/\/hoycordobaweb.com\/index.php\/wp-json\/wp\/v2\/comments?post=42146"}],"version-history":[{"count":0,"href":"http:\/\/hoycordobaweb.com\/index.php\/wp-json\/wp\/v2\/posts\/42146\/revisions"}],"wp:featuredmedia":[{"embeddable":true,"href":"http:\/\/hoycordobaweb.com\/index.php\/wp-json\/wp\/v2\/media\/42147"}],"wp:attachment":[{"href":"http:\/\/hoycordobaweb.com\/index.php\/wp-json\/wp\/v2\/media?parent=42146"}],"wp:term":[{"taxonomy":"category","embeddable":true,"href":"http:\/\/hoycordobaweb.com\/index.php\/wp-json\/wp\/v2\/categories?post=42146"},{"taxonomy":"post_tag","embeddable":true,"href":"http:\/\/hoycordobaweb.com\/index.php\/wp-json\/wp\/v2\/tags?post=42146"}],"curies":[{"name":"wp","href":"https:\/\/api.w.org\/{rel}","templated":true}]}}