{"id":42136,"date":"2022-05-26T12:00:04","date_gmt":"2022-05-26T12:00:04","guid":{"rendered":"https:\/\/www.ole.com.ar\/padel\/arturo-coello-premier-padel-belasteguin_0_sx9EfnmsOK.html"},"modified":"2022-05-26T12:00:04","modified_gmt":"2022-05-26T12:00:04","slug":"coello-hoy-no-me-veo-con-otro-companero-es-el-momento-de-belasteguin","status":"publish","type":"post","link":"http:\/\/hoycordobaweb.com\/index.php\/2022\/05\/26\/coello-hoy-no-me-veo-con-otro-companero-es-el-momento-de-belasteguin\/","title":{"rendered":"Coello: \u00abHoy no me veo con otro compa\u00f1ero, es el momento de Belastegu\u00edn\u00bb"},"content":{"rendered":"<p><img src=\"http:\/\/hoycordobaweb.com\/wp-content\/uploads\/2022\/05\/coello-hoy-no-me-veo-con-otro-companero-es-el-momento-de-belasteguin.jpg\"><\/p>\n<p><strong>Arturo Coello (20 a\u00f1os, en Valladolid) ha sido, indudablemente, la gran aparici\u00f3n del p\u00e1del de la \u00faltima temporada<\/strong>. En un lapso de 365 d\u00edas pas\u00f3 de aceptar el desaf\u00edo de compartir el 20&#215;10 con Miguel Lamperti -con quien ya cosech\u00f3 buenos resultados- a ganar su primer t\u00edtulo dentro del circuito profesional junto con Fernando Belastegu\u00edn.<\/p>\n<p>El atl\u00e9tico zurdo de 1.90 toma esta evoluci\u00f3n con naturalidad. Y eso sorprende: los 23 a\u00f1os de edad que hay entre \u00e9l y Bela no son un impedimento para competir al m\u00e1ximo nivel. Y desea que su &#8216;sue\u00f1o&#8217; contin\u00fae: en di\u00e1logo con este medio en el Foro It\u00e1lico de Roma, donde se disputa el Italy Major de Premier Padel, Arturo analizar\u00e1 -lo que va de- su temporada y blanquear\u00e1 sus intenciones a futuro.<\/p>\n<div class=\"sp__SM\">\n<div class=\"content-new \">\n<span class=\"tit-mobile\">Mir\u00e1 tambi\u00e9n<\/span><\/p>\n<div class=\"mg\">\n<div class=\"wrap-figure\">\n<picture>\n<a href=\"https:\/\/www.ole.com.ar\/padel\/premier-padel-mendoza-conferencia-prensa_0_kuk68QDPeD.html\" target=\"_self\" rel=\"noopener noreferrer\"><br \/>\n<img class=\"img-responsive\" alt=\"Argentina Premier Padel: tres canchas en el estadio y entradas a dos mil pesos\" src=\"http:\/\/hoycordobaweb.com\/wp-content\/uploads\/2022\/05\/coello-hoy-no-me-veo-con-otro-companero-es-el-momento-de-belasteguin-2.jpg\" loading=\"lazy\"><br \/>\n<\/a>\n<\/picture>\n<\/div>\n<\/div><\/div>\n<\/div>\n<p><strong>&#8211; La \u00faltima entrevista con Ol\u00e9 te tomaba en simult\u00e1neo con el llamado de Belastegu\u00edn. Han pasado bastantes cosas desde aquel entonces&#8230;<\/strong><\/p>\n<p><strong>\u200b<\/strong>J\u00e1, y desde ese momento el balance es positivo. Haberme unido a Fer (Belastegu\u00edn) es lo mejor que pude haber hecho. Estoy aprendiendo un mont\u00f3n cada d\u00eda, he ganado mi primer t\u00edtulo y me siento mucho m\u00e1s maduro. Para cualquier chaval, convivir con Fer es como un sue\u00f1o que hay que aprovecha al m\u00e1ximo. Yo lo estoy exprimiendo y aprendiendo en cada momento. Por eso quiero que esta uni\u00f3n sea muy larga.<\/p>\n<div class=\"sp__SM\">\n<div class=\"content-new \">\n<span class=\"tit-mobile\">Mir\u00e1 tambi\u00e9n<\/span><\/p>\n<div class=\"mg\">\n<div class=\"wrap-figure\">\n<picture>\n<a href=\"https:\/\/www.ole.com.ar\/padel\/premier-padel-roma-cuadro-calendario_0_NWsEYv3VkM.html\" target=\"_self\" rel=\"noopener noreferrer\"><br \/>\n<img class=\"img-responsive\" alt=\"Los caminos conducen al Premier de Roma: cuadro principal, argentinos y transmisi\u00f3n\" src=\"http:\/\/hoycordobaweb.com\/wp-content\/uploads\/2022\/05\/coello-hoy-no-me-veo-con-otro-companero-es-el-momento-de-belasteguin-3.jpg\" loading=\"lazy\"><br \/>\n<\/a>\n<\/picture>\n<\/div>\n<\/div><\/div>\n<\/div>\n<p><strong>&#8211; \u00bfAl comienzo fue un problema la diferencia de edad?<\/strong><\/p>\n<p>Si te digo que hubo alg\u00fan problema, te mentir\u00eda. Fue perfecto desde el d\u00eda uno. \u00c9l entiende que tengo 20 a\u00f1os y yo que \u00e9l tiene 43. El aprecio entre ambos es incre\u00edble y no s\u00f3lo por lo que aportamos como jugadores. Hoy realmente creo que Fer es el culpable de que estemos en Roma, en el Foro It\u00e1lico, jugando este Premier Padel. Le debemos mucho. Sobre todo yo.<\/p>\n<p><strong>\u200b-&nbsp;\u00bfHaber sido campe\u00f3n en Miami te sac\u00f3 una mochila?<\/strong><\/p>\n<p>Digamos que s\u00e9 que, al final, jugar con Fer conlleva tener que ganar. Sin ir m\u00e1s lejos, \u00e9l ha sido campe\u00f3n con todos sus compa\u00f1eros. Entonces no s\u00e9 si la palabra correcta es que sent\u00ed &#8216;alivio&#8217;, pero empezar a ganarles a los grandes fue un envi\u00f3n an\u00edmico para sumar confianza. Ambos sabemos que somos una pareja que, jugando bien y siendo regulares, podemos dar mucha batalla. Ahora el plan es mantenerlo en el tiempo para jugar muchas m\u00e1s finales.<\/p>\n<p><strong>&#8211; Muchos empezaron a seguir tu carrera cuando recibiste el llamado de Belastegu\u00edn. \u00bfCre\u00e9s que hoy Arturo Coello ya tiene la fuerza de&nbsp;un nombre propio en el circuito?<\/strong><\/p>\n<p>S\u00ed. Pero al final pasa algo: a mi lado tengo la sombra alargada de mi compa\u00f1ero, que es el mejor jugador de la historia. Es l\u00f3gico que los focos vayan hacia \u00e9l. Yo soy un chaval joven que puede ser campe\u00f3n y todo lo que quieras, pero a mi lado juega una leyenda. Me encanta poder vivir \u00e9sto de cerca y de momento lo disfruto.<\/p>\n<p><strong>&#8211; En el inicio de la entrevista has dicho \u00abme gustar\u00eda que \u00e9sto contin\u00fae mucho tiempo\u00bb.<\/strong><\/p>\n<p>Es que quiero jugar con Belastegu\u00edn todo el tiempo que sea posible. Tampoco puedo afirmar \u00e9sto a un largo plazo pero siempre que los resultados sean favorables y nuestras sanciones sean buenas, la pareja ir\u00e1 para adelante. Pero si un d\u00eda \u00e9l o yo detecta que juntos hemos dado nuestro mejor nivel y que los resultados no son los esperados durante un largo per\u00edodo de tiempo, habr\u00eda que to,ar una decisi\u00f3n. Hoy no me veo con otro compa\u00f1ero, es el momento de Bela. Para m\u00ed es una gran tranquilidad saber que estoy con el mejor compa\u00f1ero que puedo tener. Me queda a\u00fan mucho por aprender.<\/p>\n<p><strong>&#8211; Se dice que cuando a un jugador lo buscan otros clubes es porque est\u00e1n haciendo las cosas bien. \u00bfA vos te han llamado?<\/strong><\/p>\n<p>J\u00e1, la realidad es que no. O porque no se animan o porque no me ven interesante. Todos en el circuito saben la relaci\u00f3n que tengo con Fer: hoy estoy muy contento con \u00e9l y, ya te digo, tendr\u00eda que pasar algo muy muy grave para que tome esa decisi\u00f3n.<\/p>\n<div class=\"entry-tags\">\n<h2>TEMAS QUE APARECEN EN ESTA NOTA<\/h2>\n<\/p><\/div>\n","protected":false},"excerpt":{"rendered":"<p>Arturo Coello (20 a\u00f1os, en Valladolid) ha sido, indudablemente, la gran aparici\u00f3n del p\u00e1del de la \u00faltima temporada. En un lapso de 365 d\u00edas pas\u00f3 de aceptar el desaf\u00edo de compartir el 20&#215;10 con Miguel Lamperti -con quien ya cosech\u00f3 buenos resultados- a ganar su primer t\u00edtulo dentro del circuito profesional junto con Fernando Belastegu\u00edn. [&hellip;]<\/p>\n","protected":false},"author":1,"featured_media":42137,"comment_status":"open","ping_status":"closed","sticky":false,"template":"","format":"standard","meta":[],"categories":[16],"tags":[],"_links":{"self":[{"href":"http:\/\/hoycordobaweb.com\/index.php\/wp-json\/wp\/v2\/posts\/42136"}],"collection":[{"href":"http:\/\/hoycordobaweb.com\/index.php\/wp-json\/wp\/v2\/posts"}],"about":[{"href":"http:\/\/hoycordobaweb.com\/index.php\/wp-json\/wp\/v2\/types\/post"}],"author":[{"embeddable":true,"href":"http:\/\/hoycordobaweb.com\/index.php\/wp-json\/wp\/v2\/users\/1"}],"replies":[{"embeddable":true,"href":"http:\/\/hoycordobaweb.com\/index.php\/wp-json\/wp\/v2\/comments?post=42136"}],"version-history":[{"count":0,"href":"http:\/\/hoycordobaweb.com\/index.php\/wp-json\/wp\/v2\/posts\/42136\/revisions"}],"wp:featuredmedia":[{"embeddable":true,"href":"http:\/\/hoycordobaweb.com\/index.php\/wp-json\/wp\/v2\/media\/42137"}],"wp:attachment":[{"href":"http:\/\/hoycordobaweb.com\/index.php\/wp-json\/wp\/v2\/media?parent=42136"}],"wp:term":[{"taxonomy":"category","embeddable":true,"href":"http:\/\/hoycordobaweb.com\/index.php\/wp-json\/wp\/v2\/categories?post=42136"},{"taxonomy":"post_tag","embeddable":true,"href":"http:\/\/hoycordobaweb.com\/index.php\/wp-json\/wp\/v2\/tags?post=42136"}],"curies":[{"name":"wp","href":"https:\/\/api.w.org\/{rel}","templated":true}]}}