{"id":42132,"date":"2022-05-26T12:35:25","date_gmt":"2022-05-26T12:35:25","guid":{"rendered":"https:\/\/www.ole.com.ar\/boca-juniors\/boca-intimidad-previa-cali_0_Uoo89GWNk9.html"},"modified":"2022-05-26T12:35:25","modified_gmt":"2022-05-26T12:35:25","slug":"video-la-intimidad-del-campeon-previo-a-la-copa","status":"publish","type":"post","link":"http:\/\/hoycordobaweb.com\/index.php\/2022\/05\/26\/video-la-intimidad-del-campeon-previo-a-la-copa\/","title":{"rendered":"Video: la intimidad del campe\u00f3n previo a la Copa"},"content":{"rendered":"<p><img src=\"http:\/\/hoycordobaweb.com\/wp-content\/uploads\/2022\/05\/video-la-intimidad-del-campeon-previo-a-la-copa.jpg\"><\/p>\n<p><a alt=\"boca-juniors\" class=\"slug\" href=\"https:\/\/www.ole.com.ar\/tema\/boca-juniors.html\" target=\"_blank\" title=\"boca-juniors\" rel=\"noopener noreferrer\">Boca<\/a> tiene otra final. S\u00ed, cuatro d\u00edas despu\u00e9s de haber disputado una en C\u00f3rdoba, en la que consigui\u00f3 su estrella 72, no hay respiro: este jueves se juega a todo o nada el pase a los octavos de final de la <a alt=\"copa-libertadores\" class=\"slug\" href=\"https:\/\/www.ole.com.ar\/tema\/copa-libertadores.html\" target=\"_blank\" title=\"copa-libertadores\" rel=\"noopener noreferrer\">Copa Libertadores<\/a> ante <a alt=\"deportivo-cali\" class=\"slug\" href=\"https:\/\/www.ole.com.ar\/tema\/deportivo-cali.html\" target=\"_blank\" title=\"deportivo-cali\" rel=\"noopener noreferrer\">Deportivo Cali<\/a>. Lo bueno es que el equipo&nbsp;llega en un clima inmejorable, todav\u00eda con las mieles de la consagraci\u00f3n en el Kempes, que lo fortaleci\u00f3 de cuerpo, alma y esp\u00edritu.<strong> Y eso se nota en el video que difundi\u00f3 el club en estas horas, con la intimidad del plantel previo al choque copero, como nunca se lo vio&#8230;<\/strong><\/p>\n<p><strong>El video arranca con el cartel presentaci\u00f3n, el famoso \u00abentrenamiento invisible\u00bb,<\/strong> el que combina el descanso con la alimentaci\u00f3n sana para la alta competencia. Y ah\u00ed aparecen las im\u00e1genes que por lo general nunca se ven: Chelo Weigandt preparando su mate con el n\u00famero 57, el de su camiseta; Battaglia, el DT que sobrevivi\u00f3 a la tormenta, untando una tostada durante el desayuno; Varela, el cinco del campe\u00f3n, sirvi\u00e9ndose un caf\u00e9 de m\u00e1quina&nbsp;y avisando que \u00abtengo que esperar que esto se cargue\u00bb; <strong>Romero, un obsesivo de la alimentaci\u00f3n, arm\u00e1ndose un plato de&nbsp;\u00abpapaya con avena\u00bb. <\/strong>Todo en un ambiente c\u00e1lido, ameno, de alegr\u00eda&#8230;<\/p>\n<div class=\"sp__SM\">\n<div class=\"content-new \">\n<span class=\"tit-mobile\">Mir\u00e1 tambi\u00e9n<\/span><\/p>\n<div class=\"mg\">\n<div class=\"wrap-figure\">\n<picture>\n<a href=\"https:\/\/www.ole.com.ar\/boca-juniors\/boca-deportivo-cali-libertadores-octavos_0_8Xr8WWKDvW.html\" target=\"_self\" rel=\"noopener noreferrer\"><br \/>\n<img class=\"img-responsive\" alt=\"\u00bfQu\u00e9 necesita Boca para clasificar a octavos?\" src=\"http:\/\/hoycordobaweb.com\/wp-content\/uploads\/2022\/05\/video-la-intimidad-del-campeon-previo-a-la-copa-2.jpg\" loading=\"lazy\"><br \/>\n<\/a>\n<\/picture>\n<\/div>\n<\/div><\/div>\n<\/div>\n<div class=\"sp__SM\">\n<div class=\"content-new \">\n<span class=\"tit-mobile\">Mir\u00e1 tambi\u00e9n<\/span><\/p>\n<div class=\"mg\">\n<div class=\"wrap-figure\">\n<picture>\n<a href=\"https:\/\/www.ole.com.ar\/futbol-primera\/torneo-2022-superclasico-boca-river-debut-arsenal-defensa_0_q7NQRsjxp8.html\" target=\"_self\" rel=\"noopener noreferrer\"><br \/>\n<img class=\"img-responsive\" alt=\"Pr\u00f3ximo torneo: \u00bfcu\u00e1ndo es el Supercl\u00e1sico y contra qui\u00e9nes debutan Boca y River?\" src=\"http:\/\/hoycordobaweb.com\/wp-content\/uploads\/2022\/05\/video-la-intimidad-del-campeon-previo-a-la-copa-3.jpg\" loading=\"lazy\"><br \/>\n<\/a> <\/picture>\n<\/div>\n<\/div><\/div>\n<\/div>\n<p>Ah\u00ed mismo, se pude ver la mesa del cuerpo t\u00e9cnico a pleno,&nbsp;separada de la de los jugadores. Y enseguida, los cocineros Walter y Jorge haciendo de las suyas. Por ejemplo, un licuado de frutilla, bien sano, s\u00f3lo con esa fruta y agua, aunque de acuerdo a la preferencia de cada jugador.<strong> \u00abA Moli (Aaron Molinas) no le gusta muy licuado, sino con pedacitos de fruta\u00bb,<\/strong> cuentan. Y tambi\u00e9n se ve la elaboraci\u00f3n de los chip\u00e1, tambi\u00e9n protagonistas del desayuno previo al entrenamiento de la ma\u00f1ana.<\/p>\n<div class=\"sp__Normal\">\n<div class=\"image-embeb image-trigger\" readability=\"6.5\">\n<picture><source media=\"(min-width: 720px)\" srcset=\"http:\/\/hoycordobaweb.com\/wp-content\/uploads\/2022\/05\/video-la-intimidad-del-campeon-previo-a-la-copa-4.jpg\"><img itemprop=\"image\" src=\"http:\/\/hoycordobaweb.com\/wp-content\/uploads\/2022\/05\/video-la-intimidad-del-campeon-previo-a-la-copa-4.jpg\" loading=\"lazy\" alt=\"Romero y Avila, en una imagen del almuerzo del plantel de Boca.\">\n<\/picture><figcaption readability=\"3\">\n<p>Romero y Avila, en una imagen del almuerzo del plantel de Boca.\n<\/p>\n<\/figcaption><\/div>\n<\/div>\n<div class=\"sp__SM\">\n<div class=\"content-new \">\n<span class=\"tit-mobile\">Mir\u00e1 tambi\u00e9n<\/span><\/p>\n<div class=\"mg\">\n<div class=\"wrap-figure\">\n<picture>\n<a href=\"https:\/\/www.ole.com.ar\/boca-juniors\/boca-battaglia-copa-final-equipo_0_S4iMAfHZS9.html\" target=\"_self\" rel=\"noopener noreferrer\"><br \/>\n<img class=\"img-responsive\" alt=\"El 11 de Boca para otra final\" src=\"http:\/\/hoycordobaweb.com\/wp-content\/uploads\/2022\/05\/video-la-intimidad-del-campeon-previo-a-la-copa-5.jpg\" loading=\"lazy\"><br \/>\n<\/a>\n<\/picture>\n<\/div>\n<\/div><\/div>\n<\/div>\n<p>Luego, entra en escena el tradicional truco, siempre presente en las concentraciones, el que sigue uniendo a los m\u00e1s grandes con los m\u00e1s pibes. <strong>En este caso, a Benedetto cargando al Gato \u00c1vila, quien&nbsp;jug\u00f3 en pareja con el Chelo Weigandt: \u00ab\u00bfFue se\u00f1a eso, no? Fue se\u00f1a, ehhh\u00bb, lo descubri\u00f3 el goleador al defensor.<\/strong> Y hasta le revel\u00f3 el gesto.&nbsp;\u00abTe tocaste el cacheta y ac\u00e1 la oreja\u00bb, le tir\u00f3,&nbsp;ante la carcajada del lateral, consciente de que le hab\u00edan descubierto la movida.<\/p>\n<p>Luego, aparece en imagen un termo, el de Exequiel Zeballos, con la imagen de Maradona, el Diego siempre presente en la vida de Boca y de todos los argentinos.<strong> Y la m\u00fasica de S\u00faper Quinteto, el grupo santiague\u00f1o de cumbia que suena en la pieza que comparten el Changuito y Pol Fern\u00e1ndez en el hotel Intercontinental,<\/strong> mientras ambos juegan al pool virtual y se divierten con las fotos que ser\u00e1n parte de la intimidad del campe\u00f3n.<\/p>\n<div class=\"sp__Normal\">\n<div class=\"image-embeb image-trigger\" readability=\"6.5\">\n<picture><source media=\"(min-width: 720px)\" srcset=\"http:\/\/hoycordobaweb.com\/wp-content\/uploads\/2022\/05\/video-la-intimidad-del-campeon-previo-a-la-copa-6.jpg\"><img itemprop=\"image\" src=\"http:\/\/hoycordobaweb.com\/wp-content\/uploads\/2022\/05\/video-la-intimidad-del-campeon-previo-a-la-copa-6.jpg\" loading=\"lazy\" alt=\"Pol Fern\u00e1ndez y Zeballos, en la habitaci\u00f3n de Boca en la concentraci\u00f3n.\">\n<\/picture><figcaption readability=\"3\">\n<p>Pol Fern\u00e1ndez y Zeballos, en la habitaci\u00f3n de Boca en la concentraci\u00f3n.\n<\/p>\n<\/figcaption><\/div>\n<\/div>\n<h2><strong>El look tambi\u00e9n cuenta<\/strong><\/h2>\n<p>Ya en el tramo final, el video muestra algo cada vez m\u00e1s habitual en los planteles: el cuidado de la est\u00e9tica de los jugadores. S\u00ed, todos ya tienen un peluquero designado que se acerca a la concentraci\u00f3n para lookear a los futbolistas, en este caso a Agust\u00edn Sandez, quien cuenta que se corta \u00abuna vez por semana\u00bb, mientras el estilista avisa que el m\u00e1s exigente de todos&nbsp;no es el lateral, sino Salvio:<strong> \u00abEl Toto lleva m\u00e1s laburo, eh\u00bb.<\/strong><\/p>\n<div class=\"sp__Normal\">\n<div class=\"image-embeb image-trigger\" readability=\"6\">\n<picture><source media=\"(min-width: 720px)\" srcset=\"http:\/\/hoycordobaweb.com\/wp-content\/uploads\/2022\/05\/video-la-intimidad-del-campeon-previo-a-la-copa-7.jpg\"><img itemprop=\"image\" src=\"http:\/\/hoycordobaweb.com\/wp-content\/uploads\/2022\/05\/video-la-intimidad-del-campeon-previo-a-la-copa-7.jpg\" loading=\"lazy\" alt=\"El plantel de Boca tambi\u00e9n festej\u00f3 el cumple de Juan Ram\u00edrez.\">\n<\/picture><figcaption readability=\"2\">\n<p>El plantel de Boca tambi\u00e9n festej\u00f3 el cumple de Juan Ram\u00edrez.\n<\/p>\n<\/figcaption><\/div>\n<\/div>\n<p>De ah\u00ed, al almuerzo post entrenamiento. Y entonces, aparece Nico Figal, <a target=\"_blank\" href=\"https:\/\/www.ole.com.ar\/boca-juniors\/boca-battaglia-copa-final-equipo_0_S4iMAfHZS9.html\" rel=\"noopener noreferrer\">uno de los cambios de Battaglia para el choque clave de este jueves contra Deportivo Cali<\/a>, sirvi\u00e9ndose un \u00abpoquito de pollo\u00bb, la comida que nunca falta. Y por \u00faltimo&nbsp;asoma el capit\u00e1n Izquierdoz, el que cierra el video intimista, con su sello: <strong>\u00abAhora se me cae el salm\u00f3n y sab\u00e9s qu\u00e9 quilombo armamos&#8230;\u00bb.<\/strong><\/p>\n<p>Boca, el campe\u00f3n, vivi\u00f3 la previa a Cali con alegr\u00eda. Ahora lleg\u00f3 la hora de jugar a todo o nada&#8230; S\u00ed, otra vez.<\/p>\n<div class=\"entry-tags\">\n<h2>TEMAS QUE APARECEN EN ESTA NOTA<\/h2>\n<\/p><\/div>\n","protected":false},"excerpt":{"rendered":"<p>Boca tiene otra final. S\u00ed, cuatro d\u00edas despu\u00e9s de haber disputado una en C\u00f3rdoba, en la que consigui\u00f3 su estrella 72, no hay respiro: este jueves se juega a todo o nada el pase a los octavos de final de la Copa Libertadores ante Deportivo Cali. Lo bueno es que el equipo&nbsp;llega en un clima [&hellip;]<\/p>\n","protected":false},"author":1,"featured_media":42133,"comment_status":"open","ping_status":"closed","sticky":false,"template":"","format":"standard","meta":[],"categories":[16],"tags":[],"_links":{"self":[{"href":"http:\/\/hoycordobaweb.com\/index.php\/wp-json\/wp\/v2\/posts\/42132"}],"collection":[{"href":"http:\/\/hoycordobaweb.com\/index.php\/wp-json\/wp\/v2\/posts"}],"about":[{"href":"http:\/\/hoycordobaweb.com\/index.php\/wp-json\/wp\/v2\/types\/post"}],"author":[{"embeddable":true,"href":"http:\/\/hoycordobaweb.com\/index.php\/wp-json\/wp\/v2\/users\/1"}],"replies":[{"embeddable":true,"href":"http:\/\/hoycordobaweb.com\/index.php\/wp-json\/wp\/v2\/comments?post=42132"}],"version-history":[{"count":0,"href":"http:\/\/hoycordobaweb.com\/index.php\/wp-json\/wp\/v2\/posts\/42132\/revisions"}],"wp:featuredmedia":[{"embeddable":true,"href":"http:\/\/hoycordobaweb.com\/index.php\/wp-json\/wp\/v2\/media\/42133"}],"wp:attachment":[{"href":"http:\/\/hoycordobaweb.com\/index.php\/wp-json\/wp\/v2\/media?parent=42132"}],"wp:term":[{"taxonomy":"category","embeddable":true,"href":"http:\/\/hoycordobaweb.com\/index.php\/wp-json\/wp\/v2\/categories?post=42132"},{"taxonomy":"post_tag","embeddable":true,"href":"http:\/\/hoycordobaweb.com\/index.php\/wp-json\/wp\/v2\/tags?post=42132"}],"curies":[{"name":"wp","href":"https:\/\/api.w.org\/{rel}","templated":true}]}}