{"id":42128,"date":"2022-05-25T13:33:54","date_gmt":"2022-05-25T13:33:54","guid":{"rendered":"https:\/\/manoamanocba.com.ar\/?p=5345"},"modified":"2022-05-25T13:33:54","modified_gmt":"2022-05-25T13:33:54","slug":"cordoba-celebro-el-25-de-mayo-con-el-cambio-de-guardia-en-el-cabildo","status":"publish","type":"post","link":"http:\/\/hoycordobaweb.com\/index.php\/2022\/05\/25\/cordoba-celebro-el-25-de-mayo-con-el-cambio-de-guardia-en-el-cabildo\/","title":{"rendered":"C\u00f3rdoba celebr\u00f3 el 25 de Mayo con el cambio de Guardia en el Cabildo"},"content":{"rendered":"<p>El intendente de C\u00f3rdoba, Mart\u00edn Llaryora, encabez\u00f3 el evento \u201cEl Sol del 25 Viene Asomando\u201d, en el del marco de la celebraci\u00f3n del 212\u00ba aniversario de la Revoluci\u00f3n de Mayo.<\/p>\n<p>El festejo patrio, con entrada libre y gratuita, convoc\u00f3 a las familias en la explanada del Cabildo donde disfrutaron de las presentaciones de la Academia de Danzas Folcl\u00f3ricas Costumbre y Tradici\u00f3n, y del elenco estable Ballet Municipal.<\/p>\n<p><a href=\"http:\/\/manoamanocba.com.ar\/wp-content\/uploads\/2022\/05\/Hubo-cambio-de-guardias-en-el-Cabildo.jpg\"><img loading=\"lazy\" class=\"size-medium wp-image-5348 aligncenter\" src=\"http:\/\/hoycordobaweb.com\/wp-content\/uploads\/2022\/05\/cordoba-celebro-el-25-de-mayo-con-el-cambio-de-guardia-en-el-cabildo.jpg\" alt width=\"300\" height=\"200\" srcset=\"http:\/\/hoycordobaweb.com\/wp-content\/uploads\/2022\/05\/cordoba-celebro-el-25-de-mayo-con-el-cambio-de-guardia-en-el-cabildo.jpg 300w, http:\/\/hoycordobaweb.com\/wp-content\/uploads\/2022\/05\/cordoba-celebro-el-25-de-mayo-con-el-cambio-de-guardia-en-el-cabildo-2.jpg 1024w, http:\/\/hoycordobaweb.com\/wp-content\/uploads\/2022\/05\/cordoba-celebro-el-25-de-mayo-con-el-cambio-de-guardia-en-el-cabildo-3.jpg 768w, http:\/\/hoycordobaweb.com\/wp-content\/uploads\/2022\/05\/cordoba-celebro-el-25-de-mayo-con-el-cambio-de-guardia-en-el-cabildo-4.jpg 272w, http:\/\/hoycordobaweb.com\/wp-content\/uploads\/2022\/05\/cordoba-celebro-el-25-de-mayo-con-el-cambio-de-guardia-en-el-cabildo-5.jpg 1280w\" sizes=\"(max-width: 300px) 100vw, 300px\"><\/a><\/p>\n<p>Adem\u00e1s, en el gran escenario se realizaron shows para todo p\u00fablico con la actuaci\u00f3n de Los 4 de C\u00f3rdoba, el grupo Suyai, y el d\u00fao Nacho y Daniel.<\/p>\n<p>Una vez finalizadas las presentaciones art\u00edsticas, el jefe comunal hizo entrega de una plaqueta a Los 4 de C\u00f3rdoba, como reconocimiento por su destacado aporte a la cultura de la ciudad a lo largo de sus 53 a\u00f1os de trayectoria.<\/p>\n<p><a href=\"http:\/\/manoamanocba.com.ar\/wp-content\/uploads\/2022\/05\/7f84333c-f533-4072-b146-a9db77d6d7aa.jpg\"><img loading=\"lazy\" class=\"size-medium wp-image-5347 aligncenter\" src=\"http:\/\/hoycordobaweb.com\/wp-content\/uploads\/2022\/05\/cordoba-celebro-el-25-de-mayo-con-el-cambio-de-guardia-en-el-cabildo-1.jpg\" alt width=\"300\" height=\"200\" srcset=\"http:\/\/hoycordobaweb.com\/wp-content\/uploads\/2022\/05\/cordoba-celebro-el-25-de-mayo-con-el-cambio-de-guardia-en-el-cabildo-6.jpg 300w, http:\/\/hoycordobaweb.com\/wp-content\/uploads\/2022\/05\/cordoba-celebro-el-25-de-mayo-con-el-cambio-de-guardia-en-el-cabildo-7.jpg 1024w, http:\/\/hoycordobaweb.com\/wp-content\/uploads\/2022\/05\/cordoba-celebro-el-25-de-mayo-con-el-cambio-de-guardia-en-el-cabildo-8.jpg 768w, http:\/\/hoycordobaweb.com\/wp-content\/uploads\/2022\/05\/cordoba-celebro-el-25-de-mayo-con-el-cambio-de-guardia-en-el-cabildo-9.jpg 272w, http:\/\/hoycordobaweb.com\/wp-content\/uploads\/2022\/05\/cordoba-celebro-el-25-de-mayo-con-el-cambio-de-guardia-en-el-cabildo-10.jpg 1280w\" sizes=\"(max-width: 300px) 100vw, 300px\"><\/a><\/p>\n<p>Alrededor de las 18, el intendente Llaryora presidi\u00f3 el tradicional Relevo de Guardia del Hist\u00f3rico Cabildo de la Ciudad, a cargo del Regimiento de Infanter\u00eda de Paracaidistas 2 \u201cGeneral Balcarce\u201d, con la participaci\u00f3n especial de la Banda Militar \u201cBoquer\u00f3n\u201d.<\/p>\n<p>En la explanada del Cabildo, 74 efectivos militares desfilaron con trajes de \u00e9poca y con armamento hist\u00f3rico durante el acto patri\u00f3tico.<\/p>\n","protected":false},"excerpt":{"rendered":"<p>El intendente de C\u00f3rdoba, Mart\u00edn Llaryora, encabez\u00f3 el evento \u201cEl Sol del 25 Viene Asomando\u201d, en el del marco de la celebraci\u00f3n del 212\u00ba aniversario de la Revoluci\u00f3n de Mayo. El festejo patrio, con entrada libre y gratuita, convoc\u00f3 a las familias en la explanada del Cabildo donde disfrutaron de las presentaciones de la Academia [&hellip;]<\/p>\n","protected":false},"author":1,"featured_media":42129,"comment_status":"closed","ping_status":"closed","sticky":false,"template":"","format":"standard","meta":[],"categories":[19],"tags":[],"_links":{"self":[{"href":"http:\/\/hoycordobaweb.com\/index.php\/wp-json\/wp\/v2\/posts\/42128"}],"collection":[{"href":"http:\/\/hoycordobaweb.com\/index.php\/wp-json\/wp\/v2\/posts"}],"about":[{"href":"http:\/\/hoycordobaweb.com\/index.php\/wp-json\/wp\/v2\/types\/post"}],"author":[{"embeddable":true,"href":"http:\/\/hoycordobaweb.com\/index.php\/wp-json\/wp\/v2\/users\/1"}],"replies":[{"embeddable":true,"href":"http:\/\/hoycordobaweb.com\/index.php\/wp-json\/wp\/v2\/comments?post=42128"}],"version-history":[{"count":0,"href":"http:\/\/hoycordobaweb.com\/index.php\/wp-json\/wp\/v2\/posts\/42128\/revisions"}],"wp:featuredmedia":[{"embeddable":true,"href":"http:\/\/hoycordobaweb.com\/index.php\/wp-json\/wp\/v2\/media\/42129"}],"wp:attachment":[{"href":"http:\/\/hoycordobaweb.com\/index.php\/wp-json\/wp\/v2\/media?parent=42128"}],"wp:term":[{"taxonomy":"category","embeddable":true,"href":"http:\/\/hoycordobaweb.com\/index.php\/wp-json\/wp\/v2\/categories?post=42128"},{"taxonomy":"post_tag","embeddable":true,"href":"http:\/\/hoycordobaweb.com\/index.php\/wp-json\/wp\/v2\/tags?post=42128"}],"curies":[{"name":"wp","href":"https:\/\/api.w.org\/{rel}","templated":true}]}}