{"id":42122,"date":"2022-05-25T21:30:04","date_gmt":"2022-05-25T21:30:04","guid":{"rendered":"https:\/\/ladecimaweb.com\/?p=13594"},"modified":"2022-05-25T21:30:04","modified_gmt":"2022-05-25T21:30:04","slug":"covid-19-autorizaron-aplicar-dosis-de-refuerzo-en-ninos-y-ninas-de-5-a-11-anos","status":"publish","type":"post","link":"http:\/\/hoycordobaweb.com\/index.php\/2022\/05\/25\/covid-19-autorizaron-aplicar-dosis-de-refuerzo-en-ninos-y-ninas-de-5-a-11-anos\/","title":{"rendered":"Covid-19: autorizaron aplicar dosis de refuerzo en ni\u00f1os y ni\u00f1as de 5 a 11 a\u00f1os"},"content":{"rendered":"<div class=\"boldgrid-section\">\n<div class=\"container\">\n<div class=\"row\">\n<div class=\"col-md-12 col-xs-12 col-sm-12\">\n<p class=\"\">El ministerio de Salud de la Naci\u00f3n autoriz\u00f3 la aplicaci\u00f3n de las dosis de refuerzo contra el<span>&nbsp;<\/span><strong>Covid-19<\/strong><span>&nbsp;<\/span>en<span>&nbsp;<\/span><strong>ni\u00f1os y ni\u00f1as de 5 a 11 a\u00f1os<\/strong>. En un comunicado, la cartera sanitaria inform\u00f3 que se inocular\u00e1 a menores de edad con la plataforma ARN y las dosis ser\u00e1n administradas, por lo menos,<span>&nbsp;<\/span><strong>120 d\u00edas despu\u00e9s de completado el esquema de vacunaci\u00f3n inicial<\/strong>.<\/p>\n<p class=\"\">La medida se tom\u00f3 luego de la reuni\u00f3n del<span>&nbsp;<\/span><strong>Consejo Federal de Salud<\/strong><span>&nbsp;<\/span>(COFESA), de la que participaron autoridades de los ministerios de Salud de las 24 jurisdicciones, en donde consensuaron iniciar con la aplicaci\u00f3n de las vacunas.<\/p>\n<p class=\"\">En el caso de C\u00f3rdoba, se informa que la Provincia comenzar\u00e1 el<span>&nbsp;<\/span><strong>lunes 30 de mayo<\/strong><span>&nbsp;<\/span>con<strong>&nbsp;la aplicaci\u00f3n de la dosis de refuerzo Covid-19 para ni\u00f1os y ni\u00f1as de 5 a 11 a\u00f1os.<\/strong><span>&nbsp;<\/span>En este caso, las vacunas utilizadas ser\u00e1n de plataforma ARN.<\/p>\n<p>Para esta inoculaci\u00f3n, solo ser\u00e1 necesario que hayan transcurrido&nbsp;<strong>cuatro meses<span>&nbsp;<\/span><em>-120 d\u00edas-<\/em><span>&nbsp;<\/span><\/strong><strong>despu\u00e9s de haber completado el esquema de vacunaci\u00f3n inicial con primera y segunda dosis o tercera dosis en el caso de pacientes inmunocomprometidos.<\/strong><\/p>\n<p>Al igual que la estrategia con Pfizer pedi\u00e1trica, la aplicaci\u00f3n de la dosis de refuerzo en la ciudad de C\u00f3rdoba seguir\u00e1 el mismo cronograma en los hospitales provinciales; mientras que, en el interior, se mantendr\u00e1 la estrategia inicial para esta vacuna, que requiere una inscripci\u00f3n previa en los vacunatorios locales.<\/p>\n<h4><strong>Cronograma en la ciudad capital<\/strong><\/h4>\n<p><strong>Lunes:<\/strong><\/p>\n<ul>\n<li><strong>Hospital San Roque viejo:<\/strong><span>&nbsp;<\/span>de 7:30 a 19:30 horas \u2013 Rosario de Santa Fe 374 \u2013<span>&nbsp;<\/span><a href=\"https:\/\/goo.gl\/maps\/4uVfLRh2wcBRZ7Ky9\" target=\"_blank\" rel=\"noreferrer noopener\">https:\/\/goo.gl\/maps\/4uVfLRh2wcBRZ7Ky9<\/a><\/li>\n<\/ul>\n<p><strong>Martes:<\/strong><\/p>\n<ul class=\"\">\n<li><strong>Hospital de Ni\u00f1os:<\/strong><span>&nbsp;<\/span>de 7:00 a 22:00 horas \u2013 Bajada Pucar\u00e1 \u2013<span>&nbsp;<\/span><a href=\"https:\/\/goo.gl\/maps\/eQDMRQ5Aoz6zEn7W7\" target=\"_blank\" rel=\"noreferrer noopener\">https:\/\/goo.gl\/maps\/eQDMRQ5Aoz6zEn7W7<\/a><\/li>\n<\/ul>\n<p><strong>Mi\u00e9rcoles:<\/strong><\/p>\n<ul>\n<li><strong>Hospital San Roque viejo:<\/strong><span>&nbsp;<\/span>de 7:30 a 19:30 horas \u2013 Rosario de Santa Fe 374 \u2013<span>&nbsp;<\/span><a href=\"https:\/\/goo.gl\/maps\/4uVfLRh2wcBRZ7Ky9\" target=\"_blank\" rel=\"noreferrer noopener\">https:\/\/goo.gl\/maps\/4uVfLRh2wcBRZ7Ky9<\/a><\/li>\n<li><strong>Hospital Pedi\u00e1trico:<\/strong><span>&nbsp;<\/span>de 8 a 19 horas \u2013 Av. Castro Barros 650 \u2013&nbsp;<span>&nbsp;<\/span><a href=\"https:\/\/goo.gl\/maps\/8Tw2war6XmqSWDGY8\" target=\"_blank\" rel=\"noreferrer noopener\">https:\/\/goo.gl\/maps\/8Tw2war6XmqSWDGY8<\/a><\/li>\n<\/ul>\n<p><strong>Jueves:<\/strong><\/p>\n<ul>\n<li><strong>Hospital Infantil:<span>&nbsp;<\/span><\/strong>de 8 a 17 horas \u2013 Lavalleja 3050 \u2013&nbsp;<span>&nbsp;<\/span><a href=\"https:\/\/goo.gl\/maps\/Y3m14WjuGVzcMAqz9\" target=\"_blank\" rel=\"noreferrer noopener\">https:\/\/goo.gl\/maps\/Y3m14WjuGVzcMAqz9<\/a><\/li>\n<\/ul>\n<p><strong>Viernes:<\/strong><\/p>\n<ul>\n<li><strong>Hospital Misericordia:<\/strong><span>&nbsp;<\/span>de 7 a 22 horas \u2013 Belgrano 1502\u2013<span>&nbsp;<\/span><a href=\"https:\/\/goo.gl\/maps\/nrCSuPsC3DVPpbcNA\" target=\"_blank\" rel=\"noreferrer noopener\">https:\/\/goo.gl\/maps\/nrCSuPsC3DVPpbcNA<\/a><\/li>\n<\/ul>\n<p>Se recuerda que ni\u00f1os y ni\u00f1as deber\u00e1n&nbsp;concurrir acompa\u00f1ados de sus padres, madres o adultos a cargo, con sus respetivas identificaciones, y el carnet de vacunaci\u00f3n Covid-19.<\/p>\n<p>Esta estrategia, que busca avanzar en el refuerzo de vacunaci\u00f3n en la poblaci\u00f3n infantil de 5 a 11 a\u00f1os, fue consensuada en el marco de la \u00faltima reuni\u00f3n del Consejo Federal de Salud&nbsp;(COFESA), encabezada por la ministra de Salud de la Naci\u00f3n, Carla Vizzotti, con la participaci\u00f3n de sus pares de las 24 jurisdicciones del pa\u00eds. Adem\u00e1s, la misma cuenta con el apoyo cient\u00edfico de la Sociedad Argentina de Pediatr\u00eda (SAP).<\/p>\n<div class=\"ubm_banner\"><a href=\"https:\/\/www.cba.gov.ar\/10-https:\/\/www.cba.gov.ar\/10-mil-viviendas\/?csrt=8333084810548506306\" target=\"_blank\" rel=\"dofollow noopener noreferrer\"><img src=\"http:\/\/hoycordobaweb.com\/wp-content\/uploads\/2022\/05\/covid-19-autorizaron-aplicar-dosis-de-refuerzo-en-ninos-y-ninas-de-5-a-11-anos.gif\" alt=\"\"><\/a><\/div>\n<\/div>\n<\/div>\n<\/div>\n<\/div>\n<p>La entrada <a rel=\"nofollow\" href=\"https:\/\/ladecimaweb.com\/covid-19-autorizaron-aplicar-dosis-de-refuerzo-en-ninos-y-ninas-de-5-a-11-anos\/\">Covid-19: autorizaron aplicar dosis de refuerzo en ni\u00f1os y ni\u00f1as de 5 a 11 a\u00f1os<\/a> se public\u00f3 primero en <a rel=\"nofollow\" href=\"https:\/\/ladecimaweb.com\">LaDecima<\/a>.<\/p>\n","protected":false},"excerpt":{"rendered":"<p>El ministerio de Salud de la Naci\u00f3n autoriz\u00f3 la aplicaci\u00f3n de las dosis de refuerzo contra el&nbsp;Covid-19&nbsp;en&nbsp;ni\u00f1os y ni\u00f1as de 5 a 11 a\u00f1os. En un comunicado, la cartera sanitaria inform\u00f3 que se inocular\u00e1 a menores de edad con la plataforma ARN y las dosis ser\u00e1n administradas, por lo menos,&nbsp;120 d\u00edas despu\u00e9s de completado el [&hellip;]<\/p>\n","protected":false},"author":1,"featured_media":42123,"comment_status":"closed","ping_status":"closed","sticky":false,"template":"","format":"standard","meta":[],"categories":[19],"tags":[],"_links":{"self":[{"href":"http:\/\/hoycordobaweb.com\/index.php\/wp-json\/wp\/v2\/posts\/42122"}],"collection":[{"href":"http:\/\/hoycordobaweb.com\/index.php\/wp-json\/wp\/v2\/posts"}],"about":[{"href":"http:\/\/hoycordobaweb.com\/index.php\/wp-json\/wp\/v2\/types\/post"}],"author":[{"embeddable":true,"href":"http:\/\/hoycordobaweb.com\/index.php\/wp-json\/wp\/v2\/users\/1"}],"replies":[{"embeddable":true,"href":"http:\/\/hoycordobaweb.com\/index.php\/wp-json\/wp\/v2\/comments?post=42122"}],"version-history":[{"count":0,"href":"http:\/\/hoycordobaweb.com\/index.php\/wp-json\/wp\/v2\/posts\/42122\/revisions"}],"wp:featuredmedia":[{"embeddable":true,"href":"http:\/\/hoycordobaweb.com\/index.php\/wp-json\/wp\/v2\/media\/42123"}],"wp:attachment":[{"href":"http:\/\/hoycordobaweb.com\/index.php\/wp-json\/wp\/v2\/media?parent=42122"}],"wp:term":[{"taxonomy":"category","embeddable":true,"href":"http:\/\/hoycordobaweb.com\/index.php\/wp-json\/wp\/v2\/categories?post=42122"},{"taxonomy":"post_tag","embeddable":true,"href":"http:\/\/hoycordobaweb.com\/index.php\/wp-json\/wp\/v2\/tags?post=42122"}],"curies":[{"name":"wp","href":"https:\/\/api.w.org\/{rel}","templated":true}]}}