{"id":42107,"date":"2022-05-26T07:04:44","date_gmt":"2022-05-26T07:04:44","guid":{"rendered":"https:\/\/www.espinof.com\/animacion\/boku-no-hero-academia-all-might-protagonista-nuevo-teaser-que-celebra-arco-final-manga"},"modified":"2022-05-26T07:04:44","modified_gmt":"2022-05-26T07:04:44","slug":"boku-no-hero-academia-all-might-es-el-protagonista-del-nuevo-teaser-que-celebra-el-arco-final-del-manga","status":"publish","type":"post","link":"http:\/\/hoycordobaweb.com\/index.php\/2022\/05\/26\/boku-no-hero-academia-all-might-es-el-protagonista-del-nuevo-teaser-que-celebra-el-arco-final-del-manga\/","title":{"rendered":"&#8216;Boku no Hero Academia&#8217;: All Might es el protagonista del nuevo teaser que celebra el arco final del manga"},"content":{"rendered":"<p>A\u00fan tendremos que esperar hasta oto\u00f1o para poder ver la sexta temporada del anime de &#8216;Boku no Hero Academia&#8217;. Mientras tanto y para aprovechar el veranito tendremos dos nuevas OVAs que se estrenar\u00e1n pronto&#8230; y <strong>el manga<\/strong>, claro. <\/p>\n<p><!-- BREAK 1 --><\/p>\n<p>El manga de <strong>Kohei Horikoshi<\/strong> contin\u00faa public\u00e1ndose en la revista Sh\u014dnen Jump desde 2014 y ya sabemos que <strong>el mangaka est\u00e1 trabajando en el arco final de la serie<\/strong>, que comenz\u00f3 a publicarse en marzo de 2021. Horikoshi confirm\u00f3 que planea terminar la historia para finales de este a\u00f1o, y con las apuestas tan altas cada nueva publicaci\u00f3n tiene a sus fans en vilo. <\/p>\n<p><!-- BREAK 2 --> <!--more--> <\/p>\n<div class=\"article-asset article-asset-normal article-asset-center\">\n<div class=\"desvio-container\">\n<div class=\"desvio\">\n<div class=\"desvio-figure js-desvio-figure\"> <a href=\"https:\/\/www.espinof.com\/fecha-de-estreno\/boku-no-hero-academia-fecha-estreno-trailer-todo-que-sabemos-nuevas-ovas-serie-anime\"> <img alt=\"'Boku no Hero Academia': todo lo que sabemos sobre las nuevas OVAs de la serie de anime\" src=\"http:\/\/hoycordobaweb.com\/wp-content\/uploads\/2022\/05\/boku-no-hero-academia-all-might-es-el-protagonista-del-nuevo-teaser-que-celebra-el-arco-final-del-manga.png\"> <\/a> <\/div><\/div><\/div>\n<\/div>\n<h2>Un final demasiado cercano<\/h2>\n<p>Cerrar una serie tan ic\u00f3nica como <strong>&#8216;Boku no Hero Academia&#8217;<\/strong>, que sin lugar a dudas es una de las m\u00e1s grandes del momento, no es moco de pavo. <strong>El volumen 34 del manga<\/strong> se ha publicado este mismo mes, y para celebrarlo se ha podido ver un teaser animado con momentos claves del manga donde <strong>All Might<\/strong> es una de las figuras principales junto a otros h\u00e9roes profesionales. <\/p>\n<p><!-- BREAK 3 --> <\/p>\n<p>Este peque\u00f1o homenaje animado no es el \u00fanico que tenemos por delante, y en principio la semana que viene habr\u00e1 un nuevo v\u00eddeo promocional con m\u00e1s sorpresas. <\/p>\n<p><!-- BREAK 4 --><\/p>\n<blockquote class=\"twitter-tweet\" readability=\"6.221198156682\">\n<p lang=\"ja\" dir=\"ltr\">\u3010\u65b0\u7740\u52d5\u753b\u3011<br \/>\u300e<a href=\"https:\/\/twitter.com\/hashtag\/%E5%83%95%E3%81%AE%E3%83%92%E3%83%BC%E3%83%AD%E3%83%BC%E3%82%A2%E3%82%AB%E3%83%87%E3%83%9F%E3%82%A2?src=hash&amp;ref_src=twsrc%5Etfw\">#\u50d5\u306e\u30d2\u30fc\u30ed\u30fc\u30a2\u30ab\u30c7\u30df\u30a2<\/a>\u300f\u672c\u8a8c\u306e\u3008\u7d42\u7ae0\u3009\u767d\u71b1\u3092\u8a18\u5ff5\u3057\u3001\u201c\u30d7\u30ed\u30d2\u30fc\u30ed\u30fc\u201d\u306b\u30d5\u30a9\u30fc\u30ab\u30b9\u3092\u5f53\u3066\u305f\u8c6a\u83efPV\u3092\u516c\u958b\uff01<a href=\"https:\/\/t.co\/gyWIABjOmX\">https:\/\/t.co\/gyWIABjOmX<\/a><\/p>\n<p>\u6765\u9031\u306f\u201c\u25a0\u25a0\u25a0\u25a0\u201dPV\u3092\u516c\u958b\u4e88\u5b9a\u3002<br \/>\u30b3\u30df\u30c3\u30af\u30b9\u6700\u65b034\u5dfb\u5927\u597d\u8a55\u767a\u58f2\u4e2d\u3002<a href=\"https:\/\/twitter.com\/hashtag\/%E3%83%92%E3%83%AD%E3%82%A2%E3%82%AB?src=hash&amp;ref_src=twsrc%5Etfw\">#\u30d2\u30ed\u30a2\u30ab<\/a> <a href=\"https:\/\/twitter.com\/hashtag\/%E5%A0%80%E8%B6%8A%E8%80%95%E5%B9%B3?src=hash&amp;ref_src=twsrc%5Etfw\">#\u5800\u8d8a\u8015\u5e73<\/a> <a href=\"https:\/\/twitter.com\/hashtag\/%E3%82%B8%E3%83%A3%E3%83%B3%E3%83%97?src=hash&amp;ref_src=twsrc%5Etfw\">#\u30b8\u30e3\u30f3\u30d7<\/a> <a href=\"https:\/\/t.co\/Pqnk4RdDAG\">pic.twitter.com\/Pqnk4RdDAG<\/a><\/p>\n<p>\u2014 \u30b8\u30e3\u30f3\u30d7\u516c\u5f0fYouTube\u30c1\u30e3\u30f3\u30cd\u30eb (@jumpch_youtube) <a href=\"https:\/\/twitter.com\/jumpch_youtube\/status\/1528390227785527296?ref_src=twsrc%5Etfw\">May 22, 2022<\/a><\/p><\/blockquote>\n<p>Parece que cada vez queda menos historia de &#8216;<strong>Boku no Hero Academia<\/strong>&#8216; por delante. No es para nada el final del anime y todav\u00eda tendremos muchos cap\u00edtulos por delante, y seguramente m\u00e1s OVAs y pel\u00edculas a la vista. Mientras tanto, Horikoshi parece bastante a gusto de poder cerrar la historia en sus propios t\u00e9rminos y a su ritmo, y ha dejado caer que quiz\u00e1s se atreva a probar con un manga de terror en el futuro. <\/p>\n<p><!-- BREAK 5 --><\/p>\n<p>Eso s\u00ed, <strong>el mundo de &#8216;Boku no Hero Academia&#8217; tiene much\u00edsimo potencial por delante<\/strong> y no habr\u00eda que sorprenderse si con el tiempo terminamos con alg\u00fan tipo de secuela, ya sea con m\u00e1s p\u00e1ginas de manga o un anime original.<\/p>\n<p><!-- BREAK 6 --> <\/p>\n","protected":false},"excerpt":{"rendered":"<p>A\u00fan tendremos que esperar hasta oto\u00f1o para poder ver la sexta temporada del anime de &#8216;Boku no Hero Academia&#8217;. Mientras tanto y para aprovechar el veranito tendremos dos nuevas OVAs que se estrenar\u00e1n pronto&#8230; y el manga, claro. El manga de Kohei Horikoshi contin\u00faa public\u00e1ndose en la revista Sh\u014dnen Jump desde 2014 y ya sabemos [&hellip;]<\/p>\n","protected":false},"author":1,"featured_media":42108,"comment_status":"open","ping_status":"closed","sticky":false,"template":"","format":"standard","meta":[],"categories":[1],"tags":[],"_links":{"self":[{"href":"http:\/\/hoycordobaweb.com\/index.php\/wp-json\/wp\/v2\/posts\/42107"}],"collection":[{"href":"http:\/\/hoycordobaweb.com\/index.php\/wp-json\/wp\/v2\/posts"}],"about":[{"href":"http:\/\/hoycordobaweb.com\/index.php\/wp-json\/wp\/v2\/types\/post"}],"author":[{"embeddable":true,"href":"http:\/\/hoycordobaweb.com\/index.php\/wp-json\/wp\/v2\/users\/1"}],"replies":[{"embeddable":true,"href":"http:\/\/hoycordobaweb.com\/index.php\/wp-json\/wp\/v2\/comments?post=42107"}],"version-history":[{"count":0,"href":"http:\/\/hoycordobaweb.com\/index.php\/wp-json\/wp\/v2\/posts\/42107\/revisions"}],"wp:featuredmedia":[{"embeddable":true,"href":"http:\/\/hoycordobaweb.com\/index.php\/wp-json\/wp\/v2\/media\/42108"}],"wp:attachment":[{"href":"http:\/\/hoycordobaweb.com\/index.php\/wp-json\/wp\/v2\/media?parent=42107"}],"wp:term":[{"taxonomy":"category","embeddable":true,"href":"http:\/\/hoycordobaweb.com\/index.php\/wp-json\/wp\/v2\/categories?post=42107"},{"taxonomy":"post_tag","embeddable":true,"href":"http:\/\/hoycordobaweb.com\/index.php\/wp-json\/wp\/v2\/tags?post=42107"}],"curies":[{"name":"wp","href":"https:\/\/api.w.org\/{rel}","templated":true}]}}