{"id":42101,"date":"2022-05-25T13:22:00","date_gmt":"2022-05-25T13:22:00","guid":{"rendered":"http:\/\/hoycordobaweb.com\/index.php\/2022\/05\/25\/miercoles-con-lluvias-y-una-maxima-de-14-grados-en-el-amba\/"},"modified":"2022-05-25T13:22:00","modified_gmt":"2022-05-25T13:22:00","slug":"miercoles-con-lluvias-y-una-maxima-de-14-grados-en-el-amba","status":"publish","type":"post","link":"http:\/\/hoycordobaweb.com\/index.php\/2022\/05\/25\/miercoles-con-lluvias-y-una-maxima-de-14-grados-en-el-amba\/","title":{"rendered":"Mi\u00e9rcoles con lluvias y una m\u00e1xima de 14 grados en el AMBA"},"content":{"rendered":"<p><img src=\"http:\/\/hoycordobaweb.com\/wp-content\/uploads\/2022\/05\/miercoles-con-lluvias-y-una-maxima-de-14-grados-en-el-amba.jpg\"><\/p>\n<div><img src=\"http:\/\/hoycordobaweb.com\/wp-content\/uploads\/2022\/05\/miercoles-con-lluvias-y-una-maxima-de-14-grados-en-el-amba-2.jpg\" class=\"ff-og-image-inserted\"><\/div>\n<h3>Alerta por tormentas<\/h3>\n<p>El Servicio Meteorol\u00f3gico Nacional (SMN) emiti\u00f3 dos alertas, uno por tormentas fuertes con lluvias intensas, r\u00e1fagas y ocasional ca\u00edda de granizo para las provincias de Santa Fe, Corrientes y Entre R\u00edos; y otro por lluvias intensas para el \u00c1rea Metropolitana y R\u00edo de la Plata.<\/p>\n<p>De acuerdo al informe del organismo, a las 7.50 se emiti\u00f3 un alerta por <strong>\u00ablluvias intensas\u00bb para las localidades entrerrianas de Gualeguay e Islas del Ibicuy, la zona del R\u00edo de la Plata y la Ciudad de Buenos Aires<\/strong>.<\/p>\n<p>Adem\u00e1s, este aviso a corto plazo que se actualizar\u00e1 dentro de tres horas, afectar\u00e1 los partidos bonaerenses de Almirante Brown, Avellaneda, Baradero, Berazategui, Berisso, Brandsen, Campana, Ca\u00f1uelas, Ensenada, Escobar, Esteban Echeverria, Exaltaci\u00f3n de la Cruz, Ezeiza, Florencio Varela, General Belgrano y General Las Heras.<\/p>\n<p>Tambi\u00e9n en General Rodriguez, General San Martin, Hurlingham, Ituzaing\u00f3, Jos\u00e9 C. Paz, La Matanza, La Plata, Lan\u00fas, Lobos, Lomas de Zamora, Luj\u00e1n, Magdalena, Malvinas Argentina, Marcos Paz, Merlo, Moreno, Mor\u00f3n, Pilar, Presidente Per\u00f3n, Quilmes, San Antonio de Giles, San Antonio de Areco, San Fernando, San Isidro, San Miguel, San Vicente, Tigre, Tres de Febrero, Vicente L\u00f3pez y Zarate.<\/p>\n<p>En tanto, el otro alerta que emiti\u00f3 a las 8.12 es por \u00ab<strong>tormentas fuertes con lluvias intensas, r\u00e1fagas y ocasional ca\u00edda de granizo\u00bb, y que tambi\u00e9n se actualizar\u00e1 en tres horas, es para las localidades santafesinas de General Obligado y San Javier.<\/strong><\/p>\n<p>Tambi\u00e9n afectar\u00e1 las localidades correntinas de Bella Vista, Concepci\u00f3n, Curuz\u00fa Cuati\u00e1, Esquina, Goya, Lavalle, Mercedes, Monte Caseros, Paso de los Libres, San Roque y Sauce; mientras que para la zona de Entre R\u00edos el alerta alcanza a Concordia, Federaci\u00f3n, Federal, La Paz y San Jos\u00e9 de Feliciano.<\/p>\n<p>A ra\u00edz de las alertas, el SMN recomend\u00f3 permanecer en construcciones cerradas como casas, escuelas o edificios p\u00fablicos, asegurar los objetos que puedan ser arrojados por el viento, mantenerse alejado de los \u00e1rboles ya que la fuerza del viento podr\u00eda quebrar alguna de sus ramas, alejarse de artefactos el\u00e9ctricos y evit\u00e1 el uso de tel\u00e9fonos con cable, evitar circular por calles inundadas o afectadas.<\/p>\n<p>Si hay riesgo de que el agua ingrese en las viviendas, se aconseja cortar el suministro el\u00e9ctrico, as\u00ed como tambi\u00e9n evitar actividades al aire libre, y para minimizar el riesgo de ser alcanzado por un rayo no permanecer en playas, r\u00edos, lagunas o piletas.<\/p>\n","protected":false},"excerpt":{"rendered":"<p>Alerta por tormentas El Servicio Meteorol\u00f3gico Nacional (SMN) emiti\u00f3 dos alertas, uno por tormentas fuertes con lluvias intensas, r\u00e1fagas y ocasional ca\u00edda de granizo para las provincias de Santa Fe, Corrientes y Entre R\u00edos; y otro por lluvias intensas para el \u00c1rea Metropolitana y R\u00edo de la Plata. De acuerdo al informe del organismo, a [&hellip;]<\/p>\n","protected":false},"author":1,"featured_media":42102,"comment_status":"open","ping_status":"closed","sticky":false,"template":"","format":"standard","meta":[],"categories":[19],"tags":[],"_links":{"self":[{"href":"http:\/\/hoycordobaweb.com\/index.php\/wp-json\/wp\/v2\/posts\/42101"}],"collection":[{"href":"http:\/\/hoycordobaweb.com\/index.php\/wp-json\/wp\/v2\/posts"}],"about":[{"href":"http:\/\/hoycordobaweb.com\/index.php\/wp-json\/wp\/v2\/types\/post"}],"author":[{"embeddable":true,"href":"http:\/\/hoycordobaweb.com\/index.php\/wp-json\/wp\/v2\/users\/1"}],"replies":[{"embeddable":true,"href":"http:\/\/hoycordobaweb.com\/index.php\/wp-json\/wp\/v2\/comments?post=42101"}],"version-history":[{"count":0,"href":"http:\/\/hoycordobaweb.com\/index.php\/wp-json\/wp\/v2\/posts\/42101\/revisions"}],"wp:featuredmedia":[{"embeddable":true,"href":"http:\/\/hoycordobaweb.com\/index.php\/wp-json\/wp\/v2\/media\/42102"}],"wp:attachment":[{"href":"http:\/\/hoycordobaweb.com\/index.php\/wp-json\/wp\/v2\/media?parent=42101"}],"wp:term":[{"taxonomy":"category","embeddable":true,"href":"http:\/\/hoycordobaweb.com\/index.php\/wp-json\/wp\/v2\/categories?post=42101"},{"taxonomy":"post_tag","embeddable":true,"href":"http:\/\/hoycordobaweb.com\/index.php\/wp-json\/wp\/v2\/tags?post=42101"}],"curies":[{"name":"wp","href":"https:\/\/api.w.org\/{rel}","templated":true}]}}