{"id":42081,"date":"2022-05-24T12:30:08","date_gmt":"2022-05-24T12:30:08","guid":{"rendered":"https:\/\/manoamanocba.com.ar\/?p=5330"},"modified":"2022-05-24T12:30:08","modified_gmt":"2022-05-24T12:30:08","slug":"presentaron-los-nuevos-billetes-con-proceres-y-heroinas","status":"publish","type":"post","link":"http:\/\/hoycordobaweb.com\/index.php\/2022\/05\/24\/presentaron-los-nuevos-billetes-con-proceres-y-heroinas\/","title":{"rendered":"Presentaron los nuevos billetes con pr\u00f3ceres y hero\u00ednas"},"content":{"rendered":"<p>El presidente Alberto Fern\u00e1ndez encabez\u00f3 este lunes la presentaci\u00f3n de una nueva serie de billetes con figuras relevantes de la historia argentina.<\/p>\n<p>Los nuevos billetes con pr\u00f3ceres y hero\u00ednas reemplazar\u00e1n las ilustraciones de animales, los cuales fueron emitidos durante la gesti\u00f3n de <strong>Mauricio Macri<\/strong>.<\/p>\n<p>\u00abLo que estamos haciendo es volver a poner a nuestros pr\u00f3ceres y hero\u00ednas, a los hombres y las mujeres que hicieron historia en la Argentina en los billetes. Con esto recuperamos identidad social\u00bb, dijo el Presidente, a la vez que&nbsp;descart\u00f3 la emisi\u00f3n de nuevas denominaciones de billetes.<\/p>\n<p>La nueva familia de billetes de la Rep\u00fablica Argentina que, se espera, estar\u00e1n en circulaci\u00f3n antes de que finalice el a\u00f1o, se compone de cuatro denominaciones (100, 200, 500 y 1.000 pesos), con la representaci\u00f3n de tres mujeres y tres varones, inform\u00f3 el Banco Central (BCRA).<\/p>\n<p><strong>La elecci\u00f3n de estas figuras trascendentes para la historia del pa\u00eds se basa en su lucha por la independencia, el desarrollo, la inclusi\u00f3n y la ampliaci\u00f3n de derechos.<\/strong><\/p>\n<p>Como elemento singular, dos de las denominaciones homenajean a dos personalidades en un mismo billete. La familia se compondr\u00e1 por los siguientes billetes:<strong>&nbsp;$100, Mar\u00eda Eva Duarte de Per\u00f3n; $200, Mart\u00edn Miguel de G\u00fcemes y Juana Azurduy; $500, Mar\u00eda Remedios del Valle y Manuel Belgrano; y $1.000, Jos\u00e9 de San Mart\u00edn.<\/strong><\/p>\n<p>Adem\u00e1s de la recuperaci\u00f3n de personalidades hist\u00f3ricas, en lugar de los animales aut\u00f3ctonos impuestos en 2016, los nuevos billetes volver\u00e1n a tener su lectura en formato horizontal de ambos lados, a diferencia de los actuales que se leen de forma vertical en su frente.<\/p>\n<p><strong>Los nuevos billetes mantendr\u00e1n la paleta crom\u00e1tica para cada denominaci\u00f3n&nbsp;<\/strong>y conservar\u00e1n el tama\u00f1o de los billetes vigentes, que convivir\u00e1n con los actuales circulantes hasta su reemplazo por mal estado, seg\u00fan inform\u00f3 el presidente del BCRA, Miguel Pesce.<\/p>\n<p><strong>$100 (Mar\u00eda Eva Duarte de Per\u00f3n)<\/strong><\/p>\n<p><a href=\"http:\/\/manoamanocba.com.ar\/wp-content\/uploads\/2022\/05\/628c3285bcdc3_900.jpg\"><img loading=\"lazy\" class=\"size-medium wp-image-5332 aligncenter\" src=\"http:\/\/hoycordobaweb.com\/wp-content\/uploads\/2022\/05\/presentaron-los-nuevos-billetes-con-proceres-y-heroinas.jpg\" alt width=\"300\" height=\"123\" srcset=\"http:\/\/hoycordobaweb.com\/wp-content\/uploads\/2022\/05\/presentaron-los-nuevos-billetes-con-proceres-y-heroinas.jpg 300w, http:\/\/hoycordobaweb.com\/wp-content\/uploads\/2022\/05\/presentaron-los-nuevos-billetes-con-proceres-y-heroinas-8.jpg 768w, http:\/\/hoycordobaweb.com\/wp-content\/uploads\/2022\/05\/presentaron-los-nuevos-billetes-con-proceres-y-heroinas-9.jpg 900w\" sizes=\"(max-width: 300px) 100vw, 300px\"><\/a><\/p>\n<p>Seguir\u00e1 figurando en&nbsp;<strong>el billete de $100.<\/strong> Fue impulsora de la Ley 13.010 de sufragio femenino de 1947 -norma de vanguardia para la \u00e9poca que estableci\u00f3 la igualdad de derechos pol\u00edticos entre hombres y mujeres.<\/p>\n<p><a href=\"http:\/\/manoamanocba.com.ar\/wp-content\/uploads\/2022\/05\/628c3285d2f48_900.jpg\"><img loading=\"lazy\" class=\"size-medium wp-image-5333 aligncenter\" src=\"http:\/\/hoycordobaweb.com\/wp-content\/uploads\/2022\/05\/presentaron-los-nuevos-billetes-con-proceres-y-heroinas-1.jpg\" alt width=\"300\" height=\"121\" srcset=\"http:\/\/hoycordobaweb.com\/wp-content\/uploads\/2022\/05\/presentaron-los-nuevos-billetes-con-proceres-y-heroinas-10.jpg 300w, http:\/\/hoycordobaweb.com\/wp-content\/uploads\/2022\/05\/presentaron-los-nuevos-billetes-con-proceres-y-heroinas-11.jpg 768w, http:\/\/hoycordobaweb.com\/wp-content\/uploads\/2022\/05\/presentaron-los-nuevos-billetes-con-proceres-y-heroinas-12.jpg 900w\" sizes=\"(max-width: 300px) 100vw, 300px\"><\/a><\/p>\n<p><strong>$200 (Mart\u00edn Miguel de G\u00fcemes y Juana Azurduy)<\/strong><\/p>\n<p>Fueron protagonistas de la defensa de la soberan\u00eda argentina durante la Guerra de Independencia.<\/p>\n<p><strong>G\u00fcemes<\/strong> tambi\u00e9n intervino en la Reconquista y la Defensa de Buenos Aires durante las Invasiones Inglesas al Virreinato del R\u00edo de la Plata, fue gobernador de Salta y gran protagonista de la Guerra Gaucha.<\/p>\n<p><a href=\"http:\/\/manoamanocba.com.ar\/wp-content\/uploads\/2022\/05\/628c3285e0ad8_900.jpg\"><img loading=\"lazy\" class=\"size-medium wp-image-5334 aligncenter\" src=\"http:\/\/hoycordobaweb.com\/wp-content\/uploads\/2022\/05\/presentaron-los-nuevos-billetes-con-proceres-y-heroinas-2.jpg\" alt width=\"300\" height=\"120\" srcset=\"http:\/\/hoycordobaweb.com\/wp-content\/uploads\/2022\/05\/presentaron-los-nuevos-billetes-con-proceres-y-heroinas-13.jpg 300w, http:\/\/hoycordobaweb.com\/wp-content\/uploads\/2022\/05\/presentaron-los-nuevos-billetes-con-proceres-y-heroinas-14.jpg 768w, http:\/\/hoycordobaweb.com\/wp-content\/uploads\/2022\/05\/presentaron-los-nuevos-billetes-con-proceres-y-heroinas-15.jpg 900w\" sizes=\"(max-width: 300px) 100vw, 300px\"><\/a><\/p>\n<p><strong>Juana Azurduy&nbsp;<\/strong>es reconocida con honores por Bolivia y Argentina por haber tomado las armas en una sociedad que vedaba el acceso de las mujeres a la milicia, comandado batallones y movilizado a miles de ind\u00edgenas y mestizos a favor de la causa de la independencia<\/p>\n<p><a href=\"http:\/\/manoamanocba.com.ar\/wp-content\/uploads\/2022\/05\/628c3297719b1_900.jpg\"><img loading=\"lazy\" class=\"size-medium wp-image-5335 aligncenter\" src=\"http:\/\/hoycordobaweb.com\/wp-content\/uploads\/2022\/05\/presentaron-los-nuevos-billetes-con-proceres-y-heroinas-3.jpg\" alt width=\"300\" height=\"120\" srcset=\"http:\/\/hoycordobaweb.com\/wp-content\/uploads\/2022\/05\/presentaron-los-nuevos-billetes-con-proceres-y-heroinas-16.jpg 300w, http:\/\/hoycordobaweb.com\/wp-content\/uploads\/2022\/05\/presentaron-los-nuevos-billetes-con-proceres-y-heroinas-17.jpg 768w, http:\/\/hoycordobaweb.com\/wp-content\/uploads\/2022\/05\/presentaron-los-nuevos-billetes-con-proceres-y-heroinas-18.jpg 900w\" sizes=\"(max-width: 300px) 100vw, 300px\"><\/a><\/p>\n<p><strong>$500 (Mar\u00eda Remedios del Valle y Manuel Belgrano)<\/strong><\/p>\n<p><strong>Mar\u00eda Remedios del Valle<\/strong> fue hero\u00edna de la Guerra de Independencia en su rol de auxiliar en las Invasiones Inglesas y combatiente en el Ej\u00e9rcito del Norte, debi\u00f3 enfrentar prejuicios y limitaciones de la \u00e9poca por ser mujer y afrodescendiente. Por su valent\u00eda, Belgrano la design\u00f3 con el grado de capitana.<\/p>\n<p><a href=\"http:\/\/manoamanocba.com.ar\/wp-content\/uploads\/2022\/05\/628c32978a1ea_900.jpg\"><img loading=\"lazy\" class=\"size-medium wp-image-5336 aligncenter\" src=\"http:\/\/hoycordobaweb.com\/wp-content\/uploads\/2022\/05\/presentaron-los-nuevos-billetes-con-proceres-y-heroinas-4.jpg\" alt width=\"300\" height=\"124\" srcset=\"http:\/\/hoycordobaweb.com\/wp-content\/uploads\/2022\/05\/presentaron-los-nuevos-billetes-con-proceres-y-heroinas-19.jpg 300w, http:\/\/hoycordobaweb.com\/wp-content\/uploads\/2022\/05\/presentaron-los-nuevos-billetes-con-proceres-y-heroinas-20.jpg 768w, http:\/\/hoycordobaweb.com\/wp-content\/uploads\/2022\/05\/presentaron-los-nuevos-billetes-con-proceres-y-heroinas-21.jpg 900w\" sizes=\"(max-width: 300px) 100vw, 300px\"><\/a><\/p>\n<p><strong>Manuel Belgrano<\/strong> es el creador de la bandera argentina es uno de los patriotas que impuls\u00f3 la Revoluci\u00f3n de Mayo y uno de los m\u00e1ximos h\u00e9roes de la Guerra de Independencia. Tambi\u00e9n figura en el billete de $10.<\/p>\n<p><a href=\"http:\/\/manoamanocba.com.ar\/wp-content\/uploads\/2022\/05\/628c3297a1158_900.jpg\"><img loading=\"lazy\" class=\"size-medium wp-image-5337 aligncenter\" src=\"http:\/\/hoycordobaweb.com\/wp-content\/uploads\/2022\/05\/presentaron-los-nuevos-billetes-con-proceres-y-heroinas-5.jpg\" alt width=\"300\" height=\"125\" srcset=\"http:\/\/hoycordobaweb.com\/wp-content\/uploads\/2022\/05\/presentaron-los-nuevos-billetes-con-proceres-y-heroinas-22.jpg 300w, http:\/\/hoycordobaweb.com\/wp-content\/uploads\/2022\/05\/presentaron-los-nuevos-billetes-con-proceres-y-heroinas-23.jpg 768w, http:\/\/hoycordobaweb.com\/wp-content\/uploads\/2022\/05\/presentaron-los-nuevos-billetes-con-proceres-y-heroinas-24.jpg 900w\" sizes=\"(max-width: 300px) 100vw, 300px\"><\/a><\/p>\n<p><strong>$1000 (Jos\u00e9 de San Mart\u00edn)<\/strong><\/p>\n<p><a href=\"http:\/\/manoamanocba.com.ar\/wp-content\/uploads\/2022\/05\/628c32a8571a5_900.jpg\"><img loading=\"lazy\" class=\"size-medium wp-image-5338 aligncenter\" src=\"http:\/\/hoycordobaweb.com\/wp-content\/uploads\/2022\/05\/presentaron-los-nuevos-billetes-con-proceres-y-heroinas-6.jpg\" alt width=\"300\" height=\"127\" srcset=\"http:\/\/hoycordobaweb.com\/wp-content\/uploads\/2022\/05\/presentaron-los-nuevos-billetes-con-proceres-y-heroinas-25.jpg 300w, http:\/\/hoycordobaweb.com\/wp-content\/uploads\/2022\/05\/presentaron-los-nuevos-billetes-con-proceres-y-heroinas-26.jpg 768w, http:\/\/hoycordobaweb.com\/wp-content\/uploads\/2022\/05\/presentaron-los-nuevos-billetes-con-proceres-y-heroinas-27.jpg 900w\" sizes=\"(max-width: 300px) 100vw, 300px\"><\/a><\/p>\n<p><strong>Jos\u00e9 de San Mart\u00edn<\/strong> es el padre de la Patria y l\u00edder en la lucha emancipadora de Argentina, Chile y Per\u00fa, es una de las figuras m\u00e1s emblem\u00e1ticas y trascendentes de las guerras de independencia hispanoamericanas.<\/p>\n<p><a href=\"http:\/\/manoamanocba.com.ar\/wp-content\/uploads\/2022\/05\/628c32a862d45_900.jpg\"><img loading=\"lazy\" class=\"size-medium wp-image-5339 aligncenter\" src=\"http:\/\/hoycordobaweb.com\/wp-content\/uploads\/2022\/05\/presentaron-los-nuevos-billetes-con-proceres-y-heroinas-7.jpg\" alt width=\"300\" height=\"127\" srcset=\"http:\/\/hoycordobaweb.com\/wp-content\/uploads\/2022\/05\/presentaron-los-nuevos-billetes-con-proceres-y-heroinas-28.jpg 300w, http:\/\/hoycordobaweb.com\/wp-content\/uploads\/2022\/05\/presentaron-los-nuevos-billetes-con-proceres-y-heroinas-29.jpg 768w, http:\/\/hoycordobaweb.com\/wp-content\/uploads\/2022\/05\/presentaron-los-nuevos-billetes-con-proceres-y-heroinas-30.jpg 900w\" sizes=\"(max-width: 300px) 100vw, 300px\"><\/a><\/p>\n","protected":false},"excerpt":{"rendered":"<p>El presidente Alberto Fern\u00e1ndez encabez\u00f3 este lunes la presentaci\u00f3n de una nueva serie de billetes con figuras relevantes de la historia argentina. Los nuevos billetes con pr\u00f3ceres y hero\u00ednas reemplazar\u00e1n las ilustraciones de animales, los cuales fueron emitidos durante la gesti\u00f3n de Mauricio Macri. \u00abLo que estamos haciendo es volver a poner a nuestros pr\u00f3ceres [&hellip;]<\/p>\n","protected":false},"author":1,"featured_media":42082,"comment_status":"closed","ping_status":"closed","sticky":false,"template":"","format":"standard","meta":[],"categories":[19],"tags":[],"_links":{"self":[{"href":"http:\/\/hoycordobaweb.com\/index.php\/wp-json\/wp\/v2\/posts\/42081"}],"collection":[{"href":"http:\/\/hoycordobaweb.com\/index.php\/wp-json\/wp\/v2\/posts"}],"about":[{"href":"http:\/\/hoycordobaweb.com\/index.php\/wp-json\/wp\/v2\/types\/post"}],"author":[{"embeddable":true,"href":"http:\/\/hoycordobaweb.com\/index.php\/wp-json\/wp\/v2\/users\/1"}],"replies":[{"embeddable":true,"href":"http:\/\/hoycordobaweb.com\/index.php\/wp-json\/wp\/v2\/comments?post=42081"}],"version-history":[{"count":0,"href":"http:\/\/hoycordobaweb.com\/index.php\/wp-json\/wp\/v2\/posts\/42081\/revisions"}],"wp:featuredmedia":[{"embeddable":true,"href":"http:\/\/hoycordobaweb.com\/index.php\/wp-json\/wp\/v2\/media\/42082"}],"wp:attachment":[{"href":"http:\/\/hoycordobaweb.com\/index.php\/wp-json\/wp\/v2\/media?parent=42081"}],"wp:term":[{"taxonomy":"category","embeddable":true,"href":"http:\/\/hoycordobaweb.com\/index.php\/wp-json\/wp\/v2\/categories?post=42081"},{"taxonomy":"post_tag","embeddable":true,"href":"http:\/\/hoycordobaweb.com\/index.php\/wp-json\/wp\/v2\/tags?post=42081"}],"curies":[{"name":"wp","href":"https:\/\/api.w.org\/{rel}","templated":true}]}}