{"id":42079,"date":"2022-05-24T12:46:43","date_gmt":"2022-05-24T12:46:43","guid":{"rendered":"https:\/\/manoamanocba.com.ar\/?p=5341"},"modified":"2022-05-24T12:46:43","modified_gmt":"2022-05-24T12:46:43","slug":"que-paso-en-cordoba-durante-la-revolucion-de-mayo","status":"publish","type":"post","link":"http:\/\/hoycordobaweb.com\/index.php\/2022\/05\/24\/que-paso-en-cordoba-durante-la-revolucion-de-mayo\/","title":{"rendered":"\u00bfQu\u00e9 pas\u00f3 en C\u00f3rdoba durante la Revoluci\u00f3n de Mayo?"},"content":{"rendered":"<p><span>El <strong>25 de Mayo<\/strong> de 1810 se destituy\u00f3 al virrey Cisneros y, con la Primera Junta, se constituy\u00f3 el primer Gobierno patrio en el Cabildo de Buenos Aires. \u00bfPero qu\u00e9 pasaba en C\u00f3rdoba y en las<strong> entra\u00f1as del virreinato del R\u00edo de la Plata<\/strong>?<\/span><\/p>\n<p><span>El escritor e historiador <strong>Esteban D\u00f3mina<\/strong> explica que la Revoluci\u00f3n de Mayo se trat\u00f3 de un acontecimiento exclusivamente porte\u00f1o y que la noticia lleg\u00f3 a C\u00f3rdoba d\u00edas despu\u00e9s a trav\u00e9s del emisario Melchor Lav\u00edn.<\/span><\/p>\n<p><a href=\"http:\/\/manoamanocba.com.ar\/wp-content\/uploads\/2022\/05\/28973_123457187690480_100000785994636_123313_4498035_n.jpg\"><img loading=\"lazy\" class=\"size-medium wp-image-5342 aligncenter\" src=\"http:\/\/hoycordobaweb.com\/wp-content\/uploads\/2022\/05\/que-paso-en-cordoba-durante-la-revolucion-de-mayo.jpg\" alt width=\"300\" height=\"191\" srcset=\"http:\/\/hoycordobaweb.com\/wp-content\/uploads\/2022\/05\/que-paso-en-cordoba-durante-la-revolucion-de-mayo.jpg 300w, http:\/\/hoycordobaweb.com\/wp-content\/uploads\/2022\/05\/que-paso-en-cordoba-durante-la-revolucion-de-mayo-1.jpg 720w\" sizes=\"(max-width: 300px) 100vw, 300px\"><\/a><\/p>\n<p><span>\u201cEn ese momento se produce una reuni\u00f3n de los altos mandos de la sociedad colonial y se decide no acatar a la Junta de Buenos Aires y guardar lealtad al rey Fernando VII\u201d, relata.<\/span><\/p>\n<p><span>En ese encuentro participaron el gobernador, Juan Guti\u00e9rrez de la Concha; el jefe de la guarnici\u00f3n, Santiago Allende; el obispo,<\/span><span> Rodrigo de Orellana<\/span><span>; Santiago de Liniers, el ex virrey (1807-1809) que estaba radicado en Alta Gracia; y otros referentes de la sociedad. El \u00fanico que se mostraba a favor del primer gobierno patrio era el de\u00e1n de la Catedral, Gregorio Funes.<\/span><\/p>\n<p><b>\u00bfPor qu\u00e9 este rechazo en C\u00f3rdoba?<\/b><\/p>\n<p><i><span>En el interior profundo del virreinato el sentimiento espa\u00f1olista era m\u00e1s fuerte que en Buenos Aires, una plaza cosmopolita donde hab\u00eda otro fermento. Pero en el interior no, y C\u00f3rdoba era un lugar, en lo que hace a las autoridades, muy ajustado a los c\u00e1nones virreinales.<\/span><\/i><\/p>\n<p><b>\u00bfMolestaba la falta de consultas del Cabildo de Buenos Aires?<\/b><\/p>\n<p><i><span>Eso se plante\u00f3 entre los funcionarios en el Cabildo del 22 de mayo. Algunos voceros del partido mon\u00e1rquico, es decir del espa\u00f1olismo, planteaban que no se pod\u00eda tomar la decisi\u00f3n de desplazar al virrey Cisneros sin consultar al resto de las provincias. Ah\u00ed es cuando Juan Jos\u00e9 Paso, que estaba en el n\u00facleo criollo, acu\u00f1a la frase \u201c<strong>la hermana mayor<\/strong>\u201d, argumentando que, en las circunstancias acuciantes que se viv\u00edan en ese momento, Buenos Aires pod\u00eda actuar en nombre del resto y despu\u00e9s pedir que env\u00eden diputados. Pero la decisi\u00f3n fue tomada sin consulta. Y cuando se tuvo conocimiento, las reacciones fueron diferentes.<\/span><\/i><\/p>\n<p><span>Y si bien los miembros de la Primera Junta intu\u00edan que este \u201cenojo\u201d o \u201cmalestar\u201d pod\u00eda llegar a suceder, las principales autoridades de C\u00f3rdoba fueron m\u00e1s all\u00e1 e impulsaron la <strong>Contrarrevoluci\u00f3n<\/strong> para mantener vivo el <strong>sentimiento espa\u00f1olista<\/strong>.<\/span><\/p>\n<p><span>Sin embargo, no hubo respaldo suficiente del pueblo, que se puso a favor de la Revoluci\u00f3n, y los principales cabecillas del bando espa\u00f1ol debieron abandonar la ciudad.<\/span><\/p>\n<p><span>Desde Buenos Aires arrib\u00f3 una expedici\u00f3n al mando de Francisco Ortiz de Ocampo, que en realidad marchaba al Alto Per\u00fa, donde tampoco se acat\u00f3 a la Primera Junta, y lograron atrapar a los autores de esta rebeli\u00f3n.<\/span><\/p>\n<p><span><strong>En C\u00f3rdoba corri\u00f3 la primera sangre de la Revoluci\u00f3n de Mayo<\/strong> con el fusilamiento de Guti\u00e9rrez de la Concha, Liniers, Allende y los funcionarios <\/span><span>Joaqu\u00edn Moreno<\/span><span> y Victorino Rodr\u00edguez. El \u00fanico que se salv\u00f3 fue el obispo Orellana por su condici\u00f3n eclesi\u00e1stica.<\/span><\/p>\n<p><span>Cuenta la leyenda que enterraron los cad\u00e1veres en una fosa com\u00fan en la Capilla de Cruz Alta (localidad al l\u00edmite con Santa Fe) y que una mano an\u00f3nima tall\u00f3 en una cruz precaria de madera la palabra <strong>\u201cCLAMOR\u201d<\/strong>, en referencia a las iniciales de los cabecillas.<\/span><\/p>\n<p><span>\u201cEra un escarmiento, era la doctrina jacobina de Moreno de decir: \u2018Miren lo que va a pasar a los que osen sacar los pies del plato\u2019, que era lo que se buscaba con esta represi\u00f3n tan dura\u201d, se\u00f1ala \u201cTito\u201d D\u00f3mina sobre los fusilamientos.<\/span><\/p>\n<p><b>\u00bfPor qu\u00e9 Gregorio Funes tuvo un papel tan importante?<\/b><\/p>\n<p><i><span>En C\u00f3rdoba hab\u00eda una interna pol\u00edtica. Cuando Marqu\u00e9s de Sobremonte fue gobernador-intendente de C\u00f3rdoba, Gregorio y su hermano Ambrosio Funes conduc\u00edan un partido que ten\u00eda matices con las autoridades y, a la vez, estaban en contacto con el n\u00facleo que llev\u00f3 adelante la Revoluci\u00f3n de Mayo. No en vano, cuando la Junta dispone que se elijan diputados, el representante de C\u00f3rdoba fue Gregorio Funes, que adher\u00eda al sentimiento revolucionario.&nbsp;<\/span><\/i><\/p>\n<p><b>\u00bfLuego de estos acontecimientos, C\u00f3rdoba acompa\u00f1\u00f3 a la Primera Junta?<\/b><\/p>\n<p><i><span>R\u00e1pidamente se pleg\u00f3, aport\u00f3 a los ej\u00e9rcitos de la patria y el pueblo cordob\u00e9s se encolumn\u00f3 en el proceso independentista, pero Buenos Aires sigui\u00f3 designando a las autoridades hasta 1815 por la gran desconfianza hacia C\u00f3rdoba. Reci\u00e9n en ese a\u00f1o el Cabildo cordob\u00e9s puede elegir un gobernador por cuenta propia, que fue Jos\u00e9 Javier D\u00edaz.&nbsp;<\/span><\/i><\/p>\n","protected":false},"excerpt":{"rendered":"<p>El 25 de Mayo de 1810 se destituy\u00f3 al virrey Cisneros y, con la Primera Junta, se constituy\u00f3 el primer Gobierno patrio en el Cabildo de Buenos Aires. \u00bfPero qu\u00e9 pasaba en C\u00f3rdoba y en las entra\u00f1as del virreinato del R\u00edo de la Plata? El escritor e historiador Esteban D\u00f3mina explica que la Revoluci\u00f3n de [&hellip;]<\/p>\n","protected":false},"author":1,"featured_media":42080,"comment_status":"closed","ping_status":"closed","sticky":false,"template":"","format":"standard","meta":[],"categories":[19],"tags":[],"_links":{"self":[{"href":"http:\/\/hoycordobaweb.com\/index.php\/wp-json\/wp\/v2\/posts\/42079"}],"collection":[{"href":"http:\/\/hoycordobaweb.com\/index.php\/wp-json\/wp\/v2\/posts"}],"about":[{"href":"http:\/\/hoycordobaweb.com\/index.php\/wp-json\/wp\/v2\/types\/post"}],"author":[{"embeddable":true,"href":"http:\/\/hoycordobaweb.com\/index.php\/wp-json\/wp\/v2\/users\/1"}],"replies":[{"embeddable":true,"href":"http:\/\/hoycordobaweb.com\/index.php\/wp-json\/wp\/v2\/comments?post=42079"}],"version-history":[{"count":0,"href":"http:\/\/hoycordobaweb.com\/index.php\/wp-json\/wp\/v2\/posts\/42079\/revisions"}],"wp:featuredmedia":[{"embeddable":true,"href":"http:\/\/hoycordobaweb.com\/index.php\/wp-json\/wp\/v2\/media\/42080"}],"wp:attachment":[{"href":"http:\/\/hoycordobaweb.com\/index.php\/wp-json\/wp\/v2\/media?parent=42079"}],"wp:term":[{"taxonomy":"category","embeddable":true,"href":"http:\/\/hoycordobaweb.com\/index.php\/wp-json\/wp\/v2\/categories?post=42079"},{"taxonomy":"post_tag","embeddable":true,"href":"http:\/\/hoycordobaweb.com\/index.php\/wp-json\/wp\/v2\/tags?post=42079"}],"curies":[{"name":"wp","href":"https:\/\/api.w.org\/{rel}","templated":true}]}}