{"id":42053,"date":"2022-05-24T12:50:00","date_gmt":"2022-05-24T12:50:00","guid":{"rendered":"http:\/\/hoycordobaweb.com\/index.php\/2022\/05\/24\/bolsonaro-dijo-que-bolivia-corto-el-suministro-de-gas-y-le-echo-la-culpa-a-petrobras\/"},"modified":"2022-05-24T12:50:00","modified_gmt":"2022-05-24T12:50:00","slug":"bolsonaro-dijo-que-bolivia-corto-el-suministro-de-gas-y-le-echo-la-culpa-a-petrobras","status":"publish","type":"post","link":"http:\/\/hoycordobaweb.com\/index.php\/2022\/05\/24\/bolsonaro-dijo-que-bolivia-corto-el-suministro-de-gas-y-le-echo-la-culpa-a-petrobras\/","title":{"rendered":"Bolsonaro dijo que Bolivia cort\u00f3 el suministro de gas y le ech\u00f3 la culpa a Petrobras"},"content":{"rendered":"<p><img src=\"http:\/\/hoycordobaweb.com\/wp-content\/uploads\/2022\/05\/bolsonaro-dijo-que-bolivia-corto-el-suministro-de-gas-y-le-echo-la-culpa-a-petrobras.jpg\"><\/p>\n<figure class=\"mb-3\"><img loading=\"lazy\" src=\"http:\/\/hoycordobaweb.com\/wp-content\/uploads\/2022\/05\/bolsonaro-dijo-que-bolivia-corto-el-suministro-de-gas-y-le-echo-la-culpa-a-petrobras-2.jpg\" width=\"100%\" height=\"100%\" alt=\"Bolsonaro acus a Petrobras cuyo de administracin depende de su presidencia de no frenar los aumentos Foto AFP\"><figcaption> Bolsonaro acus\u00f3 a Petrobras -cuyo de administraci\u00f3n depende de su presidencia- de no frenar los aumentos. \/Foto AFP <\/figcaption><\/figure>\n<p>El presidente de Brasil, <strong>Jair Bolsonaro<\/strong>, afirm\u00f3 que existe un \u00abplan orquestado\u00bb en su contra del cual participa la empresa estatal petrolera Petrobras a ra\u00edz de la reducci\u00f3n en el orden del 30% de la provisi\u00f3n de gas natural determinada por Bolivia, principal proveedor de ese hidrocarburo.<\/p>\n<p>El comentario fue realizado antes sus seguidores en noche del lunes justamente poco antes de decidir el segundo cambio en la presidencia de Petrobras en 40 d\u00edas, en el marco de la intenci\u00f3n del presidente de atribuirle a la compa\u00f1\u00eda -que depende del Poder Ejecutivo- la pol\u00edtica de aumento de precios de los combustibles.<\/p>\n<p><strong>\u00abBolivia cort\u00f3 el 30% del gas para nosotros para entregarlo a la Argentina. \u00bfC\u00f3mo reaccion\u00f3 Petrobras en esta cuesti\u00f3n? El gas, si tenemos que comprarlo de otro lugar, es 5 veces m\u00e1s caro. \u00bfQui\u00e9n pagar\u00e1 la cuenta y a qui\u00e9n van a responsabilizar? Es un negocio que parece orquestado para exactamente beneficiar a ustedes ya saben\u00bb<\/strong>, afirm\u00f3 Bolsonaro.<\/p>\n<p>El mandatario coment\u00f3 una noticia acerca de una decisi\u00f3n de la estatal boliviana Yacimientos Petr\u00f3liferos Fiscales Bolivianos (YPFB)<\/p>\n<p>Si bien no se refiri\u00f3 a nadie expl\u00edcitamente, en el di\u00e1logo con los seguidores se dio por entendido de que se refer\u00eda al expresidente y l\u00edder opositor <strong>Luiz In\u00e1cio Lula da Silva<\/strong>, favorito en las encuestas a vencer las elecciones del 2 de octubre, incluso en la primera vuelta electoral, con m\u00e1s del 50% de los votos.<\/p>\n<p>El mandatario desde que asumi\u00f3 en 2019 aplic\u00f3 una pol\u00edtica de precios de paridad internacional con la cual se ajusta al costo internacional el valor de los hidrocarburos en el mercado interno, lo cual ha colocado el precio de la nafta y del gasoil a cerca del 1,70 d\u00f3lar por litro.<\/p>\n<p><strong>Bolsonaro acus\u00f3 a Petrobras -cuyo de administraci\u00f3n depende de su presidencia- de no frenar los aumentos presionada por los accionistas internacionales<\/strong>.<\/p>\n<p>En ese sentido, el Gobierno anunci\u00f3 la salida del titular de Petrobras, <strong>Jos\u00e9 Mauro Ferreira Coelho<\/strong>, quien llevaba apenas 40 d\u00edas a cargo de esa funci\u00f3n, y su reemplazo por <strong>Caio M\u00e1rio Paes de Andrade<\/strong>, hasta ahora secretario de Desburocratizaci\u00f3n del Ministerio de Econom\u00eda.<\/p>\n<p>Ferreira Coelho es el tercer presidente de Petrobras destituido en lo que va del Gobierno de Bolsonaro, iniciado en enero de 2019.<\/p>\n<p><strong>\u201cVarios factores geopol\u00edticos conocidos por todos resultan en impactos no solo en el precio de la nafta y el gasoil sino en todos los componentes energ\u00e9ticos\u201d<\/strong>, explic\u00f3 el Ministerio de Minas y Energ\u00eda en el comunicado con que anunci\u00f3 la renuncia de Ferreira Coelho.<\/p>\n<p>\u201cDe esta manera, para mantener las condiciones necesarias para el crecimiento del empleo y la renta de los brasile\u00f1os, es necesario fortalecer la capacidad de inversi\u00f3n del sector privado en su conjunto\u201d, agreg\u00f3.<\/p>\n<p>Paes de Andrade hab\u00eda sido mencionado entre los candidatos para presidir Petrobras el mes pasado, luego de que el economista Adriano Pires rechazara el ofrecimiento que se le hizo para suceder al general Joaquim Silva e Luna, el anterior presidente de la petrolera desplazado.<\/p>\n<p>Seg\u00fan la nota del ministerio, Paes es licenciado en Comunicaci\u00f3n Social con un posgrado en Administraci\u00f3n y Gesti\u00f3n en Harvard y una maestr\u00eda en Administraci\u00f3n de Empresas de la tambi\u00e9n estadounidense Duke University.<\/p>\n<p>\u201cPor lo tanto, el nominado cuenta con todas las calificaciones para llevar a la compa\u00f1\u00eda a superar los desaf\u00edos que impone la presente coyuntura, incrementando su capital reputacional, impulsando la mejora administrativa continua y el desempe\u00f1o creciente de la Compa\u00f1\u00eda, sin descuidar las responsabilidades de gobierno, medio ambiente y, en especial, social de Petrobras\u201d, dice el texto.<\/p>\n<p>La designaci\u00f3n de Paes de Andrade debe ser aprobada por el consejo de administraci\u00f3n de Petrobras, que el gobierno controla por ser el accionista mayoritario de la empresa.<\/p>\n<p>En lo que va del Gobierno de Bolsonaro fueron removidos de la presidencia de la petrolera Roberto Castello Branco, en febrero de 2021; Silva e Luna, en marzo pasado, y ahora Ferreira Coelho.<\/p>\n<p>Bolsonaro cambi\u00f3 hace dos semanas al ministro de Minas y Energ\u00eda.<\/p>\n<p>El nuevo titular de la cartera, el economista <strong>Adolfo Sachsida<\/strong>, un ultraderechista que calific\u00f3 al exdictador Augusto Pinochet de comunista en lo pol\u00edtico y derechista en lo econ\u00f3mico y minimiz\u00f3 los tres siglos de esclavitud en Brasil, anunci\u00f3 que encarg\u00f3 los estudios para privatizar la mayor empresa del pa\u00eds. <\/p>\n","protected":false},"excerpt":{"rendered":"<p>Bolsonaro acus\u00f3 a Petrobras -cuyo de administraci\u00f3n depende de su presidencia- de no frenar los aumentos. \/Foto AFP El presidente de Brasil, Jair Bolsonaro, afirm\u00f3 que existe un \u00abplan orquestado\u00bb en su contra del cual participa la empresa estatal petrolera Petrobras a ra\u00edz de la reducci\u00f3n en el orden del 30% de la provisi\u00f3n de [&hellip;]<\/p>\n","protected":false},"author":1,"featured_media":42054,"comment_status":"open","ping_status":"closed","sticky":false,"template":"","format":"standard","meta":[],"categories":[19],"tags":[],"_links":{"self":[{"href":"http:\/\/hoycordobaweb.com\/index.php\/wp-json\/wp\/v2\/posts\/42053"}],"collection":[{"href":"http:\/\/hoycordobaweb.com\/index.php\/wp-json\/wp\/v2\/posts"}],"about":[{"href":"http:\/\/hoycordobaweb.com\/index.php\/wp-json\/wp\/v2\/types\/post"}],"author":[{"embeddable":true,"href":"http:\/\/hoycordobaweb.com\/index.php\/wp-json\/wp\/v2\/users\/1"}],"replies":[{"embeddable":true,"href":"http:\/\/hoycordobaweb.com\/index.php\/wp-json\/wp\/v2\/comments?post=42053"}],"version-history":[{"count":0,"href":"http:\/\/hoycordobaweb.com\/index.php\/wp-json\/wp\/v2\/posts\/42053\/revisions"}],"wp:featuredmedia":[{"embeddable":true,"href":"http:\/\/hoycordobaweb.com\/index.php\/wp-json\/wp\/v2\/media\/42054"}],"wp:attachment":[{"href":"http:\/\/hoycordobaweb.com\/index.php\/wp-json\/wp\/v2\/media?parent=42053"}],"wp:term":[{"taxonomy":"category","embeddable":true,"href":"http:\/\/hoycordobaweb.com\/index.php\/wp-json\/wp\/v2\/categories?post=42053"},{"taxonomy":"post_tag","embeddable":true,"href":"http:\/\/hoycordobaweb.com\/index.php\/wp-json\/wp\/v2\/tags?post=42053"}],"curies":[{"name":"wp","href":"https:\/\/api.w.org\/{rel}","templated":true}]}}