{"id":42026,"date":"2022-05-24T12:11:29","date_gmt":"2022-05-24T12:11:29","guid":{"rendered":"https:\/\/www.ole.com.ar\/copa-argentina\/suspensioncopaargentina-gimnasia-liniers_0_JHXBofe0u1.html"},"modified":"2022-05-24T12:11:29","modified_gmt":"2022-05-24T12:11:29","slug":"gimnasia-quiere-postergar-por-la-gente-su-partido-de-copa-argentina","status":"publish","type":"post","link":"http:\/\/hoycordobaweb.com\/index.php\/2022\/05\/24\/gimnasia-quiere-postergar-por-la-gente-su-partido-de-copa-argentina\/","title":{"rendered":"Gimnasia quiere postergar por la gente su partido de Copa Argentina"},"content":{"rendered":"<p><img src=\"http:\/\/hoycordobaweb.com\/wp-content\/uploads\/2022\/05\/gimnasia-quiere-postergar-por-la-gente-su-partido-de-copa-argentina.jpg\"><\/p>\n<div><img src=\"http:\/\/hoycordobaweb.com\/wp-content\/uploads\/2022\/05\/gimnasia-quiere-postergar-por-la-gente-su-partido-de-copa-argentina.jpg\" class=\"ff-og-image-inserted\"><\/div>\n<p><a alt=\"gimnasia-y-esgrima-la-plata\" class=\"slug\" href=\"https:\/\/www.ole.com.ar\/tema\/gimnasia-y-esgrima-la-plata.html\" target=\"_blank\" title=\"gimnasia-y-esgrima-la-plata\" rel=\"noopener noreferrer\"><strong>Gimnasia y Esgrima La Plata<\/strong> <\/a>anunci\u00f3 este lunes a trav\u00e9s de sus redes sociales la intenci\u00f3n de suspender el partido que deb\u00eda jugar este mi\u00e9rcoles ante Liniers, de la Primera C, por los 32\u00b0 de final de la<strong> <a alt=\"copa-argentina\" class=\"slug\" href=\"https:\/\/www.ole.com.ar\/tema\/copa-argentina.html\" target=\"_blank\" title=\"copa-argentina\" rel=\"noopener noreferrer\">Copa Argentina<\/a><\/strong>. <mark>De ratificarse su suspensi\u00f3n<\/mark>, el partido, que iba a disputarse desde las 17:10 de este mi\u00e9rcoles 25 de mayo en cancha de Estudiantes de Buenos Aires, <mark>no tendr\u00e1 fecha confirmada para su realizaci\u00f3n<\/mark>.<\/p>\n<div class=\"sp__Normal htmlLibre\">\n<div class=\"embed-responsive-c\" readability=\"7.6872964169381\">\n<blockquote class=\"twitter-tweet\" readability=\"8.6482084690554\">\n<p lang=\"es\" dir=\"ltr\">El club de Gimnasia y Esgrima La Plata y el Club Social y Deportivo Liniers, en conjunto con la organizaci\u00f3n de Copa Argentina, proponen postergar el partido de ambas instituciones privilegiando el esp\u00edritu del torneo y su disputa con ambas parcialidades.<\/p>\n<p>\u2014 #Gimnasia \ud83d\udc3a (@gimnasiaoficial) <a href=\"https:\/\/twitter.com\/gimnasiaoficial\/status\/1528915682368159746?ref_src=twsrc%5Etfw\">May 24, 2022<\/a><\/p><\/blockquote><\/div>\n<\/div>\n<p> <strong>Aunque la Aprevide (Agencia de Prevenci\u00f3n de la Violencia en el Deporte) hab\u00eda dispuesto que se jugara sin p\u00fablico, ambos clubes quieren hacerlo con la presencia de sus respectivas hinchadas.<\/strong> \u00abEl club de Gimnasia y Esgrima La Plata y el Club Social y Deportivo Liniers, en conjunto con la organizaci\u00f3n de Copa Argentina, proponen postergar el partido de ambas instituciones privilegiando el esp\u00edritu del torneo y su disputa con ambas parcialidades. A la espera de encontrar nueva fecha y escenario conveniente, esperamos la pronta confirmaci\u00f3n\u00bb, inform\u00f3 la entidad platense en un breve comunicado. <mark>Esa decisi\u00f3n de Aprevide fue anunciada a los clubes en la tarde de este lunes, a 48 horas de la realizaci\u00f3n de este encuentro que deb\u00eda ser televisado por TyC Sports<\/mark>.<\/p>\n<div class=\"sp__Normal htmlLibre\">\n<div class=\"embed-responsive-c\" readability=\"7.6923076923077\">\n<blockquote class=\"twitter-tweet\" readability=\"8.6538461538462\">\n<p lang=\"es\" dir=\"ltr\">El Club Social y Deportivo Liniers y Gimnasia y Esgrima La Plata, en conjunto con la organizaci\u00f3n de Copa Argentina, proponen postergar el partido de ambas instituciones privilegiando el esp\u00edritu del torneo y su disputa con ambas parcialidades.<\/p>\n<p>\u2014 Club Social y Deportivo Liniers (@LiniersOficial) <a href=\"https:\/\/twitter.com\/LiniersOficial\/status\/1528920016413917184?ref_src=twsrc%5Etfw\">May 24, 2022<\/a><\/p><\/blockquote><\/div>\n<\/div>\n<h2><mark><strong>Este mi\u00e9rcoles hay acci\u00f3n<\/strong><\/mark><\/h2>\n<p> Previamente, este mi\u00e9rcoles, desde las 15.05 y emitido por la misma se\u00f1al de cable, jugar\u00e1n tambi\u00e9n por los 32\u00b0&nbsp;de final de esta competencia los equipos de Platense y Belgrano, de C\u00f3rdoba, en el estadio Carlos Augusto Mercado Luna, de La Rioja.<\/p>\n<div class=\"sp__Normal htmlLibre\">\n<div class=\"embed-responsive-c\" readability=\"6.7929824561404\">\n<blockquote class=\"twitter-tweet\" readability=\"7.6421052631579\">\n<p lang=\"es\" dir=\"ltr\">\u27a1\ufe0f <a href=\"https:\/\/twitter.com\/gimnasiaoficial?ref_src=twsrc%5Etfw\">@gimnasiaoficial<\/a> y <a href=\"https:\/\/twitter.com\/LiniersOficial?ref_src=twsrc%5Etfw\">@LiniersOficial<\/a>, en conjunto con la organizaci\u00f3n de Copa Argentina, proponen postergar el partido de ambas instituciones privilegiando el esp\u00edritu del torneo y su disputa con ambas parcialidades.<\/p>\n<p>\u2014 Copa Argentina AXION energy (@Copa_Argentina) <a href=\"https:\/\/twitter.com\/Copa_Argentina\/status\/1528920563510562816?ref_src=twsrc%5Etfw\">May 24, 2022<\/a><\/p><\/blockquote><\/div>\n<\/div>\n<div class=\"entry-tags\">\n<h2>TEMAS QUE APARECEN EN ESTA NOTA<\/h2>\n<\/p><\/div>\n","protected":false},"excerpt":{"rendered":"<p>Gimnasia y Esgrima La Plata anunci\u00f3 este lunes a trav\u00e9s de sus redes sociales la intenci\u00f3n de suspender el partido que deb\u00eda jugar este mi\u00e9rcoles ante Liniers, de la Primera C, por los 32\u00b0 de final de la Copa Argentina. De ratificarse su suspensi\u00f3n, el partido, que iba a disputarse desde las 17:10 de este [&hellip;]<\/p>\n","protected":false},"author":1,"featured_media":42027,"comment_status":"open","ping_status":"closed","sticky":false,"template":"","format":"standard","meta":[],"categories":[16],"tags":[],"_links":{"self":[{"href":"http:\/\/hoycordobaweb.com\/index.php\/wp-json\/wp\/v2\/posts\/42026"}],"collection":[{"href":"http:\/\/hoycordobaweb.com\/index.php\/wp-json\/wp\/v2\/posts"}],"about":[{"href":"http:\/\/hoycordobaweb.com\/index.php\/wp-json\/wp\/v2\/types\/post"}],"author":[{"embeddable":true,"href":"http:\/\/hoycordobaweb.com\/index.php\/wp-json\/wp\/v2\/users\/1"}],"replies":[{"embeddable":true,"href":"http:\/\/hoycordobaweb.com\/index.php\/wp-json\/wp\/v2\/comments?post=42026"}],"version-history":[{"count":0,"href":"http:\/\/hoycordobaweb.com\/index.php\/wp-json\/wp\/v2\/posts\/42026\/revisions"}],"wp:featuredmedia":[{"embeddable":true,"href":"http:\/\/hoycordobaweb.com\/index.php\/wp-json\/wp\/v2\/media\/42027"}],"wp:attachment":[{"href":"http:\/\/hoycordobaweb.com\/index.php\/wp-json\/wp\/v2\/media?parent=42026"}],"wp:term":[{"taxonomy":"category","embeddable":true,"href":"http:\/\/hoycordobaweb.com\/index.php\/wp-json\/wp\/v2\/categories?post=42026"},{"taxonomy":"post_tag","embeddable":true,"href":"http:\/\/hoycordobaweb.com\/index.php\/wp-json\/wp\/v2\/tags?post=42026"}],"curies":[{"name":"wp","href":"https:\/\/api.w.org\/{rel}","templated":true}]}}