{"id":41999,"date":"2022-05-23T11:26:14","date_gmt":"2022-05-23T11:26:14","guid":{"rendered":"https:\/\/www.trendencias.com\/moda-famosas\/festival-cannes-2022-alicia-vikander-alessandra-ambrosio-se-coronan-como-mejores-vestidas-fin-semana"},"modified":"2022-05-23T11:26:14","modified_gmt":"2022-05-23T11:26:14","slug":"festival-de-cannes-2022-alicia-vikander-o-alessandra-ambrosio-se-coronan-como-las-mejores-vestidas-del-fin-de-semana","status":"publish","type":"post","link":"http:\/\/hoycordobaweb.com\/index.php\/2022\/05\/23\/festival-de-cannes-2022-alicia-vikander-o-alessandra-ambrosio-se-coronan-como-las-mejores-vestidas-del-fin-de-semana\/","title":{"rendered":"Festival de Cannes 2022: Alicia Vikander o Alessandra Ambrosio se coronan como las mejores vestidas del fin de semana"},"content":{"rendered":"<p>El <a href=\"https:\/\/www.trendencias.com\/moda-famosas\/carlota-casiraghi-se-convierte-protagonista-indiscutible-alfombra-roja-festival-cannes-2022-lookazo-diez\">Festival de Cannes<\/a> sigue colapsando la actualidad en lo que a cine y sociedad se refiere. El certamen, que finalizar\u00e1 el pr\u00f3ximo 28 de mayo, est\u00e1 uniendo a lo mejor de lo mejor del mundo <em>celeb<\/em>. Este fin de semana ha sido especialmente movido. Entre otros, se ha vivido el estreno del film <em>R.M.N<\/em> o <em>Holy Spider<\/em> y galas como <em>Women in cinema<\/em>.<\/p>\n<p><!-- BREAK 1 --><\/p>\n<p>En forma de <em>recop<\/em>, seleccionamos los <em>looks<\/em> m\u00e1s destacados de las \u00faltimas 48 horas en la localidad francesa con nombres como Alicia Vikander o Alessandra Ambrosio. <strong>Alerta tendencia: el blanco es el color m\u00e1s <\/strong><em><strong>cool<\/strong><\/em><strong> en Cannes.<\/strong><\/p>\n<p><!-- BREAK 2 --> <\/p>\n<div class=\"article-asset article-asset-normal article-asset-center\">\n<div class=\"desvio-container\">\n<div class=\"desvio\">\n<div class=\"desvio-figure js-desvio-figure\"> <a href=\"https:\/\/www.trendencias.com\/moda-famosas\/carlota-casiraghi-se-convierte-protagonista-indiscutible-alfombra-roja-festival-cannes-2022-lookazo-diez\"> <img alt=\"Carlota Casiraghi se convierte en la protagonista indiscutible de la alfombra roja del Festival de Cannes 2022 con un lookazo de diez \" src=\"http:\/\/hoycordobaweb.com\/wp-content\/uploads\/2022\/05\/festival-de-cannes-2022-alicia-vikander-o-alessandra-ambrosio-se-coronan-como-las-mejores-vestidas-del-fin-de-semana.jpg\"> <\/a> <\/div><\/div><\/div>\n<\/div>\n<h2>Alicia Vikander<\/h2>\n<div class=\"article-asset-image article-asset-normal article-asset-center\">\n<div class=\"asset-content\">\n<div class=\"base-wrapper-image\"> <img class=\"sf-lazy centro_sinmarco\" data-sf-srcset=\"http:\/\/hoycordobaweb.com\/wp-content\/uploads\/2022\/05\/festival-de-cannes-2022-alicia-vikander-o-alessandra-ambrosio-se-coronan-como-las-mejores-vestidas-del-fin-de-semana-1.jpg 450w, http:\/\/hoycordobaweb.com\/wp-content\/uploads\/2022\/05\/festival-de-cannes-2022-alicia-vikander-o-alessandra-ambrosio-se-coronan-como-las-mejores-vestidas-del-fin-de-semana-10.jpg 681w,http:\/\/hoycordobaweb.com\/wp-content\/uploads\/2022\/05\/festival-de-cannes-2022-alicia-vikander-o-alessandra-ambrosio-se-coronan-como-las-mejores-vestidas-del-fin-de-semana-11.jpg 1024w, http:\/\/hoycordobaweb.com\/wp-content\/uploads\/2022\/05\/festival-de-cannes-2022-alicia-vikander-o-alessandra-ambrosio-se-coronan-como-las-mejores-vestidas-del-fin-de-semana-12.jpg 1366w,\" data-sf-src=\"http:\/\/hoycordobaweb.com\/wp-content\/uploads\/2022\/05\/festival-de-cannes-2022-alicia-vikander-o-alessandra-ambrosio-se-coronan-como-las-mejores-vestidas-del-fin-de-semana-1.jpg\" alt=\"Alicia Vikander\"> <noscript><img alt=\"Alicia Vikander\" class=\"centro_sinmarco\" src=\"http:\/\/hoycordobaweb.com\/wp-content\/uploads\/2022\/05\/festival-de-cannes-2022-alicia-vikander-o-alessandra-ambrosio-se-coronan-como-las-mejores-vestidas-del-fin-de-semana-1.jpg\"><\/noscript> <\/div><\/div>\n<\/div>\n<p>Alicia Vikander nos ha regalado dos estilismos de impresi\u00f3n. En la alfombra roja de <em>Holy Spider<\/em> arras\u00f3 con <strong>un precioso vestido metalizado de color cobre firmado por Louis Vuitton<\/strong>.&nbsp;<\/p>\n<p><!-- BREAK 3 --><\/p>\n<div class=\"article-asset-image article-asset-normal article-asset-center\">\n<div class=\"asset-content\">\n<div class=\"base-wrapper-image\"> <img class=\"sf-lazy centro_sinmarco\" data-sf-srcset=\"http:\/\/hoycordobaweb.com\/wp-content\/uploads\/2022\/05\/festival-de-cannes-2022-alicia-vikander-o-alessandra-ambrosio-se-coronan-como-las-mejores-vestidas-del-fin-de-semana-2.jpg 450w, http:\/\/hoycordobaweb.com\/wp-content\/uploads\/2022\/05\/festival-de-cannes-2022-alicia-vikander-o-alessandra-ambrosio-se-coronan-como-las-mejores-vestidas-del-fin-de-semana-13.jpg 681w,http:\/\/hoycordobaweb.com\/wp-content\/uploads\/2022\/05\/festival-de-cannes-2022-alicia-vikander-o-alessandra-ambrosio-se-coronan-como-las-mejores-vestidas-del-fin-de-semana-14.jpg 1024w, http:\/\/hoycordobaweb.com\/wp-content\/uploads\/2022\/05\/festival-de-cannes-2022-alicia-vikander-o-alessandra-ambrosio-se-coronan-como-las-mejores-vestidas-del-fin-de-semana-15.jpg 1366w,\" data-sf-src=\"http:\/\/hoycordobaweb.com\/wp-content\/uploads\/2022\/05\/festival-de-cannes-2022-alicia-vikander-o-alessandra-ambrosio-se-coronan-como-las-mejores-vestidas-del-fin-de-semana-2.jpg\" alt=\"Alicia Vikander\"> <noscript><img alt=\"Alicia Vikander\" class=\"centro_sinmarco\" src=\"http:\/\/hoycordobaweb.com\/wp-content\/uploads\/2022\/05\/festival-de-cannes-2022-alicia-vikander-o-alessandra-ambrosio-se-coronan-como-las-mejores-vestidas-del-fin-de-semana-2.jpg\"><\/noscript> <\/div><\/div>\n<\/div>\n<p>En cambio, en el estreno de <em>Irma Verp<\/em>, apost\u00f3 por <strong>un top peplum en versi\u00f3n XXL <\/strong>en compa\u00f1\u00eda de unos pantalones de traje negros. Otro <em>outfit<\/em> de Louis Vuitton, en esta ocasi\u00f3n de la colecci\u00f3n oto\u00f1o-invierno 2022.<\/p>\n<p><!-- BREAK 4 --><\/p>\n<h2>Alessandra Ambrosio<\/h2>\n<div class=\"article-asset-image article-asset-normal article-asset-center\">\n<div class=\"asset-content\">\n<div class=\"base-wrapper-image\"> <img class=\"sf-lazy centro_sinmarco\" data-sf-srcset=\"http:\/\/hoycordobaweb.com\/wp-content\/uploads\/2022\/05\/festival-de-cannes-2022-alicia-vikander-o-alessandra-ambrosio-se-coronan-como-las-mejores-vestidas-del-fin-de-semana-3.jpg 450w, http:\/\/hoycordobaweb.com\/wp-content\/uploads\/2022\/05\/festival-de-cannes-2022-alicia-vikander-o-alessandra-ambrosio-se-coronan-como-las-mejores-vestidas-del-fin-de-semana-16.jpg 681w,http:\/\/hoycordobaweb.com\/wp-content\/uploads\/2022\/05\/festival-de-cannes-2022-alicia-vikander-o-alessandra-ambrosio-se-coronan-como-las-mejores-vestidas-del-fin-de-semana-17.jpg 1024w, http:\/\/hoycordobaweb.com\/wp-content\/uploads\/2022\/05\/festival-de-cannes-2022-alicia-vikander-o-alessandra-ambrosio-se-coronan-como-las-mejores-vestidas-del-fin-de-semana-18.jpg 1366w,\" data-sf-src=\"http:\/\/hoycordobaweb.com\/wp-content\/uploads\/2022\/05\/festival-de-cannes-2022-alicia-vikander-o-alessandra-ambrosio-se-coronan-como-las-mejores-vestidas-del-fin-de-semana-3.jpg\" alt=\"Alessandra Ambrosio\"> <noscript><img alt=\"Alessandra Ambrosio\" class=\"centro_sinmarco\" src=\"http:\/\/hoycordobaweb.com\/wp-content\/uploads\/2022\/05\/festival-de-cannes-2022-alicia-vikander-o-alessandra-ambrosio-se-coronan-como-las-mejores-vestidas-del-fin-de-semana-3.jpg\"><\/noscript> <\/div><\/div>\n<\/div>\n<p>La gala Women in cinema reuni\u00f3 rostros como los de las modelos Alessandra Ambrosio y Sara Sampaio. Ambrosio se convirti\u00f3 en el centro de todas las miradas con <strong>un llamativo vestido de Elie Saab<\/strong>. Un modelo con falda princesa que destaca por las aplicaciones de p\u00e9talos de rosa.<\/p>\n<p><!-- BREAK 5 --><\/p>\n<h2>Sara Sampaio<\/h2>\n<div class=\"article-asset-image article-asset-normal article-asset-center\">\n<div class=\"asset-content\">\n<div class=\"base-wrapper-image\"> <img class=\"sf-lazy centro_sinmarco\" data-sf-srcset=\"http:\/\/hoycordobaweb.com\/wp-content\/uploads\/2022\/05\/festival-de-cannes-2022-alicia-vikander-o-alessandra-ambrosio-se-coronan-como-las-mejores-vestidas-del-fin-de-semana-4.jpg 450w, http:\/\/hoycordobaweb.com\/wp-content\/uploads\/2022\/05\/festival-de-cannes-2022-alicia-vikander-o-alessandra-ambrosio-se-coronan-como-las-mejores-vestidas-del-fin-de-semana-19.jpg 681w,http:\/\/hoycordobaweb.com\/wp-content\/uploads\/2022\/05\/festival-de-cannes-2022-alicia-vikander-o-alessandra-ambrosio-se-coronan-como-las-mejores-vestidas-del-fin-de-semana-20.jpg 1024w, http:\/\/hoycordobaweb.com\/wp-content\/uploads\/2022\/05\/festival-de-cannes-2022-alicia-vikander-o-alessandra-ambrosio-se-coronan-como-las-mejores-vestidas-del-fin-de-semana-21.jpg 1366w,\" data-sf-src=\"http:\/\/hoycordobaweb.com\/wp-content\/uploads\/2022\/05\/festival-de-cannes-2022-alicia-vikander-o-alessandra-ambrosio-se-coronan-como-las-mejores-vestidas-del-fin-de-semana-4.jpg\" alt=\"Dl U511463 006\"> <noscript><img alt=\"Dl U511463 006\" class=\"centro_sinmarco\" src=\"http:\/\/hoycordobaweb.com\/wp-content\/uploads\/2022\/05\/festival-de-cannes-2022-alicia-vikander-o-alessandra-ambrosio-se-coronan-como-las-mejores-vestidas-del-fin-de-semana-4.jpg\"><\/noscript> <\/div><\/div>\n<\/div>\n<p>Mismo evento, diferente estilismo. Sampaio, por su parte, eligi\u00f3 un sensual vestido con transparencias <strong>de la colecci\u00f3n primavera-verano 2022 de Roberto Cavalli<\/strong>. Una oda a la tendencia <em>cut-out<\/em>.<\/p>\n<p><!-- BREAK 6 --><\/p>\n<h2>Ad\u00e8le Exarchopoulos<\/h2>\n<div class=\"article-asset-image article-asset-normal article-asset-center\">\n<div class=\"asset-content\">\n<div class=\"base-wrapper-image\"> <img class=\"sf-lazy centro_sinmarco\" data-sf-srcset=\"http:\/\/hoycordobaweb.com\/wp-content\/uploads\/2022\/05\/festival-de-cannes-2022-alicia-vikander-o-alessandra-ambrosio-se-coronan-como-las-mejores-vestidas-del-fin-de-semana-5.jpg 450w, http:\/\/hoycordobaweb.com\/wp-content\/uploads\/2022\/05\/festival-de-cannes-2022-alicia-vikander-o-alessandra-ambrosio-se-coronan-como-las-mejores-vestidas-del-fin-de-semana-22.jpg 681w,http:\/\/hoycordobaweb.com\/wp-content\/uploads\/2022\/05\/festival-de-cannes-2022-alicia-vikander-o-alessandra-ambrosio-se-coronan-como-las-mejores-vestidas-del-fin-de-semana-23.jpg 1024w, http:\/\/hoycordobaweb.com\/wp-content\/uploads\/2022\/05\/festival-de-cannes-2022-alicia-vikander-o-alessandra-ambrosio-se-coronan-como-las-mejores-vestidas-del-fin-de-semana-24.jpg 1366w,\" data-sf-src=\"http:\/\/hoycordobaweb.com\/wp-content\/uploads\/2022\/05\/festival-de-cannes-2022-alicia-vikander-o-alessandra-ambrosio-se-coronan-como-las-mejores-vestidas-del-fin-de-semana-5.jpg\" alt=\"Ad\u00e8le Exarchopoulos\"> <noscript><img alt=\"Ad\u00e8le Exarchopoulos\" class=\"centro_sinmarco\" src=\"http:\/\/hoycordobaweb.com\/wp-content\/uploads\/2022\/05\/festival-de-cannes-2022-alicia-vikander-o-alessandra-ambrosio-se-coronan-como-las-mejores-vestidas-del-fin-de-semana-5.jpg\"><\/noscript> <\/div><\/div>\n<\/div>\n<p>Lo confesamos: <strong>Ad\u00e8le Exarchopoulos se ha marcado dos <\/strong><em><strong>lookazos<\/strong><\/em><strong> de los que quitan el aliento. <\/strong>En la alfombra roja de <em>Fumer Fait Tousser<\/em> destac\u00f3 gracias a un combo de efecto satinado formado por un corpi\u00f1o y un pantal\u00f3n de traje de recto de Fendi.&nbsp;<\/p>\n<p><!-- BREAK 7 --><\/p>\n<div class=\"article-asset-image article-asset-normal article-asset-center\">\n<div class=\"asset-content\">\n<div class=\"base-wrapper-image\"> <img class=\"sf-lazy centro_sinmarco\" data-sf-srcset=\"http:\/\/hoycordobaweb.com\/wp-content\/uploads\/2022\/05\/festival-de-cannes-2022-alicia-vikander-o-alessandra-ambrosio-se-coronan-como-las-mejores-vestidas-del-fin-de-semana-6.jpg 450w, http:\/\/hoycordobaweb.com\/wp-content\/uploads\/2022\/05\/festival-de-cannes-2022-alicia-vikander-o-alessandra-ambrosio-se-coronan-como-las-mejores-vestidas-del-fin-de-semana-25.jpg 681w,http:\/\/hoycordobaweb.com\/wp-content\/uploads\/2022\/05\/festival-de-cannes-2022-alicia-vikander-o-alessandra-ambrosio-se-coronan-como-las-mejores-vestidas-del-fin-de-semana-26.jpg 1024w, http:\/\/hoycordobaweb.com\/wp-content\/uploads\/2022\/05\/festival-de-cannes-2022-alicia-vikander-o-alessandra-ambrosio-se-coronan-como-las-mejores-vestidas-del-fin-de-semana-27.jpg 1366w,\" data-sf-src=\"http:\/\/hoycordobaweb.com\/wp-content\/uploads\/2022\/05\/festival-de-cannes-2022-alicia-vikander-o-alessandra-ambrosio-se-coronan-como-las-mejores-vestidas-del-fin-de-semana-6.jpg\" alt=\"Ad\u00e8le Exarchopoulos\"> <noscript><img alt=\"Ad\u00e8le Exarchopoulos\" class=\"centro_sinmarco\" src=\"http:\/\/hoycordobaweb.com\/wp-content\/uploads\/2022\/05\/festival-de-cannes-2022-alicia-vikander-o-alessandra-ambrosio-se-coronan-como-las-mejores-vestidas-del-fin-de-semana-6.jpg\"><\/noscript> <\/div><\/div>\n<\/div>\n<p>En cambio, para el evento diurno de presentaci\u00f3n de <em>Smoking Causes Coughing<\/em>, Exarchopoulos prefiri\u00f3 otro combo: <strong>tres piezas de punto con el logotipo de Fendi<\/strong>. Un top <em>bandeau<\/em>, un c\u00e1rdigan crop y una falda midi ajustada. A los pies, unas vers\u00e1tiles zapatillas blancas. Bravo.<\/p>\n<p><!-- BREAK 8 --><\/p>\n<h2>Charlbi Dean<\/h2>\n<div class=\"article-asset-image article-asset-normal article-asset-center\">\n<div class=\"asset-content\">\n<div class=\"base-wrapper-image\"> <img class=\"sf-lazy centro_sinmarco\" data-sf-srcset=\"http:\/\/hoycordobaweb.com\/wp-content\/uploads\/2022\/05\/festival-de-cannes-2022-alicia-vikander-o-alessandra-ambrosio-se-coronan-como-las-mejores-vestidas-del-fin-de-semana-7.jpg 450w, http:\/\/hoycordobaweb.com\/wp-content\/uploads\/2022\/05\/festival-de-cannes-2022-alicia-vikander-o-alessandra-ambrosio-se-coronan-como-las-mejores-vestidas-del-fin-de-semana-28.jpg 681w,http:\/\/hoycordobaweb.com\/wp-content\/uploads\/2022\/05\/festival-de-cannes-2022-alicia-vikander-o-alessandra-ambrosio-se-coronan-como-las-mejores-vestidas-del-fin-de-semana-29.jpg 1024w, http:\/\/hoycordobaweb.com\/wp-content\/uploads\/2022\/05\/festival-de-cannes-2022-alicia-vikander-o-alessandra-ambrosio-se-coronan-como-las-mejores-vestidas-del-fin-de-semana-30.jpg 1366w,\" data-sf-src=\"http:\/\/hoycordobaweb.com\/wp-content\/uploads\/2022\/05\/festival-de-cannes-2022-alicia-vikander-o-alessandra-ambrosio-se-coronan-como-las-mejores-vestidas-del-fin-de-semana-7.jpg\" alt=\"Charlbi Dean\"> <noscript><img alt=\"Charlbi Dean\" class=\"centro_sinmarco\" src=\"http:\/\/hoycordobaweb.com\/wp-content\/uploads\/2022\/05\/festival-de-cannes-2022-alicia-vikander-o-alessandra-ambrosio-se-coronan-como-las-mejores-vestidas-del-fin-de-semana-7.jpg\"><\/noscript> <\/div><\/div>\n<\/div>\n<p>En la presentaci\u00f3n de Charlbi Dean vimos a Charlbi Dean con un espectacular, a la par que \u00abminimalista\u00bb, <strong>vestido blanco de la colecci\u00f3n oto\u00f1o-invierno 2022 de Dior<\/strong>.<\/p>\n<p><!-- BREAK 9 --><\/p>\n<h2>Macrina Barladeanu<\/h2>\n<div class=\"article-asset-image article-asset-normal article-asset-center\">\n<div class=\"asset-content\">\n<div class=\"base-wrapper-image\"> <img class=\"sf-lazy centro_sinmarco\" data-sf-srcset=\"http:\/\/hoycordobaweb.com\/wp-content\/uploads\/2022\/05\/festival-de-cannes-2022-alicia-vikander-o-alessandra-ambrosio-se-coronan-como-las-mejores-vestidas-del-fin-de-semana-8.jpg 450w, http:\/\/hoycordobaweb.com\/wp-content\/uploads\/2022\/05\/festival-de-cannes-2022-alicia-vikander-o-alessandra-ambrosio-se-coronan-como-las-mejores-vestidas-del-fin-de-semana-31.jpg 681w,http:\/\/hoycordobaweb.com\/wp-content\/uploads\/2022\/05\/festival-de-cannes-2022-alicia-vikander-o-alessandra-ambrosio-se-coronan-como-las-mejores-vestidas-del-fin-de-semana-32.jpg 1024w, http:\/\/hoycordobaweb.com\/wp-content\/uploads\/2022\/05\/festival-de-cannes-2022-alicia-vikander-o-alessandra-ambrosio-se-coronan-como-las-mejores-vestidas-del-fin-de-semana-33.jpg 1366w,\" data-sf-src=\"http:\/\/hoycordobaweb.com\/wp-content\/uploads\/2022\/05\/festival-de-cannes-2022-alicia-vikander-o-alessandra-ambrosio-se-coronan-como-las-mejores-vestidas-del-fin-de-semana-8.jpg\" alt=\"Macrina Barladeanu\"> <noscript><img alt=\"Macrina Barladeanu\" class=\"centro_sinmarco\" src=\"http:\/\/hoycordobaweb.com\/wp-content\/uploads\/2022\/05\/festival-de-cannes-2022-alicia-vikander-o-alessandra-ambrosio-se-coronan-como-las-mejores-vestidas-del-fin-de-semana-8.jpg\"><\/noscript> <\/div><\/div>\n<\/div>\n<p>S\u00ed, el blanco est\u00e1 de moda y Cannes lo demuestra. En la premi\u00e8re de R.M.N descubrimos a una actriz poco conocida, pero que promete dar mucha guerra, Macrina Barladeanu. Barladeanu, que se estrena en la industria con esta ficci\u00f3n, nos enamor\u00f3 con<strong> un top de escote corpi\u00f1o y corte peplum en compa\u00f1\u00eda de un pantal\u00f3n de traje amplio y unos <\/strong><em><strong>stilettos<\/strong><\/em><strong> turquesa<\/strong>.&nbsp;<\/p>\n<p><!-- BREAK 10 --><\/p>\n<p>Fotos | Gtres<\/p>\n","protected":false},"excerpt":{"rendered":"<p>El Festival de Cannes sigue colapsando la actualidad en lo que a cine y sociedad se refiere. El certamen, que finalizar\u00e1 el pr\u00f3ximo 28 de mayo, est\u00e1 uniendo a lo mejor de lo mejor del mundo celeb. Este fin de semana ha sido especialmente movido. Entre otros, se ha vivido el estreno del film R.M.N [&hellip;]<\/p>\n","protected":false},"author":1,"featured_media":42000,"comment_status":"closed","ping_status":"closed","sticky":false,"template":"","format":"standard","meta":[],"categories":[1],"tags":[],"_links":{"self":[{"href":"http:\/\/hoycordobaweb.com\/index.php\/wp-json\/wp\/v2\/posts\/41999"}],"collection":[{"href":"http:\/\/hoycordobaweb.com\/index.php\/wp-json\/wp\/v2\/posts"}],"about":[{"href":"http:\/\/hoycordobaweb.com\/index.php\/wp-json\/wp\/v2\/types\/post"}],"author":[{"embeddable":true,"href":"http:\/\/hoycordobaweb.com\/index.php\/wp-json\/wp\/v2\/users\/1"}],"replies":[{"embeddable":true,"href":"http:\/\/hoycordobaweb.com\/index.php\/wp-json\/wp\/v2\/comments?post=41999"}],"version-history":[{"count":0,"href":"http:\/\/hoycordobaweb.com\/index.php\/wp-json\/wp\/v2\/posts\/41999\/revisions"}],"wp:featuredmedia":[{"embeddable":true,"href":"http:\/\/hoycordobaweb.com\/index.php\/wp-json\/wp\/v2\/media\/42000"}],"wp:attachment":[{"href":"http:\/\/hoycordobaweb.com\/index.php\/wp-json\/wp\/v2\/media?parent=41999"}],"wp:term":[{"taxonomy":"category","embeddable":true,"href":"http:\/\/hoycordobaweb.com\/index.php\/wp-json\/wp\/v2\/categories?post=41999"},{"taxonomy":"post_tag","embeddable":true,"href":"http:\/\/hoycordobaweb.com\/index.php\/wp-json\/wp\/v2\/tags?post=41999"}],"curies":[{"name":"wp","href":"https:\/\/api.w.org\/{rel}","templated":true}]}}