{"id":41993,"date":"2022-05-23T11:20:17","date_gmt":"2022-05-23T11:20:17","guid":{"rendered":"https:\/\/www.mujerhoy.com\/moda\/no-te-pierdas\/bailarinas-caladas-rejilla-zapatos-planos-comodos-fresquitos-elegantes-primavera-verano-tendencia-20220522135858-nt.html"},"modified":"2022-05-23T11:20:17","modified_gmt":"2022-05-23T11:20:17","slug":"bailarinas-caladas-los-zapatos-comodos-y-fresquitos-que-parecen-de-lujo-y-arrasan-entre-las-influencers","status":"publish","type":"post","link":"http:\/\/hoycordobaweb.com\/index.php\/2022\/05\/23\/bailarinas-caladas-los-zapatos-comodos-y-fresquitos-que-parecen-de-lujo-y-arrasan-entre-las-influencers\/","title":{"rendered":"Bailarinas caladas, los zapatos c\u00f3modos y fresquitos que parecen de lujo y arrasan entre las influencers"},"content":{"rendered":"<div><img src=\"http:\/\/hoycordobaweb.com\/wp-content\/uploads\/2022\/05\/bailarinas-caladas-los-zapatos-comodos-y-fresquitos-que-parecen-de-lujo-y-arrasan-entre-las-influencers.jpg\" class=\"ff-og-image-inserted\"><\/div>\n<p><!-- AUTHOR --><!-- COMPONENTS --><\/p>\n<p class=\"voc-paragraph\">\u00bfY si hubiera una propuesta de calzado fresquito para sustituir a las sandalias? Pues la hemos encontrado y son <strong>esos zapatos cerrado y de tejido calado <\/strong>que son casi igual de fresquitos y que podr\u00e1s llevar en primavera y verano para conseguir algo menos informal. Vale que hay opciones como <a data-voc-vtm-id=\"in-text-traffic\" href=\"https:\/\/www.mujerhoy.com\/moda\/tendencias\/sandalias-planas-brillos-zara-nueva-coleccion-comodas-alternativa-tacones-20220518131009-nt.html\">estas planas de Zara con brillos<\/a>, sin embargo, si quieres algo m\u00e1s arreglado manteniendo el estilo cl\u00e1sico. No hablamos de <a data-voc-vtm-id=\"in-text-traffic\" href=\"https:\/\/www.mujerhoy.com\/moda\/no-te-pierdas\/vuelven-cangrejeras-goma-zara-kids-gran-hit-ano-pasado-se-agoto-compartir-con-tu-hija-20220514130328-nt.html\">las cangrejeras<\/a>, sino de unas bailarinas de rejilla que ya causan furor entre las <strong>influencers<\/strong>.\n<\/p>\n<p class=\"voc-paragraph\">Un zapato c\u00f3modo, elegante y sobre todo fresquito es de lo mejor que puedes a\u00f1adir en tu armario esta temporada. Con \u00e9l tendr\u00e1s una propuesta perfecta para decir adi\u00f3s a las sandalias y las alpargatas que son mucho m\u00e1s casual y tendr\u00e1s <strong>un calzado c\u00f3modo cuando necesites ir algo m\u00e1s arreglada<\/strong>. Adem\u00e1s, podr\u00edamos decir que son tendencia, ya que las puedes encontrar en diferentes firmas. Ficha las que hemos seleccionado para ti.\n<\/p>\n<div class=\"voc-detail__cmp\" readability=\"6.5\">\n<div class=\"voc-photo-combo-three fw-xs\" readability=\"8\">\n<p class=\"figure-caption\"><span class=\"voc-photo-caption\">Las bailarinas caladas las puedes encontrar en varias firmas. \/ <\/span><span class=\"voc-photo-author\">S\u00e9zane, Gioseppo y Zara<\/span><\/p>\n<\/div>\n<\/div>\n<p class=\"voc-paragraph\">En <strong>S\u00e9zane<\/strong>, una firma francesa que triunfa en las redes, tienen un modelo que parece lujo. Se trata de una bailarina trenzada con el exterior de piel metalizada y craquelada que <strong>cuesta 175 euros<\/strong> y que est\u00e1 disponible en varios colores como el dorado, el camel o el lila. Por otro lado, si prefieres una opci\u00f3n &#8216;made in Spain&#8217;, apuesta por las blancas de Gioseppo que cuestan 64,95 euros y est\u00e1n disponibles tambi\u00e9n en dorado y en negro. Por \u00faltimo, si quieres una propuesta low cost te dejamos este modelo de <strong>Zara Kids <\/strong>tan ideal que cuesta <strong>25,95 euros<\/strong>.\n<\/p>\n<div class=\"voc-detail__cmp\">\n<div class=\"voc-photo-combo-three fw-xs\">\n<p class=\"figure-caption\"><span class=\"voc-photo-caption\"><\/span><span class=\"voc-photo-author\">Mango, Venca y Zara.<\/span><\/p>\n<\/div>\n<\/div>\n<p class=\"voc-paragraph\">Pero la tendencia calada no acaba aqu\u00ed. Hay otra opci\u00f3n a\u00fan m\u00e1s fresquita y esa es la bailarina destalonada. En <strong>Mango <\/strong>hemos dado con este dise\u00f1o en color rojo que cuesta <strong>49,99 euros<\/strong> y que tiene la puntera en pico. Si buscas algo m\u00e1s neutro, las negras de <strong>Venca <\/strong>que cuestan tan solo <strong>15,99 euros<\/strong> son la opci\u00f3n m\u00e1s ponible y barata. Y, \u00bflas m\u00e1s originales? Est\u00e1n en <strong>Zara<\/strong>. Son azules y cuestan <strong>39,95 euros<\/strong>. \u00bfCu\u00e1l es tu favorita?\n<\/p>\n<p><!-- TOPICS --><\/p>\n","protected":false},"excerpt":{"rendered":"<p>\u00bfY si hubiera una propuesta de calzado fresquito para sustituir a las sandalias? Pues la hemos encontrado y son esos zapatos cerrado y de tejido calado que son casi igual de fresquitos y que podr\u00e1s llevar en primavera y verano para conseguir algo menos informal. Vale que hay opciones como estas planas de Zara con [&hellip;]<\/p>\n","protected":false},"author":1,"featured_media":41994,"comment_status":"closed","ping_status":"closed","sticky":false,"template":"","format":"standard","meta":[],"categories":[1],"tags":[],"_links":{"self":[{"href":"http:\/\/hoycordobaweb.com\/index.php\/wp-json\/wp\/v2\/posts\/41993"}],"collection":[{"href":"http:\/\/hoycordobaweb.com\/index.php\/wp-json\/wp\/v2\/posts"}],"about":[{"href":"http:\/\/hoycordobaweb.com\/index.php\/wp-json\/wp\/v2\/types\/post"}],"author":[{"embeddable":true,"href":"http:\/\/hoycordobaweb.com\/index.php\/wp-json\/wp\/v2\/users\/1"}],"replies":[{"embeddable":true,"href":"http:\/\/hoycordobaweb.com\/index.php\/wp-json\/wp\/v2\/comments?post=41993"}],"version-history":[{"count":0,"href":"http:\/\/hoycordobaweb.com\/index.php\/wp-json\/wp\/v2\/posts\/41993\/revisions"}],"wp:featuredmedia":[{"embeddable":true,"href":"http:\/\/hoycordobaweb.com\/index.php\/wp-json\/wp\/v2\/media\/41994"}],"wp:attachment":[{"href":"http:\/\/hoycordobaweb.com\/index.php\/wp-json\/wp\/v2\/media?parent=41993"}],"wp:term":[{"taxonomy":"category","embeddable":true,"href":"http:\/\/hoycordobaweb.com\/index.php\/wp-json\/wp\/v2\/categories?post=41993"},{"taxonomy":"post_tag","embeddable":true,"href":"http:\/\/hoycordobaweb.com\/index.php\/wp-json\/wp\/v2\/tags?post=41993"}],"curies":[{"name":"wp","href":"https:\/\/api.w.org\/{rel}","templated":true}]}}