{"id":41950,"date":"2022-05-22T13:00:33","date_gmt":"2022-05-22T13:00:33","guid":{"rendered":"https:\/\/www.trendencias.com\/belleza\/este-verano-delineado-ojos-se-lleva-bloque-palabra-danna-paola-chiara-ferragni-otras-famosas"},"modified":"2022-05-22T13:00:33","modified_gmt":"2022-05-22T13:00:33","slug":"este-verano-el-delineado-de-ojos-se-lleva-en-bloque-palabra-de-danna-paola-chiara-ferragni-y-otras-famosas-mas","status":"publish","type":"post","link":"http:\/\/hoycordobaweb.com\/index.php\/2022\/05\/22\/este-verano-el-delineado-de-ojos-se-lleva-en-bloque-palabra-de-danna-paola-chiara-ferragni-y-otras-famosas-mas\/","title":{"rendered":"Este verano el delineado de ojos se lleva en bloque, palabra de Danna Paola, Chiara Ferragni y otras famosas m\u00e1s"},"content":{"rendered":"<p>Hace algunos meses que la tendencia del <a href=\"https:\/\/www.trendencias.com\/belleza\/siete-tendencias-maquillaje-para-invitada-que-te-convertiran-amiga-moderna-fiesta\"><em>color block<\/em><\/a> se ha colado en nuestro mundo beauty, bien en su versi\u00f3n de sombras o bien en <strong>delineados <\/strong>los cuales se han vuelto <a href=\"https:\/\/www.trendencias.com\/belleza\/andrea-duro-rocio-osorno-apuestan-delineados-ojos-muy-locos-arriesgados-premiere-stranger-things\">mucho m\u00e1s extremos,<\/a> pero no por ello perdiendo la originalidad y el buen gusto.<\/p>\n<p><!-- BREAK 1 --><\/p>\n<p>Por ello, hoy queremos mostraros algunos ejemplos de c\u00f3mo llevan los delineados de ojos famosas como <strong>Danna Paola o Chiara Ferragni <\/strong>o, m\u00e1s recientemente, en el <a href=\"https:\/\/www.trendencias.com\/moda-famosas\/carlota-casiraghi-se-convierte-protagonista-indiscutible-alfombra-roja-festival-cannes-2022-lookazo-diez\">Festival de Cannes<\/a> <strong>Deepika Padukone.<\/strong><\/p>\n<p><!-- BREAK 2 --> <\/p>\n<div class=\"article-asset article-asset-normal article-asset-center\">\n<div class=\"desvio-container\">\n<div class=\"desvio\">\n<div class=\"desvio-figure js-desvio-figure\"> <a href=\"https:\/\/www.trendencias.com\/belleza\/delineado-ojos-inverso-perfecto-para-parpado-caido-tienen-efecto-lifting\"> <img alt=\"El delineado de ojos inverso es perfecto para un p\u00e1rpado ca\u00eddo y tiene efecto lifting\" src=\"http:\/\/hoycordobaweb.com\/wp-content\/uploads\/2022\/05\/este-verano-el-delineado-de-ojos-se-lleva-en-bloque-palabra-de-danna-paola-chiara-ferragni-y-otras-famosas-mas.jpg\"> <\/a> <\/div><\/div><\/div>\n<\/div>\n<h2>Danna Paola<\/h2>\n<div class=\"article-asset-image article-asset-normal article-asset-center\">\n<div class=\"asset-content\">\n<div class=\"base-wrapper-image\"> <img class=\"sf-lazy centro_sinmarco\" data-sf-srcset=\"http:\/\/hoycordobaweb.com\/wp-content\/uploads\/2022\/05\/este-verano-el-delineado-de-ojos-se-lleva-en-bloque-palabra-de-danna-paola-chiara-ferragni-y-otras-famosas-mas-1.jpg 450w, http:\/\/hoycordobaweb.com\/wp-content\/uploads\/2022\/05\/este-verano-el-delineado-de-ojos-se-lleva-en-bloque-palabra-de-danna-paola-chiara-ferragni-y-otras-famosas-mas-11.jpg 681w,http:\/\/hoycordobaweb.com\/wp-content\/uploads\/2022\/05\/este-verano-el-delineado-de-ojos-se-lleva-en-bloque-palabra-de-danna-paola-chiara-ferragni-y-otras-famosas-mas-12.jpg 1024w, http:\/\/hoycordobaweb.com\/wp-content\/uploads\/2022\/05\/este-verano-el-delineado-de-ojos-se-lleva-en-bloque-palabra-de-danna-paola-chiara-ferragni-y-otras-famosas-mas-13.jpg 1366w,\" data-sf-src=\"http:\/\/hoycordobaweb.com\/wp-content\/uploads\/2022\/05\/este-verano-el-delineado-de-ojos-se-lleva-en-bloque-palabra-de-danna-paola-chiara-ferragni-y-otras-famosas-mas-1.jpg\" alt=\"Delineado De Ojos En Bloque 3\"> <noscript><img alt=\"Delineado De Ojos En Bloque 3\" class=\"centro_sinmarco\" src=\"http:\/\/hoycordobaweb.com\/wp-content\/uploads\/2022\/05\/este-verano-el-delineado-de-ojos-se-lleva-en-bloque-palabra-de-danna-paola-chiara-ferragni-y-otras-famosas-mas-1.jpg\"><\/noscript> <\/div><\/div>\n<\/div>\n<p>Hace ya unos meses vimos a <a href=\"https:\/\/www.trendencias.com\/belleza\/danna-paola-tiene-claro-esta-temporada-eyeliner-se-lleva-muy-marcado-color-rosa-fucsia\">Danna Paola durante la Semana de la Moda de Mil\u00e1n lucir este maquillaje y nos alucin\u00f3<\/a>. Una obra de <a href=\"https:\/\/www.instagram.com\/raquelalvarezdiaz_\/?hl=es\">Raquel \u00c1lvarez<\/a> en la que la apuesta por el fucsia y por un trabajo mucho m\u00e1s editorial marc\u00f3 la diferencia y nos conquist\u00f3. Sin duda, un estilo para copiar en eventos especiales con un acabado alucinante.<\/p>\n<p><!-- BREAK 3 --><\/p>\n<p>Un efecto que podr\u00edamos conseguir con sombras en crema, l\u00e1pices de ojos o eyeliners l\u00edquidos.<\/p>\n<p><!-- PIVOT START --><\/p>\n<div class=\"pivot-ecommerce-container\">\n<div class=\"pivot-ecommerce\" readability=\"4.1408450704225\">\n<div class=\"pivot-ecommerce-figure\"> <img alt=\"3INA\nThe Cream Eyeshadow Sombra de Ojos en Crema\" src=\"http:\/\/hoycordobaweb.com\/wp-content\/uploads\/2022\/05\/este-verano-el-delineado-de-ojos-se-lleva-en-bloque-palabra-de-danna-paola-chiara-ferragni-y-otras-famosas-mas-2.jpg\"> <\/div>\n<div class=\"pivot-ecommerce-summary\" readability=\"4.830985915493\">\n<p class=\"pivot-ecommerce-desc\">3INA<br \/>\nThe Cream Eyeshadow Sombra de Ojos en Crema<\/p>\n<\/p><\/div><\/div>\n<\/div>\n<p><!-- PIVOT END --><\/p>\n<h2>Chiara Ferragni<\/h2>\n<div class=\"article-asset-image article-asset-normal article-asset-center\">\n<div class=\"asset-content\">\n<div class=\"base-wrapper-image\"> <img class=\"sf-lazy centro_sinmarco\" data-sf-srcset=\"http:\/\/hoycordobaweb.com\/wp-content\/uploads\/2022\/05\/este-verano-el-delineado-de-ojos-se-lleva-en-bloque-palabra-de-danna-paola-chiara-ferragni-y-otras-famosas-mas-3.jpg 450w, http:\/\/hoycordobaweb.com\/wp-content\/uploads\/2022\/05\/este-verano-el-delineado-de-ojos-se-lleva-en-bloque-palabra-de-danna-paola-chiara-ferragni-y-otras-famosas-mas-14.jpg 681w,http:\/\/hoycordobaweb.com\/wp-content\/uploads\/2022\/05\/este-verano-el-delineado-de-ojos-se-lleva-en-bloque-palabra-de-danna-paola-chiara-ferragni-y-otras-famosas-mas-15.jpg 1024w, http:\/\/hoycordobaweb.com\/wp-content\/uploads\/2022\/05\/este-verano-el-delineado-de-ojos-se-lleva-en-bloque-palabra-de-danna-paola-chiara-ferragni-y-otras-famosas-mas-16.jpg 1366w,\" data-sf-src=\"http:\/\/hoycordobaweb.com\/wp-content\/uploads\/2022\/05\/este-verano-el-delineado-de-ojos-se-lleva-en-bloque-palabra-de-danna-paola-chiara-ferragni-y-otras-famosas-mas-3.jpg\" alt=\"Delineado De Ojos En Bloque 5\"> <noscript><img alt=\"Delineado De Ojos En Bloque 5\" class=\"centro_sinmarco\" src=\"http:\/\/hoycordobaweb.com\/wp-content\/uploads\/2022\/05\/este-verano-el-delineado-de-ojos-se-lleva-en-bloque-palabra-de-danna-paola-chiara-ferragni-y-otras-famosas-mas-3.jpg\"><\/noscript> <\/div><\/div>\n<\/div>\n<p>Por su parte, <a href=\"https:\/\/www.trendencias.com\/belleza\/esta-manicura-chiara-ferragni-que-cambia-color-contacto-agua-caliente\">Chiara Ferragni <\/a>es tambi\u00e9n de las que<a href=\"https:\/\/www.trendencias.com\/belleza\/chiara-ferragni-luce-maquillaje-loco-momento-color-verde-para-acudir-a-semana-alta-costura\"> se suma a todas las tendencias <\/a>y esta no iba a ser menos. en el caso de la italiana los ha lucido bien con productos l\u00edquidos como con sombras con acabados muy similares en los que las miradas toman todo el protagonismo con t\u00e9cnicas m\u00e1s extremas de las que estamos acostumbradas.<\/p>\n<p><!-- BREAK 4 --><!-- PIVOT START --><\/p>\n<div class=\"pivot-ecommerce-container\">\n<div class=\"pivot-ecommerce\" readability=\"3.9344262295082\">\n<div class=\"pivot-ecommerce-figure\"> <img alt=\"ESSENCE\nLong Lasting Perfilador de Ojos\" src=\"http:\/\/hoycordobaweb.com\/wp-content\/uploads\/2022\/05\/este-verano-el-delineado-de-ojos-se-lleva-en-bloque-palabra-de-danna-paola-chiara-ferragni-y-otras-famosas-mas-4.jpg\"> <\/div>\n<div class=\"pivot-ecommerce-summary\" readability=\"4.5901639344262\">\n<p class=\"pivot-ecommerce-desc\">ESSENCE<br \/>\nLong Lasting Perfilador de Ojos<\/p>\n<\/p><\/div><\/div>\n<\/div>\n<p><!-- PIVOT END --><\/p>\n<div class=\"article-asset-image article-asset-normal article-asset-center\">\n<div class=\"asset-content\">\n<div class=\"base-wrapper-image\"> <img class=\"sf-lazy centro_sinmarco\" data-sf-srcset=\"http:\/\/hoycordobaweb.com\/wp-content\/uploads\/2022\/05\/este-verano-el-delineado-de-ojos-se-lleva-en-bloque-palabra-de-danna-paola-chiara-ferragni-y-otras-famosas-mas-5.jpg 450w, http:\/\/hoycordobaweb.com\/wp-content\/uploads\/2022\/05\/este-verano-el-delineado-de-ojos-se-lleva-en-bloque-palabra-de-danna-paola-chiara-ferragni-y-otras-famosas-mas-17.jpg 681w,http:\/\/hoycordobaweb.com\/wp-content\/uploads\/2022\/05\/este-verano-el-delineado-de-ojos-se-lleva-en-bloque-palabra-de-danna-paola-chiara-ferragni-y-otras-famosas-mas-18.jpg 1024w, http:\/\/hoycordobaweb.com\/wp-content\/uploads\/2022\/05\/este-verano-el-delineado-de-ojos-se-lleva-en-bloque-palabra-de-danna-paola-chiara-ferragni-y-otras-famosas-mas-19.jpg 1366w,\" data-sf-src=\"http:\/\/hoycordobaweb.com\/wp-content\/uploads\/2022\/05\/este-verano-el-delineado-de-ojos-se-lleva-en-bloque-palabra-de-danna-paola-chiara-ferragni-y-otras-famosas-mas-5.jpg\" alt=\"Delineado De Ojos En Bloque 4\"> <noscript><img alt=\"Delineado De Ojos En Bloque 4\" class=\"centro_sinmarco\" src=\"http:\/\/hoycordobaweb.com\/wp-content\/uploads\/2022\/05\/este-verano-el-delineado-de-ojos-se-lleva-en-bloque-palabra-de-danna-paola-chiara-ferragni-y-otras-famosas-mas-5.jpg\"><\/noscript> <\/div><\/div>\n<\/div>\n<h2>Dixie D&#8217;Amelio<\/h2>\n<div class=\"article-asset-image article-asset-normal article-asset-center\">\n<div class=\"asset-content\">\n<div class=\"base-wrapper-image\"> <img class=\"sf-lazy centro_sinmarco\" data-sf-srcset=\"http:\/\/hoycordobaweb.com\/wp-content\/uploads\/2022\/05\/este-verano-el-delineado-de-ojos-se-lleva-en-bloque-palabra-de-danna-paola-chiara-ferragni-y-otras-famosas-mas-6.jpg 450w, http:\/\/hoycordobaweb.com\/wp-content\/uploads\/2022\/05\/este-verano-el-delineado-de-ojos-se-lleva-en-bloque-palabra-de-danna-paola-chiara-ferragni-y-otras-famosas-mas-20.jpg 681w,http:\/\/hoycordobaweb.com\/wp-content\/uploads\/2022\/05\/este-verano-el-delineado-de-ojos-se-lleva-en-bloque-palabra-de-danna-paola-chiara-ferragni-y-otras-famosas-mas-21.jpg 1024w, http:\/\/hoycordobaweb.com\/wp-content\/uploads\/2022\/05\/este-verano-el-delineado-de-ojos-se-lleva-en-bloque-palabra-de-danna-paola-chiara-ferragni-y-otras-famosas-mas-22.jpg 1366w,\" data-sf-src=\"http:\/\/hoycordobaweb.com\/wp-content\/uploads\/2022\/05\/este-verano-el-delineado-de-ojos-se-lleva-en-bloque-palabra-de-danna-paola-chiara-ferragni-y-otras-famosas-mas-6.jpg\" alt=\"Delineado De Ojos En Bloque 6\"> <noscript><img alt=\"Delineado De Ojos En Bloque 6\" class=\"centro_sinmarco\" src=\"http:\/\/hoycordobaweb.com\/wp-content\/uploads\/2022\/05\/este-verano-el-delineado-de-ojos-se-lleva-en-bloque-palabra-de-danna-paola-chiara-ferragni-y-otras-famosas-mas-6.jpg\"><\/noscript> <\/div><\/div>\n<\/div>\n<p>Otros ejemplos los encontramos en fen\u00f3menos de TikTok como <strong>Dixie D&#8217;Amelio <\/strong>tambi\u00e9n apostando por el fucsia y alarg\u00e1ndolo hacia las sienes (o hasta el infinito). El resultado es totalmente diferente pero nos encanta.<\/p>\n<p><!-- BREAK 5 --><!-- PIVOT START --><\/p>\n<div class=\"pivot-ecommerce-container\">\n<div class=\"pivot-ecommerce\" readability=\"3.864406779661\">\n<div class=\"pivot-ecommerce-figure\"> <img alt=\"Z BEAUTY\niLiners watercolor eyeliners\" src=\"http:\/\/hoycordobaweb.com\/wp-content\/uploads\/2022\/05\/este-verano-el-delineado-de-ojos-se-lleva-en-bloque-palabra-de-danna-paola-chiara-ferragni-y-otras-famosas-mas-7.jpg\"> <\/div>\n<div class=\"pivot-ecommerce-summary\" readability=\"4.5084745762712\">\n<p class=\"pivot-ecommerce-desc\">Z BEAUTY<br \/>\niLiners watercolor eyeliners<\/p>\n<\/p><\/div><\/div>\n<\/div>\n<p><!-- PIVOT END --><\/p>\n<h2>Deepika Padukone<\/h2>\n<div class=\"article-asset-image article-asset-normal article-asset-center\">\n<div class=\"asset-content\">\n<div class=\"base-wrapper-image\"> <img class=\"sf-lazy centro_sinmarco\" data-sf-srcset=\"http:\/\/hoycordobaweb.com\/wp-content\/uploads\/2022\/05\/este-verano-el-delineado-de-ojos-se-lleva-en-bloque-palabra-de-danna-paola-chiara-ferragni-y-otras-famosas-mas-8.jpg 450w, http:\/\/hoycordobaweb.com\/wp-content\/uploads\/2022\/05\/este-verano-el-delineado-de-ojos-se-lleva-en-bloque-palabra-de-danna-paola-chiara-ferragni-y-otras-famosas-mas-23.jpg 681w,http:\/\/hoycordobaweb.com\/wp-content\/uploads\/2022\/05\/este-verano-el-delineado-de-ojos-se-lleva-en-bloque-palabra-de-danna-paola-chiara-ferragni-y-otras-famosas-mas-24.jpg 1024w, http:\/\/hoycordobaweb.com\/wp-content\/uploads\/2022\/05\/este-verano-el-delineado-de-ojos-se-lleva-en-bloque-palabra-de-danna-paola-chiara-ferragni-y-otras-famosas-mas-25.jpg 1366w,\" data-sf-src=\"http:\/\/hoycordobaweb.com\/wp-content\/uploads\/2022\/05\/este-verano-el-delineado-de-ojos-se-lleva-en-bloque-palabra-de-danna-paola-chiara-ferragni-y-otras-famosas-mas-8.jpg\" alt=\"Delineado De Ojos En Bloque\"> <noscript><img alt=\"Delineado De Ojos En Bloque\" class=\"centro_sinmarco\" src=\"http:\/\/hoycordobaweb.com\/wp-content\/uploads\/2022\/05\/este-verano-el-delineado-de-ojos-se-lleva-en-bloque-palabra-de-danna-paola-chiara-ferragni-y-otras-famosas-mas-8.jpg\"><\/noscript> <\/div><\/div>\n<\/div>\n<p>M\u00e1s recientemente, en concreto en el Festival de Cannes, hemos visto c\u00f3mo Deepika Padukone tambi\u00e9n se ha sumado a la tendencia, dejando claro que no es algo meramente pasajero sino que es un estilo que ha venido para quedarse. Seguro que este verano lo seguiremos viendo y ser\u00e1 todo un gustazo.&nbsp;<\/p>\n<p><!-- BREAK 6 --><\/p>\n<div class=\"article-asset-image article-asset-normal article-asset-center\">\n<div class=\"asset-content\">\n<div class=\"base-wrapper-image\"> <img class=\"sf-lazy centro_sinmarco\" data-sf-srcset=\"http:\/\/hoycordobaweb.com\/wp-content\/uploads\/2022\/05\/este-verano-el-delineado-de-ojos-se-lleva-en-bloque-palabra-de-danna-paola-chiara-ferragni-y-otras-famosas-mas-9.jpg 450w, http:\/\/hoycordobaweb.com\/wp-content\/uploads\/2022\/05\/este-verano-el-delineado-de-ojos-se-lleva-en-bloque-palabra-de-danna-paola-chiara-ferragni-y-otras-famosas-mas-26.jpg 681w,http:\/\/hoycordobaweb.com\/wp-content\/uploads\/2022\/05\/este-verano-el-delineado-de-ojos-se-lleva-en-bloque-palabra-de-danna-paola-chiara-ferragni-y-otras-famosas-mas-27.jpg 1024w, http:\/\/hoycordobaweb.com\/wp-content\/uploads\/2022\/05\/este-verano-el-delineado-de-ojos-se-lleva-en-bloque-palabra-de-danna-paola-chiara-ferragni-y-otras-famosas-mas-28.jpg 1366w,\" data-sf-src=\"http:\/\/hoycordobaweb.com\/wp-content\/uploads\/2022\/05\/este-verano-el-delineado-de-ojos-se-lleva-en-bloque-palabra-de-danna-paola-chiara-ferragni-y-otras-famosas-mas-9.jpg\" alt=\"delineado de ojos en bloque\"> <noscript><img alt=\"delineado de ojos en bloque\" class=\"centro_sinmarco\" src=\"http:\/\/hoycordobaweb.com\/wp-content\/uploads\/2022\/05\/este-verano-el-delineado-de-ojos-se-lleva-en-bloque-palabra-de-danna-paola-chiara-ferragni-y-otras-famosas-mas-9.jpg\"><\/noscript> <\/div><\/div>\n<\/div>\n<h2>Otras ofertas interesantes<\/h2>\n<p><em>Nota: algunos de los enlaces de este art\u00edculo son afiliados y pueden reportar un beneficio a Trendencias<\/em><\/p>\n<p><!-- BREAK 7 --><\/p>\n<p>Fotos | Gtres, <a href=\"https:\/\/www.instagram.com\/dannapaola\/\">@dannapaola<\/a>, <a href=\"https:\/\/www.instagram.com\/chiaraferragni\/?hl=es\">@chiaraferragni<\/a>, <a href=\"https:\/\/www.instagram.com\/dixiedamelio\/?hl=es\">@dixiedamelio<\/a> y <a href=\"https:\/\/www.instagram.com\/deepikapadukone\/?hl=es\">@deepikapadukone<\/a><\/p>\n<p><!-- BREAK 8 --> <\/p>\n","protected":false},"excerpt":{"rendered":"<p>Hace algunos meses que la tendencia del color block se ha colado en nuestro mundo beauty, bien en su versi\u00f3n de sombras o bien en delineados los cuales se han vuelto mucho m\u00e1s extremos, pero no por ello perdiendo la originalidad y el buen gusto. Por ello, hoy queremos mostraros algunos ejemplos de c\u00f3mo llevan [&hellip;]<\/p>\n","protected":false},"author":1,"featured_media":41951,"comment_status":"closed","ping_status":"closed","sticky":false,"template":"","format":"standard","meta":[],"categories":[1],"tags":[],"_links":{"self":[{"href":"http:\/\/hoycordobaweb.com\/index.php\/wp-json\/wp\/v2\/posts\/41950"}],"collection":[{"href":"http:\/\/hoycordobaweb.com\/index.php\/wp-json\/wp\/v2\/posts"}],"about":[{"href":"http:\/\/hoycordobaweb.com\/index.php\/wp-json\/wp\/v2\/types\/post"}],"author":[{"embeddable":true,"href":"http:\/\/hoycordobaweb.com\/index.php\/wp-json\/wp\/v2\/users\/1"}],"replies":[{"embeddable":true,"href":"http:\/\/hoycordobaweb.com\/index.php\/wp-json\/wp\/v2\/comments?post=41950"}],"version-history":[{"count":0,"href":"http:\/\/hoycordobaweb.com\/index.php\/wp-json\/wp\/v2\/posts\/41950\/revisions"}],"wp:featuredmedia":[{"embeddable":true,"href":"http:\/\/hoycordobaweb.com\/index.php\/wp-json\/wp\/v2\/media\/41951"}],"wp:attachment":[{"href":"http:\/\/hoycordobaweb.com\/index.php\/wp-json\/wp\/v2\/media?parent=41950"}],"wp:term":[{"taxonomy":"category","embeddable":true,"href":"http:\/\/hoycordobaweb.com\/index.php\/wp-json\/wp\/v2\/categories?post=41950"},{"taxonomy":"post_tag","embeddable":true,"href":"http:\/\/hoycordobaweb.com\/index.php\/wp-json\/wp\/v2\/tags?post=41950"}],"curies":[{"name":"wp","href":"https:\/\/api.w.org\/{rel}","templated":true}]}}