{"id":41913,"date":"2022-05-21T12:06:00","date_gmt":"2022-05-21T12:06:00","guid":{"rendered":"http:\/\/hoycordobaweb.com\/index.php\/2022\/05\/21\/manzur-de-pedro-massa-y-urtubey-participan-de-la-cumbre-del-pj\/"},"modified":"2022-05-21T12:06:00","modified_gmt":"2022-05-21T12:06:00","slug":"manzur-de-pedro-massa-y-urtubey-participan-de-la-cumbre-del-pj","status":"publish","type":"post","link":"http:\/\/hoycordobaweb.com\/index.php\/2022\/05\/21\/manzur-de-pedro-massa-y-urtubey-participan-de-la-cumbre-del-pj\/","title":{"rendered":"Manzur, De Pedro, Massa y Urtubey participan de la cumbre del PJ"},"content":{"rendered":"<p><img src=\"http:\/\/hoycordobaweb.com\/wp-content\/uploads\/2022\/05\/manzur-de-pedro-massa-y-urtubey-participan-de-la-cumbre-del-pj.jpg\"><\/p>\n<figure class=\"mb-3\"><img loading=\"lazy\" src=\"http:\/\/hoycordobaweb.com\/wp-content\/uploads\/2022\/05\/manzur-de-pedro-massa-y-urtubey-participan-de-la-cumbre-del-pj-2.jpg\" width=\"100%\" height=\"100%\" alt=\"Manzur De Pedro Massa y Urtubey participan de la cumbre del PJ en Mendoza\"><figcaption> Manzur, De Pedro, Massa y Urtubey participan de la cumbre del PJ en Mendoza <\/figcaption><\/figure>\n<p>El jefe de Gabinete, <strong>Juan Manzur<\/strong>; el ministro del Interior, <strong>Eduardo \u00abWado\u00bb De Pedro<\/strong>, y el presidente de la C\u00e1mara de Diputados, <strong>Sergio Massa<\/strong>, participa hoy de la <strong>cumbre del Partido Justicialista (PJ) en Mendoza<\/strong>, junto a dirigentes de todo el pa\u00eds.<\/p>\n<p>Al encuentro, que se desarrolla en el Auditorio \u00c1ngel Bustelo, asistir\u00e1n tambi\u00e9n el gobernador de San Juan, <strong>Sergio U\u00f1ac<\/strong>; el exmandatario de Salta <strong>Juan Manuel Urtubey<\/strong>, senadores nacionales y exgobernadores como <strong>Luc\u00eda Corpacci<\/strong> (Catamarca) y <strong>Adolfo Rodr\u00edguez Sa\u00e1<\/strong> (San Luis).<\/p>\n<p>Tambi\u00e9n participan figuras del \u00e1mbito sindical como el diputado nacional y secretario general de la Central de Trabajadores de la Argentina (CTA), <strong>Hugo Yasky<\/strong>, y otros legisladores nacionales como <strong>Juliana Di Tullio<\/strong>, <strong>Jos\u00e9 Mayans<\/strong>, <strong>Eugenia Dur\u00e9<\/strong>, <strong>Emiliano Estrada<\/strong> y <strong>Vanesa Siley<\/strong>, entre otros.<\/p>\n<p>La presencia m\u00e1s llamativa es la de Urtubey, enfrentado al kirchnerismo, pero quien en las \u00faltimas horas comparti\u00f3 un caf\u00e9 con De Pedro en dos reuniones, confirmaron a T\u00e9lam voceros de ambos dirigentes.<\/p>\n<p>\u00abLo que cambia ahora es que \u00e9l quiere ir a una interna dentro del peronismo, dentro del Frente de Todos (FdT), e integrar un frente m\u00e1s amplio\u00bb, a\u00f1adieron fuentes cercanas a Urtubey.<\/p>\n<p>El exmandatario salte\u00f1o \u00abcree lo mismo\u00bb sobre su rechazo a las pol\u00edticas del presidente Alberto Fern\u00e1ndez y la vicepresidenta Cristina Fern\u00e1ndez pero su postura es salir de la grieta desde dentro del peronismo.<\/p>\n<blockquote class><p>\u00abEl encuentro cuenta con paneles, con ponencias magistrales y espacio para preguntas de los asistentes. Para nosotros es fundamental que lo importante no pase desapercibido: un modelo de pa\u00eds que nos incluya con mirada federal, con perspectiva de g\u00e9nero y \u00e9nfasis en pol\u00edticas de desarrollo sustentable\u00bb<cite class=\"author\">Anabel Fern\u00e1ndez Sagasti<\/cite><\/p><\/blockquote>\n<p>En ese sentido, De Pedro tambi\u00e9n est\u00e1 convencido de la necesidad de <strong>construir una mesa pol\u00edtica del FdT y ampliar la coalici\u00f3n con miras a 2023<\/strong>.<\/p>\n<p>Si bien llamaron la atenci\u00f3n algunas reuniones que el ministro mantuvo los \u00faltimos d\u00edas con distintos dirigentes, cuando se le pregunta sobre el tema suele contestar que \u00abel di\u00e1logo se tiene que desarrollar con los que piensan distinto, no con los que ya piensan como uno\u00bb.<\/p>\n<p>\u00abHace falta di\u00e1logo dentro del FdT centrado en resolver los problemas de la gesti\u00f3n, que son los mismos que sufre la gente, como inflaci\u00f3n y salarios; y pensando en 2023 sumar m\u00e1s actores a nuestra coalici\u00f3n\u00bb, dejaron trascender desde su entorno.<\/p>\n<p>De Pedro entiende tambi\u00e9n que en el Gobierno \u00abhay temas pendientes a resolver en la gesti\u00f3n que son muy importantes\u00bb, por eso \u00abpensar hoy en candidaturas es algo irresponsable y hasta est\u00fapido\u00bb, indicaron fuentes cercanas al ministro.<\/p>\n<p>La presidenta del PJ mendocino, <strong>Anabel Fern\u00e1ndez Sagasti<\/strong>, adelant\u00f3 que la cita ser\u00e1 \u00ab<strong>abierta a todos los compa\u00f1eros y compa\u00f1eras<\/strong> para dialogar, debatir e intercambiar ideas con temas de la actualidad, aunque con proyecci\u00f3n a futuro\u00bb.<\/p>\n<p>\u00abEl encuentro estar\u00e1 organizado en paneles, con ponencias magistrales, y espacio para preguntas de los asistentes. Para nosotros es fundamental que lo importante no pase desapercibido: un modelo de pa\u00eds que nos incluya con mirada federal, con perspectiva de g\u00e9nero y \u00e9nfasis en pol\u00edticas de desarrollo sustentable\u00bb, adelant\u00f3 la senadora.<\/p>\n<p>La cumbre se buscar\u00e1 \u00abreflexionar sobre distintos temas de actualidad relacionados con cuestiones de ambiente, g\u00e9nero y tecnolog\u00eda\u00bb, se\u00f1al\u00f3 la organizaci\u00f3n a trav\u00e9s de un comunicado.<\/p>\n<p>Este primer encuentro funcionar\u00e1 como \u00abun disparador para futuras instancias de formaci\u00f3n y para generar material de an\u00e1lisis hacia adentro y afuera del espacio\u00bb, a\u00f1adieron fuentes partidarias y apuntaron que con ese objetivo, \u00abse va a sistematizar adem\u00e1s un documento que ser\u00e1 analizado en territorio con los distintos referentes del peronismo\u00bb. <\/p>\n","protected":false},"excerpt":{"rendered":"<p>Manzur, De Pedro, Massa y Urtubey participan de la cumbre del PJ en Mendoza El jefe de Gabinete, Juan Manzur; el ministro del Interior, Eduardo \u00abWado\u00bb De Pedro, y el presidente de la C\u00e1mara de Diputados, Sergio Massa, participa hoy de la cumbre del Partido Justicialista (PJ) en Mendoza, junto a dirigentes de todo el [&hellip;]<\/p>\n","protected":false},"author":1,"featured_media":41914,"comment_status":"open","ping_status":"closed","sticky":false,"template":"","format":"standard","meta":[],"categories":[19],"tags":[],"_links":{"self":[{"href":"http:\/\/hoycordobaweb.com\/index.php\/wp-json\/wp\/v2\/posts\/41913"}],"collection":[{"href":"http:\/\/hoycordobaweb.com\/index.php\/wp-json\/wp\/v2\/posts"}],"about":[{"href":"http:\/\/hoycordobaweb.com\/index.php\/wp-json\/wp\/v2\/types\/post"}],"author":[{"embeddable":true,"href":"http:\/\/hoycordobaweb.com\/index.php\/wp-json\/wp\/v2\/users\/1"}],"replies":[{"embeddable":true,"href":"http:\/\/hoycordobaweb.com\/index.php\/wp-json\/wp\/v2\/comments?post=41913"}],"version-history":[{"count":0,"href":"http:\/\/hoycordobaweb.com\/index.php\/wp-json\/wp\/v2\/posts\/41913\/revisions"}],"wp:featuredmedia":[{"embeddable":true,"href":"http:\/\/hoycordobaweb.com\/index.php\/wp-json\/wp\/v2\/media\/41914"}],"wp:attachment":[{"href":"http:\/\/hoycordobaweb.com\/index.php\/wp-json\/wp\/v2\/media?parent=41913"}],"wp:term":[{"taxonomy":"category","embeddable":true,"href":"http:\/\/hoycordobaweb.com\/index.php\/wp-json\/wp\/v2\/categories?post=41913"},{"taxonomy":"post_tag","embeddable":true,"href":"http:\/\/hoycordobaweb.com\/index.php\/wp-json\/wp\/v2\/tags?post=41913"}],"curies":[{"name":"wp","href":"https:\/\/api.w.org\/{rel}","templated":true}]}}