{"id":41895,"date":"2022-05-21T02:09:12","date_gmt":"2022-05-21T02:09:12","guid":{"rendered":"https:\/\/www.ole.com.ar\/futbol-internacional\/german-cano-fluminense-ciudadano_0_1eb0ZNNR8d.html"},"modified":"2022-05-21T02:09:12","modified_gmt":"2022-05-21T02:09:12","slug":"ciudadano-honorario-de-rio-a-un-goleador-argentino","status":"publish","type":"post","link":"http:\/\/hoycordobaweb.com\/index.php\/2022\/05\/21\/ciudadano-honorario-de-rio-a-un-goleador-argentino\/","title":{"rendered":"Ciudadano honorario de R\u00edo a un goleador argentino"},"content":{"rendered":"<p><img src=\"http:\/\/hoycordobaweb.com\/wp-content\/uploads\/2022\/05\/ciudadano-honorario-de-rio-a-un-goleador-argentino.jpg\"><\/p>\n<p><strong><a alt=\"german-cano\" class=\"slug\" href=\"https:\/\/www.ole.com.ar\/tema\/german-cano.html\" target=\"_blank\" title=\"german-cano\" rel=\"noopener noreferrer\">Germ\u00e1n Cano <\/a><\/strong>encontr\u00f3 su lugar en el mundo en R\u00edo de Janeiro, la capital del Estado carioca. Tras lucir sus dotes de goleador en Vasco da Gama, ahora lo hace para Fluminense, otro grande de la regi\u00f3n. <strong>Y su influencia lleg\u00f3 al punto de que lo nombraron \u00a1Ciudadano Honorario!<\/strong><\/p>\n<p>La decisi\u00f3n fue aprobada por la Asamblea Legislativa del Estado de R\u00edo de Janeiro y publicada en el Diario Oficial, este mismo viernes.<\/p>\n<p>Germ\u00e1n, ex Lan\u00fas, lleg\u00f3 a Brasil en 2020, y ya acumula 58 goles en 132 partidos entre Vasco y Flu. Ya conquist\u00f3 su primer t\u00edtulo en pa\u00eds al ganar el Campeonato Carioca 2022, con la final contra el Flamengo, en la que meti\u00f3 un gol. Con 34 a\u00f1os, vive en la ciudad con su esposa Roc\u00edo y su hijo Lorenzo.<\/p>\n<p>Cano tambi\u00e9n mostr\u00f3 compromiso contra la discriminaci\u00f3n al festejar un gol con la bandera del orgullo gay y<a data-cke-saved-href=\"https:\/\/www.ole.com.ar\/futbol-internacional\/german-cano-vasco-cavallo-gay_0_JfyHs1rcE.html\" target=\"_blank\" href=\"https:\/\/www.ole.com.ar\/futbol-internacional\/german-cano-vasco-cavallo-gay_0_JfyHs1rcE.html\" rel=\"noopener noreferrer\"> le regal\u00f3 una camiseta a un jugador que se declar\u00f3 homosexual.<\/a><\/p>\n<div class=\"sp__Normal\">\n<div class=\"image-embeb image-trigger\" readability=\"6\">\n<picture><source media=\"(min-width: 720px)\" srcset=\"http:\/\/hoycordobaweb.com\/wp-content\/uploads\/2022\/05\/ciudadano-honorario-de-rio-a-un-goleador-argentino-2.jpg\"><img itemprop=\"image\" src=\"http:\/\/hoycordobaweb.com\/wp-content\/uploads\/2022\/05\/ciudadano-honorario-de-rio-a-un-goleador-argentino-2.jpg\" loading=\"lazy\" alt=\"Germ\u00e1n Cano hace la L con la mano en su presentaci\u00f3n.\">\n<\/picture><figcaption readability=\"2\">\n<p>Germ\u00e1n Cano hace la L con la mano en su presentaci\u00f3n.\n<\/p>\n<\/figcaption><\/div>\n<\/div>\n<h2><strong>Goles de Cano<\/strong><\/h2>\n<div class=\"entry-tags\">\n<h2>TEMAS QUE APARECEN EN ESTA NOTA<\/h2>\n<\/p><\/div>\n","protected":false},"excerpt":{"rendered":"<p>Germ\u00e1n Cano encontr\u00f3 su lugar en el mundo en R\u00edo de Janeiro, la capital del Estado carioca. Tras lucir sus dotes de goleador en Vasco da Gama, ahora lo hace para Fluminense, otro grande de la regi\u00f3n. Y su influencia lleg\u00f3 al punto de que lo nombraron \u00a1Ciudadano Honorario! La decisi\u00f3n fue aprobada por la [&hellip;]<\/p>\n","protected":false},"author":1,"featured_media":41896,"comment_status":"open","ping_status":"closed","sticky":false,"template":"","format":"standard","meta":[],"categories":[16],"tags":[],"_links":{"self":[{"href":"http:\/\/hoycordobaweb.com\/index.php\/wp-json\/wp\/v2\/posts\/41895"}],"collection":[{"href":"http:\/\/hoycordobaweb.com\/index.php\/wp-json\/wp\/v2\/posts"}],"about":[{"href":"http:\/\/hoycordobaweb.com\/index.php\/wp-json\/wp\/v2\/types\/post"}],"author":[{"embeddable":true,"href":"http:\/\/hoycordobaweb.com\/index.php\/wp-json\/wp\/v2\/users\/1"}],"replies":[{"embeddable":true,"href":"http:\/\/hoycordobaweb.com\/index.php\/wp-json\/wp\/v2\/comments?post=41895"}],"version-history":[{"count":0,"href":"http:\/\/hoycordobaweb.com\/index.php\/wp-json\/wp\/v2\/posts\/41895\/revisions"}],"wp:featuredmedia":[{"embeddable":true,"href":"http:\/\/hoycordobaweb.com\/index.php\/wp-json\/wp\/v2\/media\/41896"}],"wp:attachment":[{"href":"http:\/\/hoycordobaweb.com\/index.php\/wp-json\/wp\/v2\/media?parent=41895"}],"wp:term":[{"taxonomy":"category","embeddable":true,"href":"http:\/\/hoycordobaweb.com\/index.php\/wp-json\/wp\/v2\/categories?post=41895"},{"taxonomy":"post_tag","embeddable":true,"href":"http:\/\/hoycordobaweb.com\/index.php\/wp-json\/wp\/v2\/tags?post=41895"}],"curies":[{"name":"wp","href":"https:\/\/api.w.org\/{rel}","templated":true}]}}