{"id":41879,"date":"2022-05-19T13:35:19","date_gmt":"2022-05-19T13:35:19","guid":{"rendered":"https:\/\/ladecimaweb.com\/?p=13525"},"modified":"2022-05-19T13:35:19","modified_gmt":"2022-05-19T13:35:19","slug":"el-municipio-destaca-el-comienzo-de-la-obra-de-recuperacion-de-la-plaza-de-vel","status":"publish","type":"post","link":"http:\/\/hoycordobaweb.com\/index.php\/2022\/05\/19\/el-municipio-destaca-el-comienzo-de-la-obra-de-recuperacion-de-la-plaza-de-vel\/","title":{"rendered":"El municipio destaca el comienzo de la obra de recuperaci\u00f3n de la plaza de VEL"},"content":{"rendered":"<div class=\"boldgrid-section\">\n<div class=\"container\">\n<div class=\"row\">\n<div class=\"col-md-12 col-xs-12 col-sm-12\">\n<p>La Municipalidad de C\u00f3rdoba comenz\u00f3 las obras de recuperaci\u00f3n de la Plaza 12 de Octubre, ubicada en la intersecci\u00f3n de las calles R\u00edo Negro y Av. De Mayo en Villa El Libertador.<\/p>\n<p>La intervenci\u00f3n de sus 7.000 metros cuadrados fue consensuada acorde a las necesidades de los vecinos del sector, comerciantes y feriantes que desarrollan sus actividades en la plaza y alrededores.<\/p>\n<p class=\"\"><img loading=\"lazy\" class=\" wp-image-13527 aligncenter\" src=\"http:\/\/hoycordobaweb.com\/wp-content\/uploads\/2022\/05\/el-municipio-destaca-el-comienzo-de-la-obra-de-recuperacion-de-la-plaza-de-vel.jpg\" alt=\"\" width=\"637\" height=\"424\" srcset=\"http:\/\/hoycordobaweb.com\/wp-content\/uploads\/2022\/05\/el-municipio-destaca-el-comienzo-de-la-obra-de-recuperacion-de-la-plaza-de-vel.jpg 1280w, http:\/\/hoycordobaweb.com\/wp-content\/uploads\/2022\/05\/el-municipio-destaca-el-comienzo-de-la-obra-de-recuperacion-de-la-plaza-de-vel-2.jpg 666w, http:\/\/hoycordobaweb.com\/wp-content\/uploads\/2022\/05\/el-municipio-destaca-el-comienzo-de-la-obra-de-recuperacion-de-la-plaza-de-vel-3.jpg 768w\" sizes=\"(max-width: 637px) 100vw, 637px\" \/><\/p>\n<p class=\"\">La intervenci\u00f3n sobre el espacio recreativo diferencia cuatro sectores, cada uno con una funcionalidad especial:<\/p>\n<p>Donde se encuentra la m\u00edtica calesita se establecer\u00e1 el sector para los m\u00e1s peque\u00f1os. Contar\u00e1 con equipamiento de juegos sensitivos e inclusivos, establecidos sobre piso de caucho para mayor seguridad de los infantes.<\/p>\n<p class=\"\">En el sector deportivo se crear\u00e1 una cancha de b\u00e1squet circular de dimensiones especiales con su respectivo equipamiento, permitiendo otros usos. Adem\u00e1s, contar\u00e1 con una estaci\u00f3n con circuito de calistenia, equipamiento deportivo, de musculaci\u00f3n y aer\u00f3bico.<\/p>\n<p class=\"\">A la zona de permanencia se le sumar\u00e1 mobiliario urbano, mesas y sillas, y se restaurar\u00e1n las que se encuentren en mal estado.<\/p>\n<p>Finalmente, se capitalizar\u00e1 el anfiteatro existente para el sector cultural. Se le dar\u00e1n nuevas funcionalidades, equipamiento y estructura de soporte para todas las actividades que se llevar\u00e1n a cabo.<\/p>\n<p class=\"\">En toda la plaza se construir\u00e1n canteros respetando la vegetaci\u00f3n existente e incorporando nuevas arbustivas y arb\u00f3reas. Tambi\u00e9n se reemplazar\u00e1 el antiguo solado deteriorado por adoquines que tendr\u00e1n un dise\u00f1o personalizado.<\/p>\n<p class=\"\"><img loading=\"lazy\" class=\"wp-image-13528 aligncenter\" src=\"http:\/\/hoycordobaweb.com\/wp-content\/uploads\/2022\/05\/el-municipio-destaca-el-comienzo-de-la-obra-de-recuperacion-de-la-plaza-de-vel-1.jpg\" alt=\"\" width=\"601\" height=\"400\" srcset=\"http:\/\/hoycordobaweb.com\/wp-content\/uploads\/2022\/05\/el-municipio-destaca-el-comienzo-de-la-obra-de-recuperacion-de-la-plaza-de-vel-4.jpg 1280w, http:\/\/hoycordobaweb.com\/wp-content\/uploads\/2022\/05\/el-municipio-destaca-el-comienzo-de-la-obra-de-recuperacion-de-la-plaza-de-vel-5.jpg 666w, http:\/\/hoycordobaweb.com\/wp-content\/uploads\/2022\/05\/el-municipio-destaca-el-comienzo-de-la-obra-de-recuperacion-de-la-plaza-de-vel-6.jpg 768w\" sizes=\"(max-width: 601px) 100vw, 601px\" \/><\/p>\n<p class=\"\">Las obras de infraestructura incluyen la incorporaci\u00f3n de espacios t\u00e9cnicos, ba\u00f1os y servicios b\u00e1sicos para el correcto desenvolvimiento de los feriantes, quienes anteriormente deb\u00edan autoabastecerse o conectarse clandestinamente a la red de alumbrado para obtener electricidad. Adem\u00e1s, el municipio brindar\u00e1 gacebos, tablones y dem\u00e1s infraestructura.<\/p>\n<p class=\"\"><strong>El fin de semana<\/strong><\/p>\n<p>Desde el pr\u00f3ximo fin de semana la feria se desplegar\u00e1 sobre la calle para permitir un mejor goce y disfrute de la plaza. La disposici\u00f3n respeta los hist\u00f3ricos espacios de los 270 trabajadores que desde hace m\u00e1s de 20 a\u00f1os llevan adelante sus actividades en el lugar.<\/p>\n<p class=\"\">Para su desarrollo, se cortar\u00e1 el tr\u00e1nsito en las cuatro esquinas de la intersecci\u00f3n de Av. De Mayo y R\u00edo Negro los d\u00edas s\u00e1bados y domingos para brindar mayor seguridad a los vecinos.<\/p>\n<p class=\"\">\n<div class=\"ubm_banner\"><a href=\"https:\/\/www.cba.gov.ar\/10-https:\/\/www.cba.gov.ar\/10-mil-viviendas\/?csrt=8333084810548506306\" target=\"_blank\" rel=\"dofollow noopener noreferrer\"><img src=\"http:\/\/hoycordobaweb.com\/wp-content\/uploads\/2022\/05\/el-municipio-destaca-el-comienzo-de-la-obra-de-recuperacion-de-la-plaza-de-vel.gif\" alt=\"\"><\/a><\/div>\n<\/div>\n<\/div>\n<\/div>\n<\/div>\n<p>La entrada <a rel=\"nofollow\" href=\"https:\/\/ladecimaweb.com\/el-municipio-destaca-el-comienzo-de-la-obra-para-remodelar-la-plaza-de-vel\/\">El municipio destaca el comienzo de la obra de recuperaci\u00f3n de la plaza de VEL<\/a> se public\u00f3 primero en <a rel=\"nofollow\" href=\"https:\/\/ladecimaweb.com\">LaDecima<\/a>.<\/p>\n","protected":false},"excerpt":{"rendered":"<p>La Municipalidad de C\u00f3rdoba comenz\u00f3 las obras de recuperaci\u00f3n de la Plaza 12 de Octubre, ubicada en la intersecci\u00f3n de las calles R\u00edo Negro y Av. De Mayo en Villa El Libertador. La intervenci\u00f3n de sus 7.000 metros cuadrados fue consensuada acorde a las necesidades de los vecinos del sector, comerciantes y feriantes que desarrollan [&hellip;]<\/p>\n","protected":false},"author":1,"featured_media":41880,"comment_status":"closed","ping_status":"closed","sticky":false,"template":"","format":"standard","meta":[],"categories":[19],"tags":[],"_links":{"self":[{"href":"http:\/\/hoycordobaweb.com\/index.php\/wp-json\/wp\/v2\/posts\/41879"}],"collection":[{"href":"http:\/\/hoycordobaweb.com\/index.php\/wp-json\/wp\/v2\/posts"}],"about":[{"href":"http:\/\/hoycordobaweb.com\/index.php\/wp-json\/wp\/v2\/types\/post"}],"author":[{"embeddable":true,"href":"http:\/\/hoycordobaweb.com\/index.php\/wp-json\/wp\/v2\/users\/1"}],"replies":[{"embeddable":true,"href":"http:\/\/hoycordobaweb.com\/index.php\/wp-json\/wp\/v2\/comments?post=41879"}],"version-history":[{"count":0,"href":"http:\/\/hoycordobaweb.com\/index.php\/wp-json\/wp\/v2\/posts\/41879\/revisions"}],"wp:featuredmedia":[{"embeddable":true,"href":"http:\/\/hoycordobaweb.com\/index.php\/wp-json\/wp\/v2\/media\/41880"}],"wp:attachment":[{"href":"http:\/\/hoycordobaweb.com\/index.php\/wp-json\/wp\/v2\/media?parent=41879"}],"wp:term":[{"taxonomy":"category","embeddable":true,"href":"http:\/\/hoycordobaweb.com\/index.php\/wp-json\/wp\/v2\/categories?post=41879"},{"taxonomy":"post_tag","embeddable":true,"href":"http:\/\/hoycordobaweb.com\/index.php\/wp-json\/wp\/v2\/tags?post=41879"}],"curies":[{"name":"wp","href":"https:\/\/api.w.org\/{rel}","templated":true}]}}