{"id":41855,"date":"2022-05-20T12:26:00","date_gmt":"2022-05-20T12:26:00","guid":{"rendered":"https:\/\/www.trendencias.com\/eventos\/prepara-agenda-te-contamos-cuando-empiezan-rebajas-verano-cada-tienda-constante-actualizacion"},"modified":"2022-05-20T12:26:00","modified_gmt":"2022-05-20T12:26:00","slug":"prepara-la-agenda-te-contamos-cuando-empiezan-las-rebajas-de-verano-en-cada-tienda-en-constante-actualizacion","status":"publish","type":"post","link":"http:\/\/hoycordobaweb.com\/index.php\/2022\/05\/20\/prepara-la-agenda-te-contamos-cuando-empiezan-las-rebajas-de-verano-en-cada-tienda-en-constante-actualizacion\/","title":{"rendered":"Prepara la agenda: te contamos cu\u00e1ndo empiezan las rebajas de verano en cada tienda (en constante actualizaci\u00f3n)"},"content":{"rendered":"<p>El buen tiempo ya se acerca y eso significa una gran noticia en el universo <em>shopping<\/em>: las <a href=\"https:\/\/www.trendencias.com\/propuestas-y-consejos\/consejos-para-comprar-rebajas-forma-inteligente\">rebajas de verano 2022<\/a><strong> comenzar\u00e1n a mediados de junio <\/strong>en tiendas como Zara, Stradivarius, H&amp;M, Bershka, Cortefiel o Springfield. Te contamos las fechas de cada una.<\/p>\n<p><!-- BREAK 1 --><\/p>\n<div class=\"article-asset article-asset-normal article-asset-center\">\n<div class=\"desvio-container\">\n<div class=\"desvio\">\n<div class=\"desvio-figure js-desvio-figure\"> <a href=\"https:\/\/www.trendencias.com\/propuestas-y-consejos\/consejos-para-comprar-rebajas-forma-inteligente\"> <img alt=\"Las reglas m\u00e1s importantes para comprar en rebajas de forma inteligente (y no arruinarte de por vida)\" src=\"http:\/\/hoycordobaweb.com\/wp-content\/uploads\/2022\/05\/prepara-la-agenda-te-contamos-cuando-empiezan-las-rebajas-de-verano-en-cada-tienda-en-constante-actualizacion.jpg\"> <\/a> <\/div><\/div><\/div>\n<\/div>\n<div class=\"video-boost-container article-asset-normal\"> <span class=\"video-boost-title\">MANGO CASA<\/span>\n<\/div>\n<h2>Cu\u00e1ndo comienzan las rebajas de verano 2022 en Zara<\/h2>\n<p>Comenzamos sacando el armamento pesado, porque desde Inditex nos han confirmado que las rebajas en <a href=\"https:\/\/www.zara.com\/es\/\">Zara<\/a> comenzar\u00e1n en torno a <strong>la semana del 20 de junio<\/strong>. Modo ahorro <em>on<\/em>, que se vienen cosas buenas.<\/p>\n<p><!-- BREAK 2 --> <\/p>\n<h2>Cu\u00e1ndo comienzan las rebajas de verano 2022 en H&amp;M<\/h2>\n<p>A\u00fan no lo sabemos con seguridad, pero hemos echado un vistazo el calendario del a\u00f1o pasado para guiarnos: la <strong>semana del 20 de junio<\/strong> tiene todas las papeletas para el comienzo de los descuentos en la <a class=\"js-ecommerce\" href=\"https:\/\/www.trendencias.com\/redirect?url=https%3A%2F%2Fwww2.hm.com%2Fes_es%2Findex.html&amp;category=eventos\">firma sueca<\/a>.<\/p>\n<p><!-- BREAK 3 --><\/p>\n<h2>Cu\u00e1ndo comienzan las rebajas de verano 2022 en Asos<\/h2>\n<p>El gigante <em>online <\/em>siempre tiene buenas noticias que darnos, porque su adelanto de las <a class=\"js-ecommerce\" href=\"https:\/\/www.trendencias.com\/redirect?url=https%3A%2F%2Fwww.asos.com%2Fes%2Fmujer%2Fctas%2Fpromociones-genericas%2Fpromocion-3%2Fcat%2F%3Fcid%3D28023%26ctaref%3Dhp%7Cww%7Cpromo%7Cbanner%7C1%7Cedit%7Cgeneric&amp;category=eventos\">rebajas de verano<\/a> ya est\u00e1 aqu\u00ed: ofrecen un <strong>30% de descuento en prendas seleccionadas<\/strong> y son una fantas\u00eda.<\/p>\n<p><!-- BREAK 4 --><\/p>\n<div class=\"article-asset-image article-asset-normal article-asset-center\">\n<div class=\"asset-content\">\n<div class=\"base-wrapper-image\"> <img class=\"sf-lazy centro_sinmarco\" data-sf-srcset=\"http:\/\/hoycordobaweb.com\/wp-content\/uploads\/2022\/05\/prepara-la-agenda-te-contamos-cuando-empiezan-las-rebajas-de-verano-en-cada-tienda-en-constante-actualizacion-1.jpg 450w, http:\/\/hoycordobaweb.com\/wp-content\/uploads\/2022\/05\/prepara-la-agenda-te-contamos-cuando-empiezan-las-rebajas-de-verano-en-cada-tienda-en-constante-actualizacion-11.jpg 681w,http:\/\/hoycordobaweb.com\/wp-content\/uploads\/2022\/05\/prepara-la-agenda-te-contamos-cuando-empiezan-las-rebajas-de-verano-en-cada-tienda-en-constante-actualizacion-12.jpg 1024w, http:\/\/hoycordobaweb.com\/wp-content\/uploads\/2022\/05\/prepara-la-agenda-te-contamos-cuando-empiezan-las-rebajas-de-verano-en-cada-tienda-en-constante-actualizacion-13.jpg 1366w,\" data-sf-src=\"http:\/\/hoycordobaweb.com\/wp-content\/uploads\/2022\/05\/prepara-la-agenda-te-contamos-cuando-empiezan-las-rebajas-de-verano-en-cada-tienda-en-constante-actualizacion-1.jpg\" alt=\"fechas de las rebajas de verano\"> <noscript><img alt=\"fechas de las rebajas de verano\" class=\"centro_sinmarco\" src=\"http:\/\/hoycordobaweb.com\/wp-content\/uploads\/2022\/05\/prepara-la-agenda-te-contamos-cuando-empiezan-las-rebajas-de-verano-en-cada-tienda-en-constante-actualizacion-1.jpg\"><\/noscript> <\/div><\/div>\n<\/div>\n<div class=\"article-asset article-asset-normal article-asset-center\">\n<div class=\"desvio-container\">\n<div class=\"desvio\">\n<div class=\"desvio-figure js-desvio-figure\"> <a href=\"https:\/\/www.trendencias.com\/propuestas-y-consejos\/las-25-cosas-que-tienes-que-hacer-antes-de-ir-a-las-rebajas\"> <img alt=\"Las 25 cosas que tienes que hacer antes de ir a las rebajas\" src=\"http:\/\/hoycordobaweb.com\/wp-content\/uploads\/2022\/05\/prepara-la-agenda-te-contamos-cuando-empiezan-las-rebajas-de-verano-en-cada-tienda-en-constante-actualizacion-2.jpg\"> <\/a> <\/div><\/div><\/div>\n<\/div>\n<h2>Cu\u00e1ndo comienzan las rebajas de verano 2022 en Bershka<\/h2>\n<p>Este verano tenemos un mont\u00f3n de ganas a las rebajas de <a class=\"js-ecommerce\" href=\"https:\/\/www.trendencias.com\/redirect?url=https%3A%2F%2Fwww.bershka.com%2Fes%2Fes&amp;category=eventos\">Bershka<\/a>, porque la marca ha lanzado much\u00edsimas tendencias que nos vuelven locas. Saca papel y boli y marca en fosforito la <strong>semana del 20 de junio<\/strong>, porque esa ser\u00e1 la definitiva.<\/p>\n<p><!-- BREAK 5 --><\/p>\n<h2>Cu\u00e1ndo comienzan las rebajas de verano 2022 en Cortefiel<\/h2>\n<p>No tenemos confirmaci\u00f3n, pero bas\u00e1ndonos en lo que ha pasado en los \u00faltimos a\u00f1os sabemos que Cortefiel siempre va por delante. Unos diez d\u00edas concretamente, as\u00ed que calculamos que <strong>en torno al 9 de junio<\/strong>. Eso s\u00ed, ahora mismo podemos hacernos un previo con <a class=\"js-ecommerce\" href=\"https:\/\/www.trendencias.com\/redirect?url=https%3A%2F%2Fcortefiel.com%2Fes%2Fes%2Fmujer%2Fshop-the-look&amp;category=eventos\">50% de descuento<\/a>.<\/p>\n<p><!-- BREAK 6 --><\/p>\n<h2>Cu\u00e1ndo comienzan las rebajas de verano 2022 en Amazon Moda<\/h2>\n<p>Siempre hay descuentos en la <em>web <\/em>de Amazon. Pero si est\u00e1s esperando el petardazo del Prime Day, todo indica que ser\u00e1 a <strong>mediados de julio<\/strong>.<\/p>\n<p><!-- BREAK 7 --><\/p>\n<div class=\"article-asset-image article-asset-normal article-asset-center\">\n<div class=\"asset-content\">\n<div class=\"base-wrapper-image\"> <img class=\"sf-lazy centro_sinmarco\" data-sf-srcset=\"http:\/\/hoycordobaweb.com\/wp-content\/uploads\/2022\/05\/prepara-la-agenda-te-contamos-cuando-empiezan-las-rebajas-de-verano-en-cada-tienda-en-constante-actualizacion-3.jpg 450w, http:\/\/hoycordobaweb.com\/wp-content\/uploads\/2022\/05\/prepara-la-agenda-te-contamos-cuando-empiezan-las-rebajas-de-verano-en-cada-tienda-en-constante-actualizacion-14.jpg 681w,http:\/\/hoycordobaweb.com\/wp-content\/uploads\/2022\/05\/prepara-la-agenda-te-contamos-cuando-empiezan-las-rebajas-de-verano-en-cada-tienda-en-constante-actualizacion-15.jpg 1024w, http:\/\/hoycordobaweb.com\/wp-content\/uploads\/2022\/05\/prepara-la-agenda-te-contamos-cuando-empiezan-las-rebajas-de-verano-en-cada-tienda-en-constante-actualizacion-16.jpg 1366w,\" data-sf-src=\"http:\/\/hoycordobaweb.com\/wp-content\/uploads\/2022\/05\/prepara-la-agenda-te-contamos-cuando-empiezan-las-rebajas-de-verano-en-cada-tienda-en-constante-actualizacion-3.jpg\" alt=\"fechas de las rebajas de verano\"> <noscript><img alt=\"fechas de las rebajas de verano\" class=\"centro_sinmarco\" src=\"http:\/\/hoycordobaweb.com\/wp-content\/uploads\/2022\/05\/prepara-la-agenda-te-contamos-cuando-empiezan-las-rebajas-de-verano-en-cada-tienda-en-constante-actualizacion-3.jpg\"><\/noscript> <\/div><\/div>\n<\/div>\n<h2>Cu\u00e1ndo comienzan las rebajas de verano 2022 en Stradivarius<\/h2>\n<p>Otra <a href=\"https:\/\/www.stradivarius.com\/es\/es\">firma de Inditex<\/a> que comenzar\u00e1 sus rebajas hacia el <strong>20 de junio<\/strong>, porque tienen la buena costumbre de hacerlo todas al mismo tiempo para que nuestras posibilidades <em>shopping <\/em>sean ilimitadas.<\/p>\n<p><!-- BREAK 8 --><\/p>\n<h2>Cu\u00e1ndo comienzan las rebajas de verano 2022 en Springfield<\/h2>\n<p>Springfield siempre es una de las marcas que inaugura la temporada de descuentos, siendo de las primeras en lanzarse a la aventura de las rebajas. Ya tienen <a class=\"js-ecommerce\" href=\"https:\/\/www.trendencias.com\/redirect?url=https%3A%2F%2Fmyspringfield.com%2Fes%2Fes%2Fmujer%2Fshop-the-look&amp;category=eventos\">algunos descuentos<\/a>, pero todo apunta a que las grandes rebajas ser\u00e1n a principios de junio, en torno a la <strong>semana del 9<\/strong>.<\/p>\n<p><!-- BREAK 9 --><\/p>\n<h2>Cu\u00e1ndo comienzan las rebajas de verano 2022 en La Redoute<\/h2>\n<p>Otra de nuestras favoritas para comprar <em>online<\/em> que ya est\u00e1 de rebajas. Se han adelantado a los <a class=\"js-ecommerce\" href=\"https:\/\/www.trendencias.com\/redirect?url=https%3A%2F%2Fwww.laredoute.es%2Fpplp%2F100%2F157878%2Fcat-201.aspx%23opeco%3Dhp%3Aopeco%3Dmoda_s20%3APE22%26srt%3DnoSorting&amp;category=eventos\">descuentos de verano<\/a> y ofrecen un <strong>40% en productos seleccionados<\/strong>.<\/p>\n<p><!-- BREAK 10 --><\/p>\n<div class=\"article-asset-image article-asset-normal article-asset-center\">\n<div class=\"asset-content\">\n<div class=\"base-wrapper-image\"> <img class=\"sf-lazy centro_sinmarco\" data-sf-srcset=\"http:\/\/hoycordobaweb.com\/wp-content\/uploads\/2022\/05\/prepara-la-agenda-te-contamos-cuando-empiezan-las-rebajas-de-verano-en-cada-tienda-en-constante-actualizacion-4.jpg 450w, http:\/\/hoycordobaweb.com\/wp-content\/uploads\/2022\/05\/prepara-la-agenda-te-contamos-cuando-empiezan-las-rebajas-de-verano-en-cada-tienda-en-constante-actualizacion-17.jpg 681w,http:\/\/hoycordobaweb.com\/wp-content\/uploads\/2022\/05\/prepara-la-agenda-te-contamos-cuando-empiezan-las-rebajas-de-verano-en-cada-tienda-en-constante-actualizacion-18.jpg 1024w, http:\/\/hoycordobaweb.com\/wp-content\/uploads\/2022\/05\/prepara-la-agenda-te-contamos-cuando-empiezan-las-rebajas-de-verano-en-cada-tienda-en-constante-actualizacion-19.jpg 1366w,\" data-sf-src=\"http:\/\/hoycordobaweb.com\/wp-content\/uploads\/2022\/05\/prepara-la-agenda-te-contamos-cuando-empiezan-las-rebajas-de-verano-en-cada-tienda-en-constante-actualizacion-4.jpg\" alt=\"fechas de las rebajas de verano\"> <noscript><img alt=\"fechas de las rebajas de verano\" class=\"centro_sinmarco\" src=\"http:\/\/hoycordobaweb.com\/wp-content\/uploads\/2022\/05\/prepara-la-agenda-te-contamos-cuando-empiezan-las-rebajas-de-verano-en-cada-tienda-en-constante-actualizacion-4.jpg\"><\/noscript> <\/div><\/div>\n<\/div>\n<div class=\"article-asset article-asset-normal article-asset-center\">\n<div class=\"desvio-container\">\n<div class=\"desvio\">\n<div class=\"desvio-figure js-desvio-figure\"> <a href=\"https:\/\/www.trendencias.com\/general\/once-estudios-sobre-las-rebajas-que-dicen-mas-de-la-humanidad-y-del-genero-humano-que-cien-libros-de-darwin\"> <img alt=\"Once estudios sobre las rebajas que dicen m\u00e1s de la humanidad y del g\u00e9nero humano que cien libros de Darwin\" src=\"http:\/\/hoycordobaweb.com\/wp-content\/uploads\/2022\/05\/prepara-la-agenda-te-contamos-cuando-empiezan-las-rebajas-de-verano-en-cada-tienda-en-constante-actualizacion-5.jpg\"> <\/a> <\/div><\/div><\/div>\n<\/div>\n<h2>Cu\u00e1ndo comienzan las rebajas de verano 2022 en Oysho<\/h2>\n<p>Si eres de las que espera a las rebajas para fichar los bikinis, ba\u00f1adores y moda de ba\u00f1o que te vas a llevar de vacaciones, la <strong>semana del 20 de junio<\/strong> es tu d\u00eda porque habr\u00e1 descuentos en la <a href=\"https:\/\/www.oysho.com\/es\/\">firma lencera<\/a>.<\/p>\n<p><!-- BREAK 11 --><\/p>\n<h2>Cu\u00e1ndo comienzan las rebajas de verano 2022 en Pedro del Hierro<\/h2>\n<p>Igual que sus hermanas peque\u00f1as Springfield y Cortefiel, <a class=\"js-ecommerce\" href=\"https:\/\/www.trendencias.com\/redirect?url=https%3A%2F%2Fpedrodelhierro.com%2Fes%2Fes&amp;category=eventos\">Pedro del Hierro<\/a> podr\u00eda comenzar sus rebajas la <strong>segunda semana de junio<\/strong>.<\/p>\n<p><!-- BREAK 12 --><\/p>\n<h2>Cu\u00e1ndo comienzan las rebajas de verano 2022 en Massimo Dutti<\/h2>\n<p>Desde Inditex nos han confirmado que la <strong>semana del 20 de junio<\/strong> ser\u00e1 la escogida para el comienzo de los descuentos en moda, zapatos y accesorios de <a href=\"https:\/\/www.massimodutti.com\/es\/\">Massimo Dutti<\/a>.<\/p>\n<p><!-- BREAK 13 --><\/p>\n<div class=\"article-asset-image article-asset-normal article-asset-center\">\n<div class=\"asset-content\">\n<div class=\"base-wrapper-image\"> <img class=\"sf-lazy centro_sinmarco\" data-sf-srcset=\"http:\/\/hoycordobaweb.com\/wp-content\/uploads\/2022\/05\/prepara-la-agenda-te-contamos-cuando-empiezan-las-rebajas-de-verano-en-cada-tienda-en-constante-actualizacion-6.jpg 450w, http:\/\/hoycordobaweb.com\/wp-content\/uploads\/2022\/05\/prepara-la-agenda-te-contamos-cuando-empiezan-las-rebajas-de-verano-en-cada-tienda-en-constante-actualizacion-20.jpg 681w,http:\/\/hoycordobaweb.com\/wp-content\/uploads\/2022\/05\/prepara-la-agenda-te-contamos-cuando-empiezan-las-rebajas-de-verano-en-cada-tienda-en-constante-actualizacion-21.jpg 1024w, http:\/\/hoycordobaweb.com\/wp-content\/uploads\/2022\/05\/prepara-la-agenda-te-contamos-cuando-empiezan-las-rebajas-de-verano-en-cada-tienda-en-constante-actualizacion-22.jpg 1366w,\" data-sf-src=\"http:\/\/hoycordobaweb.com\/wp-content\/uploads\/2022\/05\/prepara-la-agenda-te-contamos-cuando-empiezan-las-rebajas-de-verano-en-cada-tienda-en-constante-actualizacion-6.jpg\" alt=\"fechas de las rebajas de verano\"> <noscript><img alt=\"fechas de las rebajas de verano\" class=\"centro_sinmarco\" src=\"http:\/\/hoycordobaweb.com\/wp-content\/uploads\/2022\/05\/prepara-la-agenda-te-contamos-cuando-empiezan-las-rebajas-de-verano-en-cada-tienda-en-constante-actualizacion-6.jpg\"><\/noscript> <\/div><\/div>\n<\/div>\n<h2>Cu\u00e1ndo comienzan las rebajas de verano 2022 en Slow Love<\/h2>\n<p>Como parte del grupo Tendam, la marca de Sara Carbonero tambi\u00e9n tendr\u00eda rebajas desde la <strong>segunda semana de junio<\/strong>. Si no puedes esperar ahora ya hay <a href=\"https:\/\/slowlove.es\/categoria-producto\/mid-season-sale\/\"><em>mid season sales<\/em><\/a>.<\/p>\n<p><!-- BREAK 14 --><\/p>\n<h2>Cu\u00e1ndo comienzan las rebajas de verano 2022 en Women&#8217;Secret<\/h2>\n<p>Lencer\u00eda, accesorios muy guays, bikinis y ba\u00f1adores y ropita para estar en casa que podremos fichar en la rebajas a partir de la <strong>segunda semana de junio<\/strong>, seg\u00fan lo que pas\u00f3 otros a\u00f1os. Eso s\u00ed, ya hay <a class=\"js-ecommerce\" href=\"https:\/\/www.trendencias.com\/redirect?url=https%3A%2F%2Fwomensecret.com%2Fes%2Fes&amp;category=eventos\">descuentos del 50%<\/a> para ir abriendo boca.<\/p>\n<p><!-- BREAK 15 --><\/p>\n<h2>Cu\u00e1ndo comienzan las rebajas de verano 2022 en Mango<\/h2>\n<p>Esta es <a href=\"https:\/\/shop.mango.com\/es\/mujer\">una de las firmas<\/a> que primero se nos viene a la cabeza cuando organizamos nuestra ruta de rebajas. Bas\u00e1ndonos en a\u00f1os anteriores podemos prever que <strong>comenzar\u00e1n a mediados de junio<\/strong>, aunque algunos descuentos podr\u00edan adelantarse al 1 de junio.<\/p>\n<p><!-- BREAK 16 --><\/p>\n<div class=\"article-asset-image article-asset-normal article-asset-center\">\n<div class=\"asset-content\">\n<div class=\"base-wrapper-image\"> <img class=\"sf-lazy centro_sinmarco\" data-sf-srcset=\"http:\/\/hoycordobaweb.com\/wp-content\/uploads\/2022\/05\/prepara-la-agenda-te-contamos-cuando-empiezan-las-rebajas-de-verano-en-cada-tienda-en-constante-actualizacion-7.jpg 450w, http:\/\/hoycordobaweb.com\/wp-content\/uploads\/2022\/05\/prepara-la-agenda-te-contamos-cuando-empiezan-las-rebajas-de-verano-en-cada-tienda-en-constante-actualizacion-23.jpg 681w,http:\/\/hoycordobaweb.com\/wp-content\/uploads\/2022\/05\/prepara-la-agenda-te-contamos-cuando-empiezan-las-rebajas-de-verano-en-cada-tienda-en-constante-actualizacion-24.jpg 1024w, http:\/\/hoycordobaweb.com\/wp-content\/uploads\/2022\/05\/prepara-la-agenda-te-contamos-cuando-empiezan-las-rebajas-de-verano-en-cada-tienda-en-constante-actualizacion-25.jpg 1366w,\" data-sf-src=\"http:\/\/hoycordobaweb.com\/wp-content\/uploads\/2022\/05\/prepara-la-agenda-te-contamos-cuando-empiezan-las-rebajas-de-verano-en-cada-tienda-en-constante-actualizacion-7.jpg\" alt=\"cuando comienzan las rebajas de verano\"> <noscript><img alt=\"cuando comienzan las rebajas de verano\" class=\"centro_sinmarco\" src=\"http:\/\/hoycordobaweb.com\/wp-content\/uploads\/2022\/05\/prepara-la-agenda-te-contamos-cuando-empiezan-las-rebajas-de-verano-en-cada-tienda-en-constante-actualizacion-7.jpg\"><\/noscript> <\/div><\/div>\n<\/div>\n<div class=\"article-asset article-asset-normal article-asset-center\">\n<div class=\"desvio-container\">\n<div class=\"desvio\">\n<div class=\"desvio-figure js-desvio-figure\"> <a href=\"https:\/\/www.trendencias.com\/trendencias\/nueve-tips-recursos-para-no-dejarte-sueldo-trimestre-black-friday-comprar-cabeza\"> <img alt=\"Nueve tips y recursos para no dejarte el sueldo de un trimestre en el Black Friday y comprar con cabeza \" src=\"http:\/\/hoycordobaweb.com\/wp-content\/uploads\/2022\/05\/prepara-la-agenda-te-contamos-cuando-empiezan-las-rebajas-de-verano-en-cada-tienda-en-constante-actualizacion-8.jpg\"> <\/a> <\/div><\/div><\/div>\n<\/div>\n<h2>Cu\u00e1ndo comienzan las rebajas de verano 2022 en El Corte Ingl\u00e9s<\/h2>\n<p>A\u00fan no hay nada confirmado, pero el a\u00f1o pasado <a class=\"js-ecommerce\" href=\"https:\/\/www.trendencias.com\/redirect?url=https%3A%2F%2Fwww.elcorteingles.es%2F&amp;category=eventos\">El Corte Ingl\u00e9s<\/a> comenz\u00f3 sus rebajas <strong>hacia el 25 de junio<\/strong>. Sin embargo, siempre nos hacen la espera m\u00e1s amena a golpe de descuentos y <em>outlets<\/em>.<\/p>\n<p><!-- BREAK 17 --><\/p>\n<h2>Cu\u00e1ndo comienzan las rebajas de verano 2022 en White&amp;One<\/h2>\n<p>La <a href=\"https:\/\/www.whiteandone.es\/es\/\">marca de invitada<\/a> tiene dise\u00f1os ideales para las bodas de verano y podremos ficharlos en rebajas a partir del <strong>16 de junio<\/strong> en su tienda f\u00edsica del centro de Madrid y en su p\u00e1gina web.<\/p>\n<p><!-- BREAK 18 --><\/p>\n<h2>Cu\u00e1ndo empiezan las rebajas de verano en cada comunidad aut\u00f3noma<\/h2>\n<div class=\"article-asset-image article-asset-normal article-asset-center\">\n<div class=\"asset-content\">\n<div class=\"base-wrapper-image\"> <img class=\"sf-lazy centro_sinmarco\" data-sf-srcset=\"http:\/\/hoycordobaweb.com\/wp-content\/uploads\/2022\/05\/prepara-la-agenda-te-contamos-cuando-empiezan-las-rebajas-de-verano-en-cada-tienda-en-constante-actualizacion-9.jpg 450w, http:\/\/hoycordobaweb.com\/wp-content\/uploads\/2022\/05\/prepara-la-agenda-te-contamos-cuando-empiezan-las-rebajas-de-verano-en-cada-tienda-en-constante-actualizacion-26.jpg 681w,http:\/\/hoycordobaweb.com\/wp-content\/uploads\/2022\/05\/prepara-la-agenda-te-contamos-cuando-empiezan-las-rebajas-de-verano-en-cada-tienda-en-constante-actualizacion-27.jpg 1024w, http:\/\/hoycordobaweb.com\/wp-content\/uploads\/2022\/05\/prepara-la-agenda-te-contamos-cuando-empiezan-las-rebajas-de-verano-en-cada-tienda-en-constante-actualizacion-28.jpg 1366w,\" data-sf-src=\"http:\/\/hoycordobaweb.com\/wp-content\/uploads\/2022\/05\/prepara-la-agenda-te-contamos-cuando-empiezan-las-rebajas-de-verano-en-cada-tienda-en-constante-actualizacion-9.jpg\" alt=\"cuando empiezan las rebajas de verano\"> <noscript><img alt=\"cuando empiezan las rebajas de verano\" class=\"centro_sinmarco\" src=\"http:\/\/hoycordobaweb.com\/wp-content\/uploads\/2022\/05\/prepara-la-agenda-te-contamos-cuando-empiezan-las-rebajas-de-verano-en-cada-tienda-en-constante-actualizacion-9.jpg\"><\/noscript> <\/div><\/div>\n<\/div>\n<ul>\n<li><strong>Andaluc\u00eda<\/strong>: desde mediados de junio hasta el 31 de agosto.<\/li>\n<li><strong>Arag\u00f3n<\/strong>: comenzar\u00e1n la segunda semana de junio e ir\u00e1n elevando sus descuentos hasta el final de agosto.<\/li>\n<li><strong>Asturias<\/strong>: empiezan la semana del 9 de junio y terminan el \u00faltimo d\u00eda de agosto.<\/li>\n<li><strong>Islas Baleares<\/strong>: mantienen el mismo calendario que la Pen\u00ednsula, de mediados de junio a finales de agosto.<\/li>\n<li><strong>Islas Canarias<\/strong>: desde mediados de junio hasta el 31 de agosto.<\/li>\n<li><strong>Cantabria<\/strong>: las fechas se\u00f1aladas son desde principios de junio hasta que termine el mes de agosto.<\/li>\n<li><strong>Castilla La Mancha<\/strong>: comenzar\u00e1n la segunda semana de junio e ir\u00e1n elevando sus descuentos hasta el final de agosto.<\/li>\n<li><strong>Castilla y Le\u00f3n<\/strong>: empiezan la semana del 9 de junio y terminan el \u00faltimo d\u00eda de agosto.<\/li>\n<li><strong>Catalu\u00f1a<\/strong>: las fechas se\u00f1aladas son desde principios de junio hasta que termine el mes de agosto.<\/li>\n<li><strong>Comunidad Valenciana<\/strong>: desde mediados de junio hasta el 31 de agosto.<\/li>\n<li><strong>Extremadura<\/strong>: tendremos descuentos desde principios de junio hasta el fin del mes de agosto.<\/li>\n<li><strong>Galicia<\/strong>: empiezan la semana del 9 de junio y terminan el \u00faltimo d\u00eda de agosto.<\/li>\n<li><strong>Madrid<\/strong>: las rebajas en web y tiendas comenzar\u00e1n hacia mediados de junio, elevando el nivel de los descuentos hasta las segundas rebajas de julio y el remate final de agosto.<\/li>\n<li><strong>Murcia<\/strong>: comenzar\u00e1n la segunda semana de junio e ir\u00e1n elevando sus descuentos hasta el final de agosto.<\/li>\n<li><strong>Navarra<\/strong>: desde mediados de junio hasta el 31 de agosto.<\/li>\n<li><strong>Pa\u00eds Vasco<\/strong>: tendremos descuentos desde principios de junio hasta el fin del mes de agosto.<\/li>\n<li><strong>La Rioja<\/strong>: las fechas se\u00f1aladas son desde principios de junio hasta que termine el mes de agosto.<\/li>\n<li><strong>Ceuta<\/strong>: empiezan la semana del 9 de junio y terminan el \u00faltimo d\u00eda de agosto.<\/li>\n<li><strong>Melilla<\/strong>: comenzar\u00e1n la segunda semana de junio e ir\u00e1n elevando sus descuentos hasta el final de agosto.<\/li>\n<\/ul>\n<p>Se vienen descuentos fuertes para darle un cambio de aires a nuestro armario de verano. Un <em>shopping <\/em>de altura que necesitamos organizarnos para que no se vaya de las manos y que <strong>con fechas y agenda de antemano podremos exprimir<\/strong> al m\u00e1ximo.<\/p>\n<p><!-- BREAK 19 --><\/p>\n<p>Fotos | <a class=\"js-ecommerce\" href=\"https:\/\/www.trendencias.com\/redirect?url=https%3A%2F%2Fwww.bershka.com%2Fes%2F&amp;category=eventos\">Bershka<\/a>, <a href=\"https:\/\/imaxtree.launchmetrics.com\/\">Imaxtree<\/a>.<\/p>\n<p><!-- BREAK 20 --> <\/p>\n","protected":false},"excerpt":{"rendered":"<p>El buen tiempo ya se acerca y eso significa una gran noticia en el universo shopping: las rebajas de verano 2022 comenzar\u00e1n a mediados de junio en tiendas como Zara, Stradivarius, H&amp;M, Bershka, Cortefiel o Springfield. Te contamos las fechas de cada una. MANGO CASA Cu\u00e1ndo comienzan las rebajas de verano 2022 en Zara Comenzamos [&hellip;]<\/p>\n","protected":false},"author":1,"featured_media":41856,"comment_status":"closed","ping_status":"closed","sticky":false,"template":"","format":"standard","meta":[],"categories":[1],"tags":[],"_links":{"self":[{"href":"http:\/\/hoycordobaweb.com\/index.php\/wp-json\/wp\/v2\/posts\/41855"}],"collection":[{"href":"http:\/\/hoycordobaweb.com\/index.php\/wp-json\/wp\/v2\/posts"}],"about":[{"href":"http:\/\/hoycordobaweb.com\/index.php\/wp-json\/wp\/v2\/types\/post"}],"author":[{"embeddable":true,"href":"http:\/\/hoycordobaweb.com\/index.php\/wp-json\/wp\/v2\/users\/1"}],"replies":[{"embeddable":true,"href":"http:\/\/hoycordobaweb.com\/index.php\/wp-json\/wp\/v2\/comments?post=41855"}],"version-history":[{"count":0,"href":"http:\/\/hoycordobaweb.com\/index.php\/wp-json\/wp\/v2\/posts\/41855\/revisions"}],"wp:featuredmedia":[{"embeddable":true,"href":"http:\/\/hoycordobaweb.com\/index.php\/wp-json\/wp\/v2\/media\/41856"}],"wp:attachment":[{"href":"http:\/\/hoycordobaweb.com\/index.php\/wp-json\/wp\/v2\/media?parent=41855"}],"wp:term":[{"taxonomy":"category","embeddable":true,"href":"http:\/\/hoycordobaweb.com\/index.php\/wp-json\/wp\/v2\/categories?post=41855"},{"taxonomy":"post_tag","embeddable":true,"href":"http:\/\/hoycordobaweb.com\/index.php\/wp-json\/wp\/v2\/tags?post=41855"}],"curies":[{"name":"wp","href":"https:\/\/api.w.org\/{rel}","templated":true}]}}