{"id":41827,"date":"2022-05-19T21:40:40","date_gmt":"2022-05-19T21:40:40","guid":{"rendered":"https:\/\/ladecimaweb.com\/?p=13531"},"modified":"2022-05-19T21:40:40","modified_gmt":"2022-05-19T21:40:40","slug":"concejo-se-aprobo-el-informe-de-cumplimiento-anual-del-plan-de-metas-2019-2023","status":"publish","type":"post","link":"http:\/\/hoycordobaweb.com\/index.php\/2022\/05\/19\/concejo-se-aprobo-el-informe-de-cumplimiento-anual-del-plan-de-metas-2019-2023\/","title":{"rendered":"Concejo: se aprob\u00f3 el informe de cumplimiento anual del Plan de Metas 2019-2023"},"content":{"rendered":"<div class=\"boldgrid-section\">\n<div class=\"container\">\n<div class=\"row\">\n<div class=\"col-md-12 col-xs-12 col-sm-12\">\n<p class=\"\">Se aprob\u00f3 el informe de cumplimiento anual del Plan de Metas 2019-2023<\/p>\n<p class=\"\">El viceintendente Daniel Passerini presidi\u00f3 hoy la d\u00e9cima Sesi\u00f3n Ordinaria del per\u00edodo 2022. En la oportunidad se aprob\u00f3 la nota del Departamento Ejecutivo Municipal remitiendo el informe de cumplimiento del Plan de Metas 2019-2023.<\/p>\n<p class=\"\">Al respecto el concejal Pedro Altamira afirm\u00f3: \u201cEl Plan de Metas es una aut\u00e9ntica herramienta de gesti\u00f3n. Los ejes, objetivos y metas a la mitad de la gesti\u00f3n fueron alcanzadas o superadas en m\u00e1s del 50 %\u201d. El edil cerr\u00f3 su alocuci\u00f3n con palabras de agradecimiento a quienes participaron de la Audiencia P\u00fablica, en la que se presentaron los avances del Plan de Metas: \u201cGracias a todos los que colaboraron para la construcci\u00f3n de consensos, para lograr pol\u00edticas para mejorar la calidad de vida de los vecinos\u201d.<\/p>\n<p class=\"\">Tambi\u00e9n durante la sesi\u00f3n, se aprob\u00f3 el Proyecto de Ordenanza que modifica la denominaci\u00f3n correspondiente a los \u201cJardines Maternales Municipales\u201d, por la de \u201cJard\u00edn Municipal\u201d.<\/p>\n<p>Sobre el final de la jornada el viceintendente Daniel Passerini se refiri\u00f3 a la celebraci\u00f3n del D\u00eda Mundial de la Donaci\u00f3n de la leche materna, adem\u00e1s remarc\u00f3 la importancia del m\u00e9dico de familia en los sistemas de salud, con motivo de conmemorarse tambi\u00e9n el D\u00eda Mundial del M\u00e9dico de Familia.<\/p>\n<div class=\"ubm_banner\"><a href=\"https:\/\/www.cba.gov.ar\/10-https:\/\/www.cba.gov.ar\/10-mil-viviendas\/?csrt=8333084810548506306\" target=\"_blank\" rel=\"dofollow noopener noreferrer\"><img src=\"http:\/\/hoycordobaweb.com\/wp-content\/uploads\/2022\/05\/concejo-se-aprobo-el-informe-de-cumplimiento-anual-del-plan-de-metas-2019-2023.gif\" alt=\"\"><\/a><\/div>\n<\/div>\n<\/div>\n<\/div>\n<\/div>\n<p>La entrada <a rel=\"nofollow\" href=\"https:\/\/ladecimaweb.com\/concejo-se-aprobo-el-informe-de-cumplimiento-anual-del-plan-de-metas-2019-2023\/\">Concejo: se aprob\u00f3 el informe de cumplimiento anual del Plan de Metas 2019-2023<\/a> se public\u00f3 primero en <a rel=\"nofollow\" href=\"https:\/\/ladecimaweb.com\">LaDecima<\/a>.<\/p>\n","protected":false},"excerpt":{"rendered":"<p>Se aprob\u00f3 el informe de cumplimiento anual del Plan de Metas 2019-2023 El viceintendente Daniel Passerini presidi\u00f3 hoy la d\u00e9cima Sesi\u00f3n Ordinaria del per\u00edodo 2022. En la oportunidad se aprob\u00f3 la nota del Departamento Ejecutivo Municipal remitiendo el informe de cumplimiento del Plan de Metas 2019-2023. Al respecto el concejal Pedro Altamira afirm\u00f3: \u201cEl Plan [&hellip;]<\/p>\n","protected":false},"author":1,"featured_media":41828,"comment_status":"closed","ping_status":"closed","sticky":false,"template":"","format":"standard","meta":[],"categories":[19],"tags":[],"_links":{"self":[{"href":"http:\/\/hoycordobaweb.com\/index.php\/wp-json\/wp\/v2\/posts\/41827"}],"collection":[{"href":"http:\/\/hoycordobaweb.com\/index.php\/wp-json\/wp\/v2\/posts"}],"about":[{"href":"http:\/\/hoycordobaweb.com\/index.php\/wp-json\/wp\/v2\/types\/post"}],"author":[{"embeddable":true,"href":"http:\/\/hoycordobaweb.com\/index.php\/wp-json\/wp\/v2\/users\/1"}],"replies":[{"embeddable":true,"href":"http:\/\/hoycordobaweb.com\/index.php\/wp-json\/wp\/v2\/comments?post=41827"}],"version-history":[{"count":0,"href":"http:\/\/hoycordobaweb.com\/index.php\/wp-json\/wp\/v2\/posts\/41827\/revisions"}],"wp:featuredmedia":[{"embeddable":true,"href":"http:\/\/hoycordobaweb.com\/index.php\/wp-json\/wp\/v2\/media\/41828"}],"wp:attachment":[{"href":"http:\/\/hoycordobaweb.com\/index.php\/wp-json\/wp\/v2\/media?parent=41827"}],"wp:term":[{"taxonomy":"category","embeddable":true,"href":"http:\/\/hoycordobaweb.com\/index.php\/wp-json\/wp\/v2\/categories?post=41827"},{"taxonomy":"post_tag","embeddable":true,"href":"http:\/\/hoycordobaweb.com\/index.php\/wp-json\/wp\/v2\/tags?post=41827"}],"curies":[{"name":"wp","href":"https:\/\/api.w.org\/{rel}","templated":true}]}}