{"id":4174,"date":"2020-10-28T17:54:35","date_gmt":"2020-10-28T17:54:35","guid":{"rendered":"https:\/\/www.mujerhoy.com\/vivir\/salud\/202010\/28\/cancer-care-2020-mujerhoy-cuidados-piel-cancer-20201028093300.html"},"modified":"2020-10-28T17:54:35","modified_gmt":"2020-10-28T17:54:35","slug":"mujerhoy-cancer-care-2020-marta-de-la-fuente-y-leonor-prieto-nos-han-contado-como-y-por-que-hay-que-mimar-la-piel-de-las-pacientes-con-cancer","status":"publish","type":"post","link":"http:\/\/hoycordobaweb.com\/index.php\/2020\/10\/28\/mujerhoy-cancer-care-2020-marta-de-la-fuente-y-leonor-prieto-nos-han-contado-como-y-por-que-hay-que-mimar-la-piel-de-las-pacientes-con-cancer\/","title":{"rendered":"Mujerhoy Cancer Care 2020: Marta de la Fuente y Leonor Prieto nos han contado c\u00f3mo y por qu\u00e9 hay que mimar la piel de las pacientes con c\u00e1ncer"},"content":{"rendered":"<p>La <strong>piel seca, fr\u00e1gil, reactiva y con rojeces con la que conviven las pacientes de c\u00e1nce<\/strong>r es una llamada de atenci\u00f3n constante que les recuerda con el roce de la ropa o al mirarse al espejo que est\u00e1n enfermas. Por eso es tan importante mimar esa piel antes, durante y despu\u00e9s del c\u00e1ncer. Y por eso le hemos dedicado por completo nuestro tercer encuentro digital <strong>Cancer Care 2020 de Mujerhoy<\/strong>. <\/p>\n<p>Tras abordar en las sesiones anteriores temas como el <a href=\"https:\/\/www.mujerhoy.com\/vivir\/salud\/202010\/19\/cancer-care-2020-mujerhoy-cancer-mama-prevencion-tratamiento-20201019130035.html\">c\u00e1ncer de mama<\/a> o las posibilidades de preservaci\u00f3n de <a href=\"https:\/\/www.mujerhoy.com\/vivir\/salud\/202010\/14\/cancer-care-2020-mujerhoy-cancer-ginecologico-fertilidad-20201013094326.html\">la fertilidad en los c\u00e1nceres ginecol\u00f3gicos<\/a> en esta ocasi\u00f3n hemos intentado descubrir a nuestras lectoras desde lo m\u00e1s pr\u00e1ctico (qu\u00e9 productos cosm\u00e9ticos necesita una enferma de c\u00e1ncer para cuidar su piel) a la dimensi\u00f3n m\u00e1s psicol\u00f3gica de ese cuidado. Para ello, <strong>la Web Manager de Mujerhoy.com, Laura Requejo<\/strong>, ha conversado con dos expertas: <strong>Leonor Prieto, directora cient\u00edfica de La Roche-Posay<\/strong> y <strong>Marta de la Fuente, responsable del Servicio de Psicooncologia de MD Anderson Cancer Center Madrid<\/strong>. Una conversaci\u00f3n que ha sido posible gracias al asesoramiento de los expertos de <strong>MD Anderson Cancer Center Madrid <\/strong>y el patrocinio del <strong>laboratorio dermatol\u00f3gico La Roche-Posay<\/strong> y la <strong>compa\u00f1\u00eda biofarmac\u00e9utica Bristol-Myers Squibb<\/strong>.<\/p>\n<div class=\"comp_mm\">\n<figure class=\"video\"><!-- PHP\/7.2 --><!-- --><\/p>\n<div class=\"video-player\" data-voc-video-player data-voc-video-player-source=\"brightcove\" data-voc-video-player-accountname=\"mujerhoy\" data-voc-video-player-videoid=\"6205218566001\" data-voc-video-player-poster=\"http:\/\/hoycordobaweb.com\/wp-content\/uploads\/2020\/10\/mujerhoy-cancer-care-2020-marta-de-la-fuente-y-leonor-prieto-nos-han-contado-como-y-por-que-hay-que-mimar-la-piel-de-las-pacientes-con-cancer.jpg\" data-voc-video-player-autoplay=\"true\" data-voc-video-player-muted=\"true\" data-voc-video-player-newsid=\"6205218566001\">\n<div class=\"video-player-poster\"><img src=\"http:\/\/hoycordobaweb.com\/wp-content\/uploads\/2020\/10\/mujerhoy-cancer-care-2020-marta-de-la-fuente-y-leonor-prieto-nos-han-contado-como-y-por-que-hay-que-mimar-la-piel-de-las-pacientes-con-cancer.jpg\"><\/div>\n<\/div><figcaption><span>Video:<\/span>Encuentro Mujerhoy Cancer Care 2020: \u00abLa importancia f\u00edsica y psicol\u00f3gica de los cuidados de belleza en pacientes oncol\u00f3gicas\u00bb <span class=\"firma\"><\/span><\/figcaption><\/figure>\n<\/div>\n<h3 class=\"ladillo\">La importancia de que la piel no \u201ctraicione\u201d a la paciente<\/h3>\n<p>La charla comenz\u00f3 con Marta de la Fuente que nos enumer\u00f3 <strong>las consecuencias psicol\u00f3gicas de la transformaci\u00f3n f\u00edsica que padecen los enfermos de c\u00e1ncer<\/strong> durante un tratamiento oncol\u00f3gico. Cambios motivados por el propio tratamiento que les va a salvar la vida, pero que suponen un duro golpe para su autoestima. <\/p>\n<p>\u201cLa piel es una parte fundamental del cuerpo y en muchas ocasiones <strong>no somos conscientes de c\u00f3mo su deterioro perjudica el estado an\u00edmico de una persona<\/strong>. Cuando sufren problemas en la piel a estas pacientes tambi\u00e9n se le hace dif\u00edcil disfrutar de las actividades gratificantes y de ocio porque a lo mejor <strong>el picor, el escozor les impide, por ejemplo, hacer deporte.<\/strong> Por supuesto estos s\u00edntomas en la piel tambi\u00e9n afectan a su sexualidad, su trabajo, su relaci\u00f3n de pareja, su estado de \u00e1nimo\u2026\u201d, ha enumerado Marta de la Fuente.<\/p>\n<p>La irritabilidad, la frustraci\u00f3n y el miedo hacen acto de aparici\u00f3n cuando la piel deja de aportarnos confort\u2026 y los que rodean a la paciente no siempre saben comprender por qu\u00e9 es tan importante que esa piel est\u00e9 bien cuidada. \u201cCuando hablamos con alguien con c\u00e1ncer y le decimos que los cambios f\u00edsicos no son importantes (la p\u00e9rdida del cabello, de las cejas, el aspecto de la piel\u2026) <strong>realmente no estamos siendo conscientes del impacto emocional que tiene esta enfermedad<\/strong>. Los cambios f\u00edsicos son un recordatorio constante de que se est\u00e1 atravesando por un proceso oncol\u00f3gico y muchas veces hace que el paciente no se pueda desconectar de la enfermedad\u201d, asegur\u00f3 la experta, y todos deber\u00edamos recordarlo.<\/p>\n<h3 class=\"ladillo\">C\u00f3mo se debe cuidar la piel una enferma de c\u00e1ncer <\/h3>\n<p>\u00bfY c\u00f3mo es la piel de una paciente con c\u00e1ncer? Para resolvernos todas las dudas acudimos a una experta con 35 a\u00f1os de experiencia en el cuidado de pieles de pacientes oncol\u00f3gicos:<strong> Leonor Prieto. La directora cient\u00edfica de La Roche-Posay<\/strong> explic\u00f3 c\u00f3mo todos los tratamientos contra el c\u00e1ncer son susceptibles de acabar afectando a la piel, incluso los m\u00e1s novedosos, como son las terapias dirigidas. La afectaci\u00f3n de la piel puede llegar a ser tan grave que incluso afecta a la evoluci\u00f3n de la enfermedad y a su tratamiento. \u201c<strong>En algunos casos hay que reducir o sustituir los tratamientos oncol\u00f3gicos por los efectos que estos han tenido en la piel.<\/strong> Por eso es tan importante usar tratamientos espec\u00edficos que puedan reducir los efectos secundarios de las terapias oncol\u00f3gicas\u201d, asegur\u00f3 Leonor Prieto.<\/p>\n<p>Los efectos secundarios de los tratamientos oncol\u00f3gicos sobre la piel son m\u00faltiples. <strong>Es habitual que est\u00e9 m\u00e1s seca, reactiva y sensible<\/strong>. Puede picar y hay que trabajar con productos que la calmen e hidraten. Tambi\u00e9n se pueden dar reacciones de tipo acneiforme en las que hay que emplear tratamientos suaves, no antiacneicos que en este caso resultan contraproducentes. <\/p>\n<p>\u201cHay cinco grandes bloques de productos cosm\u00e9ticos que debemos usar en este tipo de pieles. En primer lugar, productos de higiene espec\u00edficos que tienen que ser calmantes y suavizantes. Despu\u00e9s, los productos hidratantes: la hidrataci\u00f3n de la piel es muy importante porque ha perdido la barrera cut\u00e1nea. <strong>A continuaci\u00f3n ir\u00edan los reparadores epid\u00e9rmicos, que son productos cicatrizantes<\/strong>, como la centella asi\u00e1tica o el pantenol, que van a cuidar de las u\u00f1as. Luego estar\u00eda el protector solar, muy importante en esta etapa porque pr\u00e1cticamente todos los tratamientos oncol\u00f3gicos son fotosensibilizantes, es decir, vamos a salir a la calle y <strong>aunque est\u00e9 nublado la piel se nos puede enrojecer<\/strong>. Y por \u00faltimo estar\u00eda el maquillaje corrector que nos va a ayudar a recuperar esa imagen que es tan importante para mantener una buena de calidad de vida\u201d, enumer\u00f3 la experta.<\/p>\n<p>Por supuesto, en este tipo de pieles no sirve cualquier cosm\u00e9tico: lo ideal es emplear productos que hayan sido testados espec\u00edficamente en pacientes oncol\u00f3gicos. <strong>El dermat\u00f3logo, el farmac\u00e9utico o el mismo onc\u00f3logo<\/strong> pueden darnos pistas de qu\u00e9 producto escoger. \u201cDentro de La Roche-Posay todos los productos son para pieles sensibles, porque nuestra idea es mejorar la calidad de vida de las pieles sensibles, pero adem\u00e1s <strong>hacemos una serie de productos espec\u00edficos para paciente oncol\u00f3gico<\/strong> que est\u00e1n probados en este tipo de pieles y han demostrado su eficacia\u201d, explic\u00f3 la experta que a\u00f1adi\u00f3 como conclusi\u00f3n: \u201cEn este caso es importante que huyamos del \u201cyo he probado de esto o aquello\u201d o de mirar remedios caseros en internet: hay que tener en cuenta que <strong>nuestra piel, como nosotros, es \u00fanica<\/strong> y tenemos que buscar el mejor consejo para cuidarla\u201d.<\/p>\n","protected":false},"excerpt":{"rendered":"<p>La piel seca, fr\u00e1gil, reactiva y con rojeces con la que conviven las pacientes de c\u00e1ncer es una llamada de atenci\u00f3n constante que les recuerda con el roce de la ropa o al mirarse al espejo que est\u00e1n enfermas. Por eso es tan importante mimar esa piel antes, durante y despu\u00e9s del c\u00e1ncer. Y por [&hellip;]<\/p>\n","protected":false},"author":1,"featured_media":4175,"comment_status":"closed","ping_status":"closed","sticky":false,"template":"","format":"standard","meta":[],"categories":[1],"tags":[],"_links":{"self":[{"href":"http:\/\/hoycordobaweb.com\/index.php\/wp-json\/wp\/v2\/posts\/4174"}],"collection":[{"href":"http:\/\/hoycordobaweb.com\/index.php\/wp-json\/wp\/v2\/posts"}],"about":[{"href":"http:\/\/hoycordobaweb.com\/index.php\/wp-json\/wp\/v2\/types\/post"}],"author":[{"embeddable":true,"href":"http:\/\/hoycordobaweb.com\/index.php\/wp-json\/wp\/v2\/users\/1"}],"replies":[{"embeddable":true,"href":"http:\/\/hoycordobaweb.com\/index.php\/wp-json\/wp\/v2\/comments?post=4174"}],"version-history":[{"count":0,"href":"http:\/\/hoycordobaweb.com\/index.php\/wp-json\/wp\/v2\/posts\/4174\/revisions"}],"wp:featuredmedia":[{"embeddable":true,"href":"http:\/\/hoycordobaweb.com\/index.php\/wp-json\/wp\/v2\/media\/4175"}],"wp:attachment":[{"href":"http:\/\/hoycordobaweb.com\/index.php\/wp-json\/wp\/v2\/media?parent=4174"}],"wp:term":[{"taxonomy":"category","embeddable":true,"href":"http:\/\/hoycordobaweb.com\/index.php\/wp-json\/wp\/v2\/categories?post=4174"},{"taxonomy":"post_tag","embeddable":true,"href":"http:\/\/hoycordobaweb.com\/index.php\/wp-json\/wp\/v2\/tags?post=4174"}],"curies":[{"name":"wp","href":"https:\/\/api.w.org\/{rel}","templated":true}]}}