{"id":41720,"date":"2022-05-18T00:40:00","date_gmt":"2022-05-18T00:40:00","guid":{"rendered":"http:\/\/hoycordobaweb.com\/index.php\/2022\/05\/18\/rusia-logro-controlar-la-aceria-de-azovstal-pero-ve-como-la-otan-se-expande\/"},"modified":"2022-05-18T00:40:00","modified_gmt":"2022-05-18T00:40:00","slug":"rusia-logro-controlar-la-aceria-de-azovstal-pero-ve-como-la-otan-se-expande","status":"publish","type":"post","link":"http:\/\/hoycordobaweb.com\/index.php\/2022\/05\/18\/rusia-logro-controlar-la-aceria-de-azovstal-pero-ve-como-la-otan-se-expande\/","title":{"rendered":"Rusia logr\u00f3 controlar la acer\u00eda de Azovstal, pero ve c\u00f3mo la OTAN se expande"},"content":{"rendered":"<p><img src=\"http:\/\/hoycordobaweb.com\/wp-content\/uploads\/2022\/05\/rusia-logro-controlar-la-aceria-de-azovstal-pero-ve-como-la-otan-se-expande.jpg\"><\/p>\n<div class=\"video_repositive\"> <a class=\"video_sticky\" href=\"javascript:void();\" onclick=\"removeStuckVideo(true);\"><i class=\"far fa-window-close\"><\/i><\/a> <\/p>\n<div id=\"2okHmanqCHE\" class=\"video_telam\" readability=\"6\">\n<div class=\"feature_article_inner\" readability=\"32\">\n<p><h2 class=\"text-center\">Rusia confirma la \u00abrendici\u00f3n\u00bb de 265 soldados ucranianos en la acer\u00eda de Mariupol<\/h2>\n<\/p><\/div>\n<p>VER VIDEO <i class=\"fas fa-play\"><\/i><\/p>\n<\/p><\/div><\/div>\n<p>Rusia anunci\u00f3 este martes la rendici\u00f3n de 265 soldados ucranianos atrincherados en la planta sider\u00fargica de Azovstal, el \u00fanico lugar que les quedaba tomar de la estrat\u00e9gica ciudad de Mariupol, mientras Suecia y Finlandia presentar\u00e1n ma\u00f1ana sus tr\u00e1mites para sumarse a la Organizaci\u00f3n del Tratado del Atl\u00e1ntico Norte (OTAN).<\/p>\n<p><strong>\u00abEn las \u00faltimas 24 horas, 265 combatientes depusieron sus armas y se rindieron, incluyendo 51 que estaban gravemente heridos\u00bb, dijo el Ministerio de Defensa ruso<\/strong> en un comunicado recogido por la agencia de noticias AFP.<\/p>\n<p>Por su parte, el Ministerio de Defensa ucraniano dijo en Telegram que el intercambio de esos soldados \u00abse llevar\u00e1 a cabo para repatriar a estos h\u00e9roes lo antes posible\u00bb, confirmando indirectamente que esos hombres, que \u00abcumplieron\u00bb su misi\u00f3n, estaban efectivamente en manos rusas.<\/p>\n<figure class=\"mb-3\"><img loading=\"lazy\" src=\"http:\/\/hoycordobaweb.com\/wp-content\/uploads\/2022\/05\/rusia-logro-controlar-la-aceria-de-azovstal-pero-ve-como-la-otan-se-expande-2.jpg\" width=\"100%\" height=\"100%\" alt=\"Captura de video que muestra el momento en que los soldados ucranianos son registrados por las tropas rusas Foto AFP\"><figcaption> Captura de video que muestra el momento en que los soldados ucranianos son registrados por las tropas rusas. (Foto AFP) <\/figcaption><\/figure>\n<p>En Mosc\u00fa, el portavoz del Kremlin, <strong>Dmitri Peskov, no respondi\u00f3 a las preguntas sobre si los soldados de Azovstal ser\u00edan tratados como criminales de guerra o como prisioneros de guerra pero s\u00ed dijo que el presidente Vladimir Putin \u00abgarantiz\u00f3 que ser\u00edan tratados de acuerdo con las leyes internacionales pertinentes\u00bb.<\/strong><\/p>\n<p>En ese sentido, las autoridades rusas precisaron que <strong>aquellos que necesitaban asistencia m\u00e9dica fueron trasladados a un hospital en Novoazovsk.<\/strong><\/p>\n<p>En paralelo,<strong> la Corte Suprema de Rusia anunci\u00f3 que el 26 de mayo estudiar\u00e1 si reconoce como \u00abgrupo terrorista\u00bb al Batall\u00f3n Azov, al que pertenecen los \u00faltimos militares<\/strong> que se escondieron en la planta sider\u00fargica, sin precisar si eso puede de alguna forma impedir un posterior intercambio de prisioneros.<\/p>\n<figure class=\"mb-3\"><img loading=\"lazy\" src=\"http:\/\/hoycordobaweb.com\/wp-content\/uploads\/2022\/05\/rusia-logro-controlar-la-aceria-de-azovstal-pero-ve-como-la-otan-se-expande-3.jpg\" width=\"100%\" height=\"100%\" alt=\"En las ltimas 24 horas 265 combatientes depusieron sus armas y se rindieron incluyendo 51 que estaban gravemente heridos Foto AFP\"><figcaption> \u00abEn las \u00faltimas 24 horas, 265 combatientes depusieron sus armas y se rindieron, incluyendo 51 que estaban gravemente heridos\u00bb. Foto AFP. <\/figcaption><\/figure>\n<p>La toma de Mariupol tiene para el Kremlin un valor relevante por lo simb\u00f3lico, pero tambi\u00e9n por lo estrat\u00e9gico ya que le permitir\u00eda dar un paso crucial en sus planes de unir la anexionada pen\u00ednsula de Crimea en el sur con las regiones separatistas del Donbass, en el este ucraniano.<\/p>\n<p>El gobernador ucraniano de Lugansk -controla menos del 10% del territorio regional-, dijo que <strong>las tropas rusas estaban \u00abbombardeando Severodonetsk sin parar\u00bb y asegur\u00f3 que dos edificios del hospital general de la ciudad hab\u00edan sido alcanzados durante la noche<\/strong>.<\/p>\n<p>\u00abTenemos diez muertos y tres heridos en la regi\u00f3n\u00bb, escribi\u00f3 Sergii Gaiday en Telegram.<\/p>\n<p><strong>La toma de Severodonetsk, la ciudad m\u00e1s al este en poder de las fuerzas ucranianas, permitir\u00eda a Rusia el control de facto de Lugansk<\/strong>, una de las dos regiones, junto con Donetsk, que forman el Donbass.<\/p>\n<figure class=\"mb-3\"><img loading=\"lazy\" src=\"http:\/\/hoycordobaweb.com\/wp-content\/uploads\/2022\/05\/rusia-logro-controlar-la-aceria-de-azovstal-pero-ve-como-la-otan-se-expande-4.jpg\" width=\"100%\" height=\"100%\" alt=\"Los militares seran sometidos a un procedimiento de intercambio Foto AFP\"><figcaption> Los militares ser\u00edan sometidos a un \u00abprocedimiento de intercambio\u00bb. Foto AFP. <\/figcaption><\/figure>\n<p>Por otra parte, ocho personas murieron y 12 resultaron heridas en ataques rusos contra la localidad de Desna, en la regi\u00f3n de Chernigov (noreste) donde se encuentra una base militar ucraniana, dijeron los servicios de emergencia citados por la agencia de noticias AFP.<\/p>\n<p>En el otro extremo del pa\u00eds, <strong>en Lviv (en el oeste), Rusia lanz\u00f3 un ataque con misiles contra un ramal de trenes a unos 20 kil\u00f3metros de la frontera polaca<\/strong>, que no caus\u00f3 v\u00edctimas pero s\u00ed fuertes da\u00f1os a la infraestructura ferroviaria, informaron autoridades locales.<\/p>\n<p>El mando del ej\u00e9rcito ucraniano en el sur dijo que <strong>Odesa y Mykolaiv tambi\u00e9n hab\u00edan sido atacadas<\/strong> y que hubo v\u00edctimas en ambas ciudades.<\/p>\n<p>Frente a la continuidad de esta intervenci\u00f3n militar lanzada el 24 de febrero, <strong>Suecia y Finlandia est\u00e1n a punto de renunciar a d\u00e9cadas de no alineamiento militar y ma\u00f1ana presentar\u00e1n sus candidaturas a unirse a la OTAN.<\/strong><\/p>\n<figure class=\"mb-3\"><img loading=\"lazy\" src=\"http:\/\/hoycordobaweb.com\/wp-content\/uploads\/2022\/05\/rusia-logro-controlar-la-aceria-de-azovstal-pero-ve-como-la-otan-se-expande-5.jpg\" width=\"100%\" height=\"100%\" alt=\"Rusia atac con misiles un ramal de trenes de la regin ucraniana de Lviv a unos 20 kilmetros de la frontera polaca Foto AFP\"><figcaption> Rusia atac\u00f3 con misiles un ramal de trenes de la regi\u00f3n ucraniana de Lviv, a unos 20 kil\u00f3metros de la frontera polaca. (Foto AFP) <\/figcaption><\/figure>\n<p>Los dos pa\u00edses avanzaron en varios pasos burocr\u00e1ticos en estos \u00faltimos d\u00edas y, seg\u00fan la primera ministra sueca, Magdalena Andersson, entregar\u00e1n la solicitud de forma conjunta al organismo con sede en Bruselas como \u00abse\u00f1al de que estamos unidos para el futuro\u00bb.<\/p>\n<p>En conferencia de prensa, junto al presidente finland\u00e9s, Sauli Niinisto, destac\u00f3 la coordinaci\u00f3n frente a la \u00abguerra ilegal\u00bb lanzada por Rusia sobre Ucrania, seg\u00fan declaraciones reproducidas por la agencia de noticias Europa Press.<\/p>\n<p>Ambos dirigentes viajar\u00e1n a Washington el jueves para reunirse con el presidente estadounidense Joe Biden, anunci\u00f3 la Casa Blanca.<\/p>\n<p><strong>El secretario general de la OTAN, Jens Stoltenberg, recibir\u00e1 las solicitudes de ingreso de manos de los embajadores de los dos pa\u00edses acreditados ante la Alianza, en un evento que se emitir\u00e1 en directo.<\/strong><\/p>\n<p>El Parlamento de Finlandia, pa\u00eds que tiene una frontera de casi 1.300 kil\u00f3metros con Rusia, vot\u00f3 este martes a favor de unirse a la OTAN con una mayor\u00eda de m\u00e1s del 95%.<\/p>\n<p>En Suecia, la ministra de Relaciones Exteriores, Ann Linde, firm\u00f3 el formulario de solicitud, luego de que el Parlamento confirmara el lunes que solicitar\u00eda su adhesi\u00f3n a la alianza militar.<\/p>\n<blockquote class=\"twitter-tweet\" readability=\"4.4741379310345\">\n<p lang=\"en\" dir=\"ltr\">Just signed a historic indication letter to <a href=\"https:\/\/twitter.com\/hashtag\/NATO?src=hash&amp;ref_src=twsrc%5Etfw\">#NATO<\/a> Secretary General <a href=\"https:\/\/twitter.com\/jensstoltenberg?ref_src=twsrc%5Etfw\">@jensstoltenberg<\/a> from the Swedish Government \ud83c\uddf8\ud83c\uddea. Our NATO application is now formally signed. <a href=\"https:\/\/t.co\/1RAxjikjc0\">pic.twitter.com\/1RAxjikjc0<\/a><\/p>\n<p>\u2014 Ann Linde (@AnnLinde) <a href=\"https:\/\/twitter.com\/AnnLinde\/status\/1526483199085404160?ref_src=twsrc%5Etfw\">May 17, 2022<\/a><\/p><\/blockquote>\n<p><strong>Los nuevos miembros necesitan la unanimidad y la ratificaci\u00f3n en los Parlamentos de los pa\u00edses que ya forman la alianza militar, pero Turqu\u00eda amenaza con vetar las adhesiones de las naciones n\u00f3rdicas, a las que acusa de apoyar a rebeldes separatistas kurdos<\/strong> que operan en su territorio.<\/p>\n<p>Concretamente, Turqu\u00eda reprocha a Suecia y Finlandia su negativa a extraditar a personas a las que acusa de ser miembros del partido separatista kurdo PKK.<\/p>\n<p>Por otra parte parte, la Corte Penal Internacional anunci\u00f3 el env\u00edo a Ucrania de un equipo de 42 expertos, el mayor en la historia de la instituci\u00f3n, para investigar las acusaciones de cr\u00edmenes de guerra cometidos durante la intervenci\u00f3n rusa.<\/p>\n<p>En el plano comercial y de sanciones,<strong> la Comisi\u00f3n Europea publicar\u00e1 este mi\u00e9rcoles los detalles de su plan para alejar al bloque del gas ruso<\/strong>, con la diversificaci\u00f3n de proveedores, eficiencia energ\u00e9tica y el aumento de la generaci\u00f3n renovable y la producci\u00f3n e importaci\u00f3n de hidr\u00f3geno \u00abverde\u00bb.<\/p>\n<p>Mientras tanto y pese a este intento de vetar la dependencia energ\u00e9tica de Mosc\u00fa, la petrolera italiana Eni anunci\u00f3 la apertura inminente de una cuenta en euros y otra en rublos ante el banco ruso Gazprombank para pagar el aprovisionamiento de gas, acatando las exigencias del Kremlin.<\/p>\n","protected":false},"excerpt":{"rendered":"<p>Rusia confirma la \u00abrendici\u00f3n\u00bb de 265 soldados ucranianos en la acer\u00eda de Mariupol VER VIDEO Rusia anunci\u00f3 este martes la rendici\u00f3n de 265 soldados ucranianos atrincherados en la planta sider\u00fargica de Azovstal, el \u00fanico lugar que les quedaba tomar de la estrat\u00e9gica ciudad de Mariupol, mientras Suecia y Finlandia presentar\u00e1n ma\u00f1ana sus tr\u00e1mites para sumarse [&hellip;]<\/p>\n","protected":false},"author":1,"featured_media":41721,"comment_status":"open","ping_status":"closed","sticky":false,"template":"","format":"standard","meta":[],"categories":[24],"tags":[],"_links":{"self":[{"href":"http:\/\/hoycordobaweb.com\/index.php\/wp-json\/wp\/v2\/posts\/41720"}],"collection":[{"href":"http:\/\/hoycordobaweb.com\/index.php\/wp-json\/wp\/v2\/posts"}],"about":[{"href":"http:\/\/hoycordobaweb.com\/index.php\/wp-json\/wp\/v2\/types\/post"}],"author":[{"embeddable":true,"href":"http:\/\/hoycordobaweb.com\/index.php\/wp-json\/wp\/v2\/users\/1"}],"replies":[{"embeddable":true,"href":"http:\/\/hoycordobaweb.com\/index.php\/wp-json\/wp\/v2\/comments?post=41720"}],"version-history":[{"count":0,"href":"http:\/\/hoycordobaweb.com\/index.php\/wp-json\/wp\/v2\/posts\/41720\/revisions"}],"wp:featuredmedia":[{"embeddable":true,"href":"http:\/\/hoycordobaweb.com\/index.php\/wp-json\/wp\/v2\/media\/41721"}],"wp:attachment":[{"href":"http:\/\/hoycordobaweb.com\/index.php\/wp-json\/wp\/v2\/media?parent=41720"}],"wp:term":[{"taxonomy":"category","embeddable":true,"href":"http:\/\/hoycordobaweb.com\/index.php\/wp-json\/wp\/v2\/categories?post=41720"},{"taxonomy":"post_tag","embeddable":true,"href":"http:\/\/hoycordobaweb.com\/index.php\/wp-json\/wp\/v2\/tags?post=41720"}],"curies":[{"name":"wp","href":"https:\/\/api.w.org\/{rel}","templated":true}]}}