{"id":41670,"date":"2022-05-16T12:42:57","date_gmt":"2022-05-16T12:42:57","guid":{"rendered":"https:\/\/manoamanocba.com.ar\/?p=5285"},"modified":"2022-05-16T12:42:57","modified_gmt":"2022-05-16T12:42:57","slug":"una-rambla-unira-el-parque-las-heras-y-el-rio-suquia","status":"publish","type":"post","link":"http:\/\/hoycordobaweb.com\/index.php\/2022\/05\/16\/una-rambla-unira-el-parque-las-heras-y-el-rio-suquia\/","title":{"rendered":"Una rambla unir\u00e1 el Parque Las Heras y el r\u00edo Suqu\u00eda"},"content":{"rendered":"<p>En el <strong>Parque Las Heras<\/strong> comenzaron las tareas preliminares para la construcci\u00f3n de una <strong>rambla<\/strong>, en conjunto con una serie de gradas que conectar\u00e1n el espacio p\u00fablico con el cauce natural, expandiendo su uso y posibilitando que los vecinos se apropien del r\u00edo.<\/p>\n<p>Los trabajos se concentran en las <strong>inmediaciones del Puente Centenario<\/strong>, sobre el extremo este del espacio recreativo.<\/p>\n<p>En paralelo, se avanza con la confecci\u00f3n de senderos internos y la revalorizaci\u00f3n de la glorieta.<\/p>\n<p><a href=\"http:\/\/manoamanocba.com.ar\/wp-content\/uploads\/2022\/05\/474cf20d-aa95-4afd-b85c-96b9d2928056.jpg\"><img loading=\"lazy\" class=\"size-medium wp-image-5287 aligncenter\" src=\"http:\/\/hoycordobaweb.com\/wp-content\/uploads\/2022\/05\/una-rambla-unira-el-parque-las-heras-y-el-rio-suquia.jpg\" alt width=\"300\" height=\"200\" srcset=\"http:\/\/hoycordobaweb.com\/wp-content\/uploads\/2022\/05\/una-rambla-unira-el-parque-las-heras-y-el-rio-suquia.jpg 300w, http:\/\/hoycordobaweb.com\/wp-content\/uploads\/2022\/05\/una-rambla-unira-el-parque-las-heras-y-el-rio-suquia-3.jpg 1024w, http:\/\/hoycordobaweb.com\/wp-content\/uploads\/2022\/05\/una-rambla-unira-el-parque-las-heras-y-el-rio-suquia-4.jpg 768w, http:\/\/hoycordobaweb.com\/wp-content\/uploads\/2022\/05\/una-rambla-unira-el-parque-las-heras-y-el-rio-suquia-5.jpg 272w, http:\/\/hoycordobaweb.com\/wp-content\/uploads\/2022\/05\/una-rambla-unira-el-parque-las-heras-y-el-rio-suquia-6.jpg 1280w\" sizes=\"(max-width: 300px) 100vw, 300px\"><\/a><\/p>\n<p>Entre las obras m\u00e1s emblem\u00e1ticas, que reposicionar\u00e1n al parque como uno de los mejores de la ciudad, se encuentra la creaci\u00f3n de <strong>escalinatas que funcionar\u00e1n a modo de mirador<\/strong> y permitir\u00e1n apreciar el paisaje natural y urbano cordob\u00e9s.<\/p>\n<p>Los m\u00e1s peque\u00f1os podr\u00e1n utilizar modernas estaciones de juegos con trepadores, juegos accesibles y equipamiento para diversas edades que estar\u00e1n asentados sobre piso de caucho reciclado, para mayor seguridad.<\/p>\n<p><a href=\"http:\/\/manoamanocba.com.ar\/wp-content\/uploads\/2022\/05\/772920d3-edbd-46bc-bd5c-571b7bd3a34a.jpg\"><img loading=\"lazy\" class=\"size-medium wp-image-5288 aligncenter\" src=\"http:\/\/hoycordobaweb.com\/wp-content\/uploads\/2022\/05\/una-rambla-unira-el-parque-las-heras-y-el-rio-suquia-1.jpg\" alt width=\"300\" height=\"200\" srcset=\"http:\/\/hoycordobaweb.com\/wp-content\/uploads\/2022\/05\/una-rambla-unira-el-parque-las-heras-y-el-rio-suquia-7.jpg 300w, http:\/\/hoycordobaweb.com\/wp-content\/uploads\/2022\/05\/una-rambla-unira-el-parque-las-heras-y-el-rio-suquia-8.jpg 1024w, http:\/\/hoycordobaweb.com\/wp-content\/uploads\/2022\/05\/una-rambla-unira-el-parque-las-heras-y-el-rio-suquia-9.jpg 768w, http:\/\/hoycordobaweb.com\/wp-content\/uploads\/2022\/05\/una-rambla-unira-el-parque-las-heras-y-el-rio-suquia-10.jpg 272w, http:\/\/hoycordobaweb.com\/wp-content\/uploads\/2022\/05\/una-rambla-unira-el-parque-las-heras-y-el-rio-suquia-11.jpg 1280w\" sizes=\"(max-width: 300px) 100vw, 300px\"><\/a><\/p>\n<p>Adem\u00e1s, el terreno tendr\u00e1 dos estaciones deportivas con calistenia e instalaciones de musculaci\u00f3n y ejercicios aer\u00f3bicos.<\/p>\n<p>Se sumar\u00e1n nuevas luminarias y conectividad wifi en todo el sector.<\/p>\n<p>El Parque Las Heras es considerado un Bien Hist\u00f3rico Patrimonial de C\u00f3rdoba, por lo que las obras son avaladas y supervisadas por la Comisi\u00f3n Nacional de Monumentos, de Lugares y de Bienes Hist\u00f3ricos de la Naci\u00f3n.<\/p>\n<p><a href=\"http:\/\/manoamanocba.com.ar\/wp-content\/uploads\/2022\/05\/4c940063-361a-40a1-8501-8eeba698aced.jpg\"><img loading=\"lazy\" class=\"size-medium wp-image-5289 aligncenter\" src=\"http:\/\/hoycordobaweb.com\/wp-content\/uploads\/2022\/05\/una-rambla-unira-el-parque-las-heras-y-el-rio-suquia-2.jpg\" alt width=\"300\" height=\"200\" srcset=\"http:\/\/hoycordobaweb.com\/wp-content\/uploads\/2022\/05\/una-rambla-unira-el-parque-las-heras-y-el-rio-suquia-12.jpg 300w, http:\/\/hoycordobaweb.com\/wp-content\/uploads\/2022\/05\/una-rambla-unira-el-parque-las-heras-y-el-rio-suquia-13.jpg 1024w, http:\/\/hoycordobaweb.com\/wp-content\/uploads\/2022\/05\/una-rambla-unira-el-parque-las-heras-y-el-rio-suquia-14.jpg 768w, http:\/\/hoycordobaweb.com\/wp-content\/uploads\/2022\/05\/una-rambla-unira-el-parque-las-heras-y-el-rio-suquia-15.jpg 272w, http:\/\/hoycordobaweb.com\/wp-content\/uploads\/2022\/05\/una-rambla-unira-el-parque-las-heras-y-el-rio-suquia-16.jpg 1280w\" sizes=\"(max-width: 300px) 100vw, 300px\"><\/a><\/p>\n","protected":false},"excerpt":{"rendered":"<p>En el Parque Las Heras comenzaron las tareas preliminares para la construcci\u00f3n de una rambla, en conjunto con una serie de gradas que conectar\u00e1n el espacio p\u00fablico con el cauce natural, expandiendo su uso y posibilitando que los vecinos se apropien del r\u00edo. Los trabajos se concentran en las inmediaciones del Puente Centenario, sobre el [&hellip;]<\/p>\n","protected":false},"author":1,"featured_media":41671,"comment_status":"closed","ping_status":"closed","sticky":false,"template":"","format":"standard","meta":[],"categories":[19],"tags":[],"_links":{"self":[{"href":"http:\/\/hoycordobaweb.com\/index.php\/wp-json\/wp\/v2\/posts\/41670"}],"collection":[{"href":"http:\/\/hoycordobaweb.com\/index.php\/wp-json\/wp\/v2\/posts"}],"about":[{"href":"http:\/\/hoycordobaweb.com\/index.php\/wp-json\/wp\/v2\/types\/post"}],"author":[{"embeddable":true,"href":"http:\/\/hoycordobaweb.com\/index.php\/wp-json\/wp\/v2\/users\/1"}],"replies":[{"embeddable":true,"href":"http:\/\/hoycordobaweb.com\/index.php\/wp-json\/wp\/v2\/comments?post=41670"}],"version-history":[{"count":0,"href":"http:\/\/hoycordobaweb.com\/index.php\/wp-json\/wp\/v2\/posts\/41670\/revisions"}],"wp:featuredmedia":[{"embeddable":true,"href":"http:\/\/hoycordobaweb.com\/index.php\/wp-json\/wp\/v2\/media\/41671"}],"wp:attachment":[{"href":"http:\/\/hoycordobaweb.com\/index.php\/wp-json\/wp\/v2\/media?parent=41670"}],"wp:term":[{"taxonomy":"category","embeddable":true,"href":"http:\/\/hoycordobaweb.com\/index.php\/wp-json\/wp\/v2\/categories?post=41670"},{"taxonomy":"post_tag","embeddable":true,"href":"http:\/\/hoycordobaweb.com\/index.php\/wp-json\/wp\/v2\/tags?post=41670"}],"curies":[{"name":"wp","href":"https:\/\/api.w.org\/{rel}","templated":true}]}}