{"id":41662,"date":"2022-05-17T10:45:00","date_gmt":"2022-05-17T10:45:00","guid":{"rendered":"http:\/\/hoycordobaweb.com\/index.php\/2022\/05\/17\/suecia-firmo-la-solicitud-de-ingreso-a-la-otan\/"},"modified":"2022-05-17T10:45:00","modified_gmt":"2022-05-17T10:45:00","slug":"suecia-firmo-la-solicitud-de-ingreso-a-la-otan","status":"publish","type":"post","link":"http:\/\/hoycordobaweb.com\/index.php\/2022\/05\/17\/suecia-firmo-la-solicitud-de-ingreso-a-la-otan\/","title":{"rendered":"Suecia firm\u00f3 la solicitud de ingreso a la OTAN"},"content":{"rendered":"<p><img src=\"http:\/\/hoycordobaweb.com\/wp-content\/uploads\/2022\/05\/suecia-firmo-la-solicitud-de-ingreso-a-la-otan.jpg\"><\/p>\n<div><img src=\"http:\/\/hoycordobaweb.com\/wp-content\/uploads\/2022\/05\/suecia-firmo-la-solicitud-de-ingreso-a-la-otan-2.jpg\" class=\"ff-og-image-inserted\"><\/div>\n<p>La ministra de Exteriores, Ann Linde, firm\u00f3 este mates la solicitud de adhesi\u00f3n del pa\u00eds a la OTAN, comunic\u00f3 la representaci\u00f3n sueca ante la Alianza Atl\u00e1ntica.<\/p>\n<p><strong>\u00abEsta ma\u00f1ana la ministra de Exteriores, Ann Linde, firm\u00f3 la solicitud para unirse a la OTAN\u00bb, public\u00f3<\/strong> el ente en su cuenta de Twitter.<\/p>\n<p>Linde destac\u00f3 durante el acto de firma del documento que las autoridades \u00abcreen que (la adhesi\u00f3n a la alianza militar occidental) es lo mejor para Suecia\u00bb.<\/p>\n<p>\u00abLa solicitud ser\u00e1 ahora entregada junto a la de Finlandia\u00bb, agreg\u00f3, despu\u00e9s de que ambos pa\u00edses se mostraran a favor de ingresar en el bloque, seg\u00fan recogieron la cadena de televisi\u00f3n SVT y la agencia de noticias Europa Press .<\/p>\n<blockquote class=\"twitter-tweet\" readability=\"4.4741379310345\">\n<p lang=\"en\" dir=\"ltr\">Just signed a historic indication letter to <a href=\"https:\/\/twitter.com\/hashtag\/NATO?src=hash&amp;ref_src=twsrc%5Etfw\">#NATO<\/a> Secretary General <a href=\"https:\/\/twitter.com\/jensstoltenberg?ref_src=twsrc%5Etfw\">@jensstoltenberg<\/a> from the Swedish Government \ud83c\uddf8\ud83c\uddea. Our NATO application is now formally signed. <a href=\"https:\/\/t.co\/1RAxjikjc0\">pic.twitter.com\/1RAxjikjc0<\/a><\/p>\n<p>\u2014 Ann Linde (@AnnLinde) <a href=\"https:\/\/twitter.com\/AnnLinde\/status\/1526483199085404160?ref_src=twsrc%5Etfw\">May 17, 2022<\/a><\/p><\/blockquote>\n<p>La invasi\u00f3n militar que Rusia lanz\u00f3 en Ucrania el pasado 24 de febrero empuj\u00f3 a Finlandia y Suecia a replantearse su tradicional pol\u00edtica de neutralidad e inclin\u00f3 la opini\u00f3n p\u00fablica a favor del ingreso en la OTAN, rese\u00f1\u00f3 la agencia de noticias Sputnik.<\/p>\n<p>El domingo pasado <strong>el gobernante Partido Socialdem\u00f3crata de Suecia se pronunci\u00f3 a favor de que Estocolmo pidiera la admisi\u00f3n en el bloque<\/strong>, pero con la condici\u00f3n de oponerse en el futuro al despliegue de armas nucleares y bases militares en el territorio sueco.<\/p>\n<p>El Gobierno finland\u00e9s anunci\u00f3 el mismo d\u00eda la decisi\u00f3n de solicitar el ingreso en la alianza.<\/p>\n<p><strong>La primera ministra sueca, Magdalena Andersson, confirm\u00f3 el lunes la decisi\u00f3n, la cual, sostuvo, tendr\u00e1 un impacto positivo en la seguridad nacional.<\/strong><\/p>\n<blockquote class><p>La invasi\u00f3n militar de Rusia, empuj\u00f3 a Finlandia y Suecia a replantearse su tradicional pol\u00edtica de neutralidad e inclin\u00f3 la opini\u00f3n p\u00fablica a favor del ingreso en la OTAN<\/p><\/blockquote>\n<p>El presidente ruso, Vladimir <strong>Putin, descart\u00f3 que la entrada de Suecia y Finlandia en la OTAN suponga una amenaza directa para la seguridad de Mosc\u00fa<\/strong> ya que \u00abno tiene problemas con esos pa\u00edses\u00bb, si bien adelant\u00f3 que \u00absin duda\u00bb responder\u00e1n a esta \u00abpol\u00edtica expansionista sin fin\u00bb de la Alianza.<\/p>\n<p>As\u00ed, argument\u00f3 que la reacci\u00f3n de Mosc\u00fa \u00abdepender\u00e1 de la naturaleza de las amenazas que surjan\u00bb, al tiempo que acus\u00f3 a los pa\u00edses occidentales de estar creando un problema \u00abdesde cero\u00bb y agregar que por tanto Mosc\u00fa se guarda el derecho a responder \u00aben consecuencia\u00bb.<\/p>\n<p><strong>\u00abEsto sin duda requerir\u00e1 de nuestra atenci\u00f3n adicional\u00bb, concluy\u00f3.<\/strong> <\/p>\n","protected":false},"excerpt":{"rendered":"<p>La ministra de Exteriores, Ann Linde, firm\u00f3 este mates la solicitud de adhesi\u00f3n del pa\u00eds a la OTAN, comunic\u00f3 la representaci\u00f3n sueca ante la Alianza Atl\u00e1ntica. \u00abEsta ma\u00f1ana la ministra de Exteriores, Ann Linde, firm\u00f3 la solicitud para unirse a la OTAN\u00bb, public\u00f3 el ente en su cuenta de Twitter. Linde destac\u00f3 durante el acto [&hellip;]<\/p>\n","protected":false},"author":1,"featured_media":41663,"comment_status":"open","ping_status":"closed","sticky":false,"template":"","format":"standard","meta":[],"categories":[24],"tags":[],"_links":{"self":[{"href":"http:\/\/hoycordobaweb.com\/index.php\/wp-json\/wp\/v2\/posts\/41662"}],"collection":[{"href":"http:\/\/hoycordobaweb.com\/index.php\/wp-json\/wp\/v2\/posts"}],"about":[{"href":"http:\/\/hoycordobaweb.com\/index.php\/wp-json\/wp\/v2\/types\/post"}],"author":[{"embeddable":true,"href":"http:\/\/hoycordobaweb.com\/index.php\/wp-json\/wp\/v2\/users\/1"}],"replies":[{"embeddable":true,"href":"http:\/\/hoycordobaweb.com\/index.php\/wp-json\/wp\/v2\/comments?post=41662"}],"version-history":[{"count":0,"href":"http:\/\/hoycordobaweb.com\/index.php\/wp-json\/wp\/v2\/posts\/41662\/revisions"}],"wp:featuredmedia":[{"embeddable":true,"href":"http:\/\/hoycordobaweb.com\/index.php\/wp-json\/wp\/v2\/media\/41663"}],"wp:attachment":[{"href":"http:\/\/hoycordobaweb.com\/index.php\/wp-json\/wp\/v2\/media?parent=41662"}],"wp:term":[{"taxonomy":"category","embeddable":true,"href":"http:\/\/hoycordobaweb.com\/index.php\/wp-json\/wp\/v2\/categories?post=41662"},{"taxonomy":"post_tag","embeddable":true,"href":"http:\/\/hoycordobaweb.com\/index.php\/wp-json\/wp\/v2\/tags?post=41662"}],"curies":[{"name":"wp","href":"https:\/\/api.w.org\/{rel}","templated":true}]}}