{"id":41619,"date":"2022-05-16T11:17:09","date_gmt":"2022-05-16T11:17:09","guid":{"rendered":"https:\/\/www.ole.com.ar\/futbol-internacional\/espana\/real-madrid-presento-nueva-camiseta_0_ZkHkT5OVs6.html"},"modified":"2022-05-16T11:17:09","modified_gmt":"2022-05-16T11:17:09","slug":"inspirada-en-la-historia-del-club-real-madrid-presento-la-nueva-camiseta-para-la-temporada-2022-23","status":"publish","type":"post","link":"http:\/\/hoycordobaweb.com\/index.php\/2022\/05\/16\/inspirada-en-la-historia-del-club-real-madrid-presento-la-nueva-camiseta-para-la-temporada-2022-23\/","title":{"rendered":"Inspirada en la historia del club, Real Madrid present\u00f3 la nueva camiseta para la temporada 2022-23"},"content":{"rendered":"<p><img src=\"http:\/\/hoycordobaweb.com\/wp-content\/uploads\/2022\/05\/inspirada-en-la-historia-del-club-real-madrid-presento-la-nueva-camiseta-para-la-temporada-2022-23.jpg\"><\/p>\n<p><a target=\"_blank\" href=\"https:\/\/www.ole.com.ar\/tema\/real-madrid.html\" rel=\"noopener noreferrer\"><strong>Real Madrid <\/strong><\/a>ya se consagr\u00f3 campe\u00f3n de <a target=\"_blank\" href=\"https:\/\/www.ole.com.ar\/futbol-internacional\/espana\/\" rel=\"noopener noreferrer\"><strong>LaLiga <\/strong><\/a>esta temporada. Y lo hizo con varias fechas de anticipaci\u00f3n. Pero no solo eso, sino que tambi\u00e9n se meti\u00f3 a las final&nbsp;de la <a target=\"_blank\" href=\"https:\/\/www.ole.com.ar\/futbol-internacional\/champions\" rel=\"noopener noreferrer\"><strong>Champions League,<\/strong><\/a> donde deber\u00e1 verse las caras con el <a target=\"_blank\" href=\"https:\/\/www.ole.com.ar\/tema\/liverpool.html\" rel=\"noopener noreferrer\"><strong>Liverpool.<\/strong><\/a> Un gran momento para el Merengue, que este lunes, <strong>aprovech\u00f3 el envi\u00f3n para presentar su nueva camiseta titular para la temporada 2022-23.<\/strong><\/p>\n<div class=\"sp__Normal\">\n<div class=\"image-embeb image-trigger\" readability=\"6\">\n<picture><source media=\"(min-width: 720px)\" srcset=\"http:\/\/hoycordobaweb.com\/wp-content\/uploads\/2022\/05\/inspirada-en-la-historia-del-club-real-madrid-presento-la-nueva-camiseta-para-la-temporada-2022-23-2.jpg\"><img itemprop=\"image\" src=\"http:\/\/hoycordobaweb.com\/wp-content\/uploads\/2022\/05\/inspirada-en-la-historia-del-club-real-madrid-presento-la-nueva-camiseta-para-la-temporada-2022-23-2.jpg\" loading=\"lazy\" alt=\"Benzema con la nueva camiseta del Real Madrid. (Foto: Prensa Real Madrid).\">\n<\/picture><figcaption readability=\"2\">\n<p>Benzema con la nueva camiseta del Real Madrid. (Foto: Prensa Real Madrid).\n<\/p>\n<\/figcaption><\/div>\n<\/div>\n<p>La camiseta <mark><strong>est\u00e1 inspirada en los 120 a\u00f1os del club<\/strong><\/mark>, con un estilo que alterna entre lo vintage y lo moderno. \u00abEsta equipaci\u00f3n es un homenaje a la historia del club. <strong>Es un dise\u00f1o cl\u00e1sico con toques modernos, en el que al tradicional color blanco se une el morado en los detalles del cuello y las tres franjas de adidas sobre los hombros<\/strong>\u00ab, anunciaron desde el Real Madrid.<\/p>\n<div class=\"sp__SM\">\n<div class=\"content-new \">\n<span class=\"tit-mobile\">Mir\u00e1 tambi\u00e9n<\/span><\/p>\n<div class=\"mg\">\n<div class=\"wrap-figure\">\n<picture>\n<a href=\"https:\/\/www.ole.com.ar\/messi\/messi-negocio-60-ciento-venta-camisetas-psg_0_5GDUrprdeI.html\" target=\"_self\" rel=\"noopener noreferrer\"><br \/>\n<img class=\"img-responsive\" alt=\"Messi, un gran negocio para el Paris Saint Germain\" src=\"http:\/\/hoycordobaweb.com\/wp-content\/uploads\/2022\/05\/inspirada-en-la-historia-del-club-real-madrid-presento-la-nueva-camiseta-para-la-temporada-2022-23-3.jpg\" loading=\"lazy\"><br \/>\n<\/a>\n<\/picture>\n<\/div>\n<\/div><\/div>\n<\/div>\n<p>Entre los detalles, se puede apreciar el escudo blanco estampado por toda la camiseta. Tambi\u00e9n se puede ver un logo que hace menci\u00f3n a los 120 a\u00f1os del club en el interior del cuello abotonado. <\/p>\n<div class=\"sp__SM\">\n<div class=\"content-new \">\n<span class=\"tit-mobile\">Mir\u00e1 tambi\u00e9n<\/span><\/p>\n<div class=\"mg\">\n<div class=\"wrap-figure\">\n<picture>\n<a href=\"https:\/\/www.ole.com.ar\/futbol-internacional\/espana\/akapo-hazard-pie-patada_0_B2nEE705x9.html\" target=\"_self\" rel=\"noopener noreferrer\"><br \/>\n<img class=\"img-responsive\" alt=\"El planchazo de Hazard: mir\u00e1 c\u00f3mo le qued\u00f3 el pie al rival\" src=\"http:\/\/hoycordobaweb.com\/wp-content\/uploads\/2022\/05\/inspirada-en-la-historia-del-club-real-madrid-presento-la-nueva-camiseta-para-la-temporada-2022-23-4.jpg\" loading=\"lazy\"><br \/>\n<\/a>\n<\/picture>\n<\/div>\n<\/div><\/div>\n<\/div>\n<p>Para finalizar, <strong>la camiseta est\u00e1 hecha a partir de materiales reciclados y cuenta con la tecnolog\u00eda de m\u00e1xima calidad HEAT.RDY KEEP COOL, <\/strong>que permite regular la temperatura de los jugadores para que se mantengan frescos en cada partido.<\/p>\n<h2><strong>REAL MADRID, CON LA MENTE PUESTA EN LA FINAL DE LA CHAMPIONS<\/strong><\/h2>\n<div class=\"sp__Normal\">\n<div class=\"image-embeb image-trigger\" readability=\"6\">\n<picture><source media=\"(min-width: 720px)\" srcset=\"http:\/\/hoycordobaweb.com\/wp-content\/uploads\/2022\/05\/inspirada-en-la-historia-del-club-real-madrid-presento-la-nueva-camiseta-para-la-temporada-2022-23-5.jpg\"><img itemprop=\"image\" src=\"http:\/\/hoycordobaweb.com\/wp-content\/uploads\/2022\/05\/inspirada-en-la-historia-del-club-real-madrid-presento-la-nueva-camiseta-para-la-temporada-2022-23-5.jpg\" loading=\"lazy\" alt=\"Los jugadores del Real Madrid celebrando el t\u00edtulo de LaLiga. (Foto: AP\/Bernat Armangue)\">\n<\/picture><figcaption readability=\"2\">\n<p>Los jugadores del Real Madrid celebrando el t\u00edtulo de LaLiga. (Foto: AP\/Bernat Armangue)\n<\/p>\n<\/figcaption><\/div>\n<\/div>\n<p>Al Real Madrid le queda un solo partido&nbsp;por disputar en la LaLiga, que ser\u00e1 este viernes 20 de mayo. Como ya se consagraron campeones con varias fechas de anticipaci\u00f3n, <strong>s\u00f3lo est\u00e1n pendientes de la final de la Champions League, que ser\u00e1 el 28 de mayo en Par\u00eds ante los Reds. <\/strong>All\u00ed, el Merengue buscar\u00e1 nuevamente la gloria y sumar la d\u00e9cimocuarta Orejona a su vitrina de trofeos.&nbsp;&nbsp;<\/p>\n<div class=\"sp__SM\">\n<div class=\"content-new \">\n<span class=\"tit-mobile\">Mir\u00e1 tambi\u00e9n<\/span><\/p>\n<div class=\"mg\">\n<div class=\"wrap-figure\">\n<picture>\n<a href=\"https:\/\/www.ole.com.ar\/futbol-internacional\/francia\/mbappe-futuro-decision-psg-_0_yL4PTir7iD.html\" target=\"_self\" rel=\"noopener noreferrer\"><br \/>\n<img class=\"img-responsive\" alt=\"Bomba de Mbapp\u00e9 sobre su futuro: &quot;Mi elecci\u00f3n est\u00e1 hecha&quot;\" src=\"http:\/\/hoycordobaweb.com\/wp-content\/uploads\/2022\/05\/inspirada-en-la-historia-del-club-real-madrid-presento-la-nueva-camiseta-para-la-temporada-2022-23-6.jpg\" loading=\"lazy\"><br \/>\n<\/a>\n<\/picture>\n<\/div>\n<\/div><\/div>\n<\/div>\n<div class=\"entry-tags\">\n<h2>TEMAS QUE APARECEN EN ESTA NOTA<\/h2>\n<\/p><\/div>\n","protected":false},"excerpt":{"rendered":"<p>Real Madrid ya se consagr\u00f3 campe\u00f3n de LaLiga esta temporada. Y lo hizo con varias fechas de anticipaci\u00f3n. Pero no solo eso, sino que tambi\u00e9n se meti\u00f3 a las final&nbsp;de la Champions League, donde deber\u00e1 verse las caras con el Liverpool. Un gran momento para el Merengue, que este lunes, aprovech\u00f3 el envi\u00f3n para presentar [&hellip;]<\/p>\n","protected":false},"author":1,"featured_media":41620,"comment_status":"open","ping_status":"closed","sticky":false,"template":"","format":"standard","meta":[],"categories":[16],"tags":[],"_links":{"self":[{"href":"http:\/\/hoycordobaweb.com\/index.php\/wp-json\/wp\/v2\/posts\/41619"}],"collection":[{"href":"http:\/\/hoycordobaweb.com\/index.php\/wp-json\/wp\/v2\/posts"}],"about":[{"href":"http:\/\/hoycordobaweb.com\/index.php\/wp-json\/wp\/v2\/types\/post"}],"author":[{"embeddable":true,"href":"http:\/\/hoycordobaweb.com\/index.php\/wp-json\/wp\/v2\/users\/1"}],"replies":[{"embeddable":true,"href":"http:\/\/hoycordobaweb.com\/index.php\/wp-json\/wp\/v2\/comments?post=41619"}],"version-history":[{"count":0,"href":"http:\/\/hoycordobaweb.com\/index.php\/wp-json\/wp\/v2\/posts\/41619\/revisions"}],"wp:featuredmedia":[{"embeddable":true,"href":"http:\/\/hoycordobaweb.com\/index.php\/wp-json\/wp\/v2\/media\/41620"}],"wp:attachment":[{"href":"http:\/\/hoycordobaweb.com\/index.php\/wp-json\/wp\/v2\/media?parent=41619"}],"wp:term":[{"taxonomy":"category","embeddable":true,"href":"http:\/\/hoycordobaweb.com\/index.php\/wp-json\/wp\/v2\/categories?post=41619"},{"taxonomy":"post_tag","embeddable":true,"href":"http:\/\/hoycordobaweb.com\/index.php\/wp-json\/wp\/v2\/tags?post=41619"}],"curies":[{"name":"wp","href":"https:\/\/api.w.org\/{rel}","templated":true}]}}