{"id":41602,"date":"2022-05-15T18:39:00","date_gmt":"2022-05-15T18:39:00","guid":{"rendered":"https:\/\/fm-comunicar.com.ar\/contenido\/19214\/por-la-obra-del-viaducto-cortan-calle-don-bosco-en-su-salida-a-la-ruta-9"},"modified":"2022-05-15T18:39:00","modified_gmt":"2022-05-15T18:39:00","slug":"por-la-obra-del-viaducto-cortan-calle-don-bosco-en-su-salida-a-la-ruta-9","status":"publish","type":"post","link":"http:\/\/hoycordobaweb.com\/index.php\/2022\/05\/15\/por-la-obra-del-viaducto-cortan-calle-don-bosco-en-su-salida-a-la-ruta-9\/","title":{"rendered":"Por la obra del viaducto, cortan calle Don Bosco en su salida a la Ruta 9"},"content":{"rendered":"<p>La interrupci\u00f3n del tr\u00e1nsito en ese sector comenzar\u00e1 este lunes. Tampoco se podr\u00e1 usar la calle colectora (Alberdi entre Don Bosco y Avenida San Mart\u00edn). Extraer\u00e1n varios de los \u00e1rboles que est\u00e1n al costado de la Ruta.<img src=\"http:\/\/hoycordobaweb.com\/wp-content\/uploads\/2022\/05\/por-la-obra-del-viaducto-cortan-calle-don-bosco-en-su-salida-a-la-ruta-9.png\"><\/p>\n","protected":false},"excerpt":{"rendered":"<p>La interrupci\u00f3n del tr\u00e1nsito en ese sector comenzar\u00e1 este lunes. Tampoco se podr\u00e1 usar la calle colectora (Alberdi entre Don Bosco y Avenida San Mart\u00edn). Extraer\u00e1n varios de los \u00e1rboles que est\u00e1n al costado de la Ruta.<\/p>\n","protected":false},"author":1,"featured_media":41603,"comment_status":"closed","ping_status":"closed","sticky":false,"template":"","format":"standard","meta":[],"categories":[18],"tags":[],"_links":{"self":[{"href":"http:\/\/hoycordobaweb.com\/index.php\/wp-json\/wp\/v2\/posts\/41602"}],"collection":[{"href":"http:\/\/hoycordobaweb.com\/index.php\/wp-json\/wp\/v2\/posts"}],"about":[{"href":"http:\/\/hoycordobaweb.com\/index.php\/wp-json\/wp\/v2\/types\/post"}],"author":[{"embeddable":true,"href":"http:\/\/hoycordobaweb.com\/index.php\/wp-json\/wp\/v2\/users\/1"}],"replies":[{"embeddable":true,"href":"http:\/\/hoycordobaweb.com\/index.php\/wp-json\/wp\/v2\/comments?post=41602"}],"version-history":[{"count":0,"href":"http:\/\/hoycordobaweb.com\/index.php\/wp-json\/wp\/v2\/posts\/41602\/revisions"}],"wp:featuredmedia":[{"embeddable":true,"href":"http:\/\/hoycordobaweb.com\/index.php\/wp-json\/wp\/v2\/media\/41603"}],"wp:attachment":[{"href":"http:\/\/hoycordobaweb.com\/index.php\/wp-json\/wp\/v2\/media?parent=41602"}],"wp:term":[{"taxonomy":"category","embeddable":true,"href":"http:\/\/hoycordobaweb.com\/index.php\/wp-json\/wp\/v2\/categories?post=41602"},{"taxonomy":"post_tag","embeddable":true,"href":"http:\/\/hoycordobaweb.com\/index.php\/wp-json\/wp\/v2\/tags?post=41602"}],"curies":[{"name":"wp","href":"https:\/\/api.w.org\/{rel}","templated":true}]}}