{"id":41597,"date":"2022-05-13T12:27:55","date_gmt":"2022-05-13T12:27:55","guid":{"rendered":"https:\/\/fono.fcm.unc.edu.ar\/?p=9183"},"modified":"2022-05-13T12:27:55","modified_gmt":"2022-05-13T12:27:55","slug":"dia-de-la-fonoaudiologia-en-la-escuela","status":"publish","type":"post","link":"http:\/\/hoycordobaweb.com\/index.php\/2022\/05\/13\/dia-de-la-fonoaudiologia-en-la-escuela\/","title":{"rendered":"D\u00eda de la Fonoaudiolog\u00eda en la Escuela"},"content":{"rendered":"<p>As\u00ed comenzamos a celebrar nuestra disciplina durante la ma\u00f1ana de ayer, 12 de mayo.<\/p>\n<p>Webinar internacional abordando el tema de Procesamiento Auditivo Central, a cargo de la Dra. en Fg\u00eda. Mariana Medel (Universidad Andr\u00e9s Bello \u2013 Chile).<\/p>\n<p>Conversatorio \u00abEl rol sensible del profesional de la Fonoaudiolog\u00eda\u00bb a cargo de la Abog. Marta Lastra, Asesora parlamentaria en pol\u00edticas p\u00fablicas inclusivas, Legislatura y Consejo Deliberante de la ciudad de C\u00f3rdoba.<\/p>\n","protected":false},"excerpt":{"rendered":"<p>As\u00ed comenzamos a celebrar nuestra disciplina durante la ma\u00f1ana de ayer, 12 de mayo. Webinar internacional abordando el tema de Procesamiento Auditivo Central, a cargo de la Dra. en Fg\u00eda. Mariana Medel (Universidad Andr\u00e9s Bello \u2013 Chile). Conversatorio \u00abEl rol sensible del profesional de la Fonoaudiolog\u00eda\u00bb a cargo de la Abog. Marta Lastra, Asesora parlamentaria [&hellip;]<\/p>\n","protected":false},"author":1,"featured_media":0,"comment_status":"closed","ping_status":"closed","sticky":false,"template":"","format":"standard","meta":[],"categories":[1],"tags":[],"_links":{"self":[{"href":"http:\/\/hoycordobaweb.com\/index.php\/wp-json\/wp\/v2\/posts\/41597"}],"collection":[{"href":"http:\/\/hoycordobaweb.com\/index.php\/wp-json\/wp\/v2\/posts"}],"about":[{"href":"http:\/\/hoycordobaweb.com\/index.php\/wp-json\/wp\/v2\/types\/post"}],"author":[{"embeddable":true,"href":"http:\/\/hoycordobaweb.com\/index.php\/wp-json\/wp\/v2\/users\/1"}],"replies":[{"embeddable":true,"href":"http:\/\/hoycordobaweb.com\/index.php\/wp-json\/wp\/v2\/comments?post=41597"}],"version-history":[{"count":0,"href":"http:\/\/hoycordobaweb.com\/index.php\/wp-json\/wp\/v2\/posts\/41597\/revisions"}],"wp:attachment":[{"href":"http:\/\/hoycordobaweb.com\/index.php\/wp-json\/wp\/v2\/media?parent=41597"}],"wp:term":[{"taxonomy":"category","embeddable":true,"href":"http:\/\/hoycordobaweb.com\/index.php\/wp-json\/wp\/v2\/categories?post=41597"},{"taxonomy":"post_tag","embeddable":true,"href":"http:\/\/hoycordobaweb.com\/index.php\/wp-json\/wp\/v2\/tags?post=41597"}],"curies":[{"name":"wp","href":"https:\/\/api.w.org\/{rel}","templated":true}]}}