{"id":41593,"date":"2022-05-15T12:22:00","date_gmt":"2022-05-15T12:22:00","guid":{"rendered":"http:\/\/hoycordobaweb.com\/index.php\/2022\/05\/15\/eeuu-ofrecio-apoyo-a-la-familia-de-la-periodista-muerta-en-cisjordania\/"},"modified":"2022-05-15T12:22:00","modified_gmt":"2022-05-15T12:22:00","slug":"eeuu-ofrecio-apoyo-a-la-familia-de-la-periodista-muerta-en-cisjordania","status":"publish","type":"post","link":"http:\/\/hoycordobaweb.com\/index.php\/2022\/05\/15\/eeuu-ofrecio-apoyo-a-la-familia-de-la-periodista-muerta-en-cisjordania\/","title":{"rendered":"EEUU ofreci\u00f3 apoyo a la familia de la periodista muerta en Cisjordania"},"content":{"rendered":"<p><img src=\"http:\/\/hoycordobaweb.com\/wp-content\/uploads\/2022\/05\/eeuu-ofrecio-apoyo-a-la-familia-de-la-periodista-muerta-en-cisjordania.jpg\"><\/p>\n<figure class=\"mb-3\"><img loading=\"lazy\" src=\"http:\/\/hoycordobaweb.com\/wp-content\/uploads\/2022\/05\/eeuu-ofrecio-apoyo-a-la-familia-de-la-periodista-muerta-en-cisjordania-2.jpg\" width=\"100%\" height=\"100%\" alt=\"Blinken destac la labor periodstica de la reportera y la importancia de una prensa libre e independiente\"><figcaption> Blinken destac\u00f3 la labor period\u00edstica de la reportera y \u00abla importancia de una prensa libre e independiente\u00bb <\/figcaption><\/figure>\n<p>El secretario de Estado estadounidense, Antony Blinken, habl\u00f3 con la familia de la periodista palestina Shireen Abu Akleh, muerta de un disparo cuando cubr\u00eda una operaci\u00f3n militar israel\u00ed en Cisjordania, para expresarle su apoyo.<\/p>\n<p>Durante un vuelo hacia Berl\u00edn para asistir a una reuni\u00f3n de ministros de la OTAN,<strong> Blinken expres\u00f3 el s\u00e1bado su \u00absentido p\u00e9same\u00bb<\/strong> en una llamada a los familiares de Shireen Abu Akleh, indic\u00f3 este domingo un responsable del Departamento de Estado.<\/p>\n<p><strong>Blinken destac\u00f3 la labor period\u00edstica de la reportera y \u00abla importancia de una prensa libre e independiente\u00bb,<\/strong> dijo el responsable en Berl\u00edn, que requiri\u00f3 el anonimato, inform\u00f3 la agencia de noticias AFP.<\/p>\n<p><strong>El secretario de Estado ofreci\u00f3 adem\u00e1s el apoyo de los diplom\u00e1ticos estadounidenses en Jerusal\u00e9n a la familia de Abu Akleh<\/strong>, que tambi\u00e9n ten\u00eda la nacionalidad norteamericana.<\/p>\n<p><strong>Abu Akleh, destacada periodista de la televisi\u00f3n Al Jazeera, muri\u00f3 al recibir un disparo en la cabeza cuando cubr\u00eda una operaci\u00f3n militar israel\u00ed en el campo de refugiados de Jen\u00edn, en el norte de los territorios palestinos de Cisjordania, ocupados por Israel.<\/strong><\/p>\n<p>Al Jazeera afirma que Israel le dispar\u00f3 a \u00absangre fr\u00eda\u00bb.<\/p>\n<p>El primer ministro israel\u00ed, Naftali Bennett, dijo inicialmente que la reportera muri\u00f3 \u00abprobablemente\u00bb a consecuencia de disparos de combatientes palestinos.<\/p>\n<p>Pero unas horas m\u00e1s tarde, su ministro de Defensa, Benny Gantz, dijo que el Ej\u00e9rcito \u00abno est\u00e1 seguro\u00bb de c\u00f3mo fue asesinada.<\/p>\n<p>En su funeral el viernes, el f\u00e9retro de Shireen Abu Akleh estuvo a punto de caer durante una carga de las fuerzas de seguridad israel\u00edes.<\/p>\n<p>\u00abEstamos profundamente preocupados por las im\u00e1genes de la intrusi\u00f3n de la polic\u00eda israel\u00ed en la procesi\u00f3n funeraria\u00bb, critic\u00f3 entonces Blinken, sum\u00e1ndose a una oleada de cr\u00edticas internacionales.<\/p>\n<p>Israel anunci\u00f3 el s\u00e1bado que investigar\u00e1 la actuaci\u00f3n de sus agentes durante el entierro de la periodista. <\/p>\n","protected":false},"excerpt":{"rendered":"<p>Blinken destac\u00f3 la labor period\u00edstica de la reportera y \u00abla importancia de una prensa libre e independiente\u00bb El secretario de Estado estadounidense, Antony Blinken, habl\u00f3 con la familia de la periodista palestina Shireen Abu Akleh, muerta de un disparo cuando cubr\u00eda una operaci\u00f3n militar israel\u00ed en Cisjordania, para expresarle su apoyo. Durante un vuelo hacia [&hellip;]<\/p>\n","protected":false},"author":1,"featured_media":41594,"comment_status":"open","ping_status":"closed","sticky":false,"template":"","format":"standard","meta":[],"categories":[19],"tags":[],"_links":{"self":[{"href":"http:\/\/hoycordobaweb.com\/index.php\/wp-json\/wp\/v2\/posts\/41593"}],"collection":[{"href":"http:\/\/hoycordobaweb.com\/index.php\/wp-json\/wp\/v2\/posts"}],"about":[{"href":"http:\/\/hoycordobaweb.com\/index.php\/wp-json\/wp\/v2\/types\/post"}],"author":[{"embeddable":true,"href":"http:\/\/hoycordobaweb.com\/index.php\/wp-json\/wp\/v2\/users\/1"}],"replies":[{"embeddable":true,"href":"http:\/\/hoycordobaweb.com\/index.php\/wp-json\/wp\/v2\/comments?post=41593"}],"version-history":[{"count":0,"href":"http:\/\/hoycordobaweb.com\/index.php\/wp-json\/wp\/v2\/posts\/41593\/revisions"}],"wp:featuredmedia":[{"embeddable":true,"href":"http:\/\/hoycordobaweb.com\/index.php\/wp-json\/wp\/v2\/media\/41594"}],"wp:attachment":[{"href":"http:\/\/hoycordobaweb.com\/index.php\/wp-json\/wp\/v2\/media?parent=41593"}],"wp:term":[{"taxonomy":"category","embeddable":true,"href":"http:\/\/hoycordobaweb.com\/index.php\/wp-json\/wp\/v2\/categories?post=41593"},{"taxonomy":"post_tag","embeddable":true,"href":"http:\/\/hoycordobaweb.com\/index.php\/wp-json\/wp\/v2\/tags?post=41593"}],"curies":[{"name":"wp","href":"https:\/\/api.w.org\/{rel}","templated":true}]}}