{"id":41573,"date":"2022-05-15T01:48:42","date_gmt":"2022-05-15T01:48:42","guid":{"rendered":"https:\/\/www.ole.com.ar\/futbol-internacional\/corinthians-inter-boca-brasil_0_YFP46C439z.html"},"modified":"2022-05-15T01:48:42","modified_gmt":"2022-05-15T01:48:42","slug":"corinthians-empato-con-inter-y-le-denunciaron-a-un-jugador","status":"publish","type":"post","link":"http:\/\/hoycordobaweb.com\/index.php\/2022\/05\/15\/corinthians-empato-con-inter-y-le-denunciaron-a-un-jugador\/","title":{"rendered":"Corinthians empat\u00f3 con Inter y le denunciaron a un jugador"},"content":{"rendered":"<p><img src=\"http:\/\/hoycordobaweb.com\/wp-content\/uploads\/2022\/05\/corinthians-empato-con-inter-y-le-denunciaron-a-un-jugador.jpg\"><\/p>\n<p><strong>El <a alt=\"corinthians\" class=\"slug\" href=\"https:\/\/www.ole.com.ar\/tema\/corinthians.html\" target=\"_blank\" title=\"corinthians\" rel=\"noopener noreferrer\">Corinthians <\/a>jug\u00f3 casi al mismo tiempo que <a href=\"https:\/\/www.ole.com.ar\/boca-juniors\/\" target=\"_blank\" rel=\"noopener noreferrer\">Boca<\/a><\/strong>, su rival del pr\u00f3ximo martes en la Bombonera por la <a alt=\"copa-libertadores\" class=\"slug\" href=\"https:\/\/www.ole.com.ar\/tema\/copa-libertadores.html\" target=\"_blank\" title=\"copa-libertadores\" rel=\"noopener noreferrer\">Copa Libertadores<\/a>. El Timao sac\u00f3 <strong>un buen empate 2 a 2 ante el Inter en Porto Alegre<\/strong> y por ahora es l\u00edder del Brasileirao. El resultado tuvo una mirada positiva porque el Timao perd\u00eda 2 a 1 hasta el final del primer tiempo, pero igual\u00f3 en la segunda etapa gracias al tanto de Jo.<\/p>\n<p>El 1 a 0 hab\u00eda sido de Gustavo Bilcalho. El equipo paulista mostr\u00f3 buenas asociaciones ofensivas y tuvo 15 llegadas al arco, con 56% de posesi\u00f3n de pelota. Aunque el d\u00e9ficit estuvo en defensa, donde no expuso solidez constante.<\/p>\n<p>De todas maneras, tras el match se le gener\u00f3 un problema al club. El lateral derecho Rafael Campos, uno de los puntos m\u00e1s bajos del equipo ante el Colorado, fue denunciado por haberle dicho \u00abmacaco\u00bb a Edenilson, jugador del equipo local. <\/p>\n<div class=\"sp__Normal\">\n<div class=\"image-embeb image-trigger\">\n<picture><source media=\"(min-width: 720px)\" srcset=\"http:\/\/hoycordobaweb.com\/wp-content\/uploads\/2022\/05\/corinthians-empato-con-inter-y-le-denunciaron-a-un-jugador-2.jpg\"><img itemprop=\"image\" src=\"http:\/\/hoycordobaweb.com\/wp-content\/uploads\/2022\/05\/corinthians-empato-con-inter-y-le-denunciaron-a-un-jugador-2.jpg\" loading=\"lazy\" alt=\"Corinthians vs. Inter.\">\n<\/picture><figcaption>\n<p>Corinthians vs. Inter.\n<\/p>\n<\/figcaption><\/div>\n<\/div>\n<p>Aunque este futbolista no ser\u00eda titular contra el Xeneize. El t\u00e9cnico Victor Pereira espera la recuperaci\u00f3n de Fagner, que no viaj\u00f3 a enfrentar al Inter por algunas molestias y espera que est\u00e9 recuperado ante Boca.<\/p>\n<p>El entrenador har\u00eda modificaciones, lo cual es una constante en esta temporada. Un probable once contra Boca ser\u00eda as\u00ed: C\u00e1ssio; Fagner, Joao Victor, Raul Gustavo y F\u00e1bio Santos; Maycon, Du Queiroz y Giuliano o Renato; Gustavo Silva, Jo y Adson o Willian.<\/p>\n<div class=\"sp__SM\">\n<div class=\"content-new \">\n<span class=\"tit-mobile\">Mir\u00e1 tambi\u00e9n<\/span><\/p>\n<div class=\"mg\">\n<div class=\"wrap-figure\">\n<picture>\n<a href=\"https:\/\/www.ole.com.ar\/futbol-primera\/rolon-accidente-gol-brasil_0_Dq6yKjrU60.html\" target=\"_self\" rel=\"noopener noreferrer\"><br \/>\n<img class=\"img-responsive\" alt=\"Rol\u00f3n y el gol a Brasil en el Sudamericano Sub 20 de 2015\" src=\"http:\/\/hoycordobaweb.com\/wp-content\/uploads\/2022\/05\/corinthians-empato-con-inter-y-le-denunciaron-a-un-jugador-3.jpg\" loading=\"lazy\"><br \/>\n<\/a>\n<\/picture>\n<\/div>\n<\/div><\/div>\n<\/div>\n<p>De ser as\u00ed, solo repetir\u00edan cuatro futbolistas de los que iniciaron contra el Inter.&nbsp;&nbsp;<\/p>\n<div class=\"sp__SM\">\n<div class=\"content-new \">\n<span class=\"tit-mobile\">Mir\u00e1 tambi\u00e9n<\/span><\/p>\n<div class=\"mg\">\n<div class=\"wrap-figure\">\n<picture>\n<a href=\"https:\/\/www.ole.com.ar\/futbol-primera\/rolon-accidente-muerte-santos_0_sSKkA2egpy.html\" target=\"_self\" rel=\"noopener noreferrer\"><br \/>\n<img class=\"img-responsive\" alt=\"Muri\u00f3 Maxi Rol\u00f3n en un accidente de tr\u00e1nsito\" src=\"http:\/\/hoycordobaweb.com\/wp-content\/uploads\/2022\/05\/corinthians-empato-con-inter-y-le-denunciaron-a-un-jugador-4.jpg\" loading=\"lazy\"><br \/>\n<\/a>\n<\/picture>\n<\/div>\n<\/div><\/div>\n<\/div>\n<p><opta-widget sport=\"football\" widget=\"timeline\" competition=\"363\" season=\"2022\" match=\"2276383\" template=\"normal\" live=\"true\" orientation=\"horizontal\" vertical_timebar_height=\"260\" show_match_header=\"true\" show_score=\"true\" show_crests=\"true\" show_assists=\"all\" show_team_formation=\"true\" show_clock=\"true\" show_period_dividers=\"true\" show_halftime_score=\"false\" show_date=\"true\" date_format=\"dddd D MMMM YYYY\" show_attendance=\"true\" show_images=\"true\" show_referee=\"true\" show_venue=\"true\" show_cards=\"all\" show_goals=\"true\" show_penalties_missed=\"true\" show_subs=\"false\" show_goals_combined=\"false\" show_shootouts=\"false\" show_competition_name=\"true\" competition_naming=\"full\" team_naming=\"full\" player_naming=\"full\" show_live=\"true\" show_logo=\"false\" show_title=\"true\" breakpoints=\"400, 700\"><\/opta-widget><opta-widget sport=\"football\" widget=\"matchstats\" competition=\"363\" season=\"2022\" match=\"2276383\" template=\"lineups\" live=\"true\" side=\"both\" column_count=\"1\" side_by_side=\"true\" show_match_header=\"true\" show_score=\"true\" show_halftime_score=\"false\" show_crests=\"false\" show_team_formation=\"true\" show_competition_name=\"true\" show_date=\"false\" date_format=\"dddd D MMMM YYYY\" order_by=\"position\" group_by_position=\"false\" show_position=\"true\" show_images=\"false\" show_key=\"false\" show_starters=\"true\" show_goalkeepers=\"true\" show_defenders=\"true\" show_midfielders=\"true\" show_forwards=\"true\" show_subs=\"true\" show_unused_subs=\"false\" show_managers=\"true\" show_captain=\"false\" show_match_events=\"true\" competition_naming=\"full\" team_naming=\"full\" player_naming=\"full\" show_live=\"false\" show_logo=\"false\" show_title=\"true\" breakpoints=\"400, 700\"><\/opta-widget><opta-widget widget=\"commentary\" competition=\"363\" season=\"2022\" match=\"2276383\" template=\"normal\" live=\"true\" data_type=\"auto\" order_by=\"time_descending\" show_event_icons=\"true\" show_minor_events=\"true\" fixed_height_comments=\"300\" show_live=\"true\" show_logo=\"false\" show_title=\"true\" breakpoints=\"400\" sport=\"football\"><\/opta-widget><opta-widget sport=\"football\" widget=\"heatmap\" competition=\"363\" season=\"2022\" match=\"2276383\" preselected_player template=\"normal\" live=\"true\" show_maps=\"all\" orientation=\"horizontal\" side=\"both\" dimension=\"2D\" one_direction=\"false\" show_match_header=\"true\" show_score=\"true\" show_halftime_score=\"false\" show_crests=\"false\" show_team_formation=\"true\" show_competition_name=\"true\" show_date=\"true\" date_format=\"dddd D MMMM YYYY\" show_team_sheets=\"true\" show_subs=\"true\" show_position=\"true\" show_timecontrols=\"true\" show_timecontrols_buttons=\"true\" show_timecontrols_bar=\"true\" show_tooltips=\"false\" competition_naming=\"full\" team_naming=\"full\" player_naming=\"full\" show_logo=\"false\" show_title=\"true\" breakpoints=\"400, 700\"><\/opta-widget><opta-widget widget=\"standings\" competition=\"363\" season=\"2022\" template=\"normal\" live=\"true\" default_nav=\"1\" side=\"combined\" data_detail=\"default\" show_key=\"true\" show_crests=\"true\" points_in_first_column=\"true\" lose_before_draw=\"false\" competition_naming=\"full\" team_naming=\"full\" date_format=\"dddd D MMMM YYYY\" sorting=\"false\" show_live=\"false\" show_relegation_average=\"true\" show_logo=\"true\" show_title=\"true\" breakpoints=\"382\" sport=\"football\"><\/opta-widget> <\/p>\n<div class=\"entry-tags\">\n<h2>TEMAS QUE APARECEN EN ESTA NOTA<\/h2>\n<\/p><\/div>\n","protected":false},"excerpt":{"rendered":"<p>El Corinthians jug\u00f3 casi al mismo tiempo que Boca, su rival del pr\u00f3ximo martes en la Bombonera por la Copa Libertadores. El Timao sac\u00f3 un buen empate 2 a 2 ante el Inter en Porto Alegre y por ahora es l\u00edder del Brasileirao. El resultado tuvo una mirada positiva porque el Timao perd\u00eda 2 a [&hellip;]<\/p>\n","protected":false},"author":1,"featured_media":41574,"comment_status":"open","ping_status":"closed","sticky":false,"template":"","format":"standard","meta":[],"categories":[16],"tags":[],"_links":{"self":[{"href":"http:\/\/hoycordobaweb.com\/index.php\/wp-json\/wp\/v2\/posts\/41573"}],"collection":[{"href":"http:\/\/hoycordobaweb.com\/index.php\/wp-json\/wp\/v2\/posts"}],"about":[{"href":"http:\/\/hoycordobaweb.com\/index.php\/wp-json\/wp\/v2\/types\/post"}],"author":[{"embeddable":true,"href":"http:\/\/hoycordobaweb.com\/index.php\/wp-json\/wp\/v2\/users\/1"}],"replies":[{"embeddable":true,"href":"http:\/\/hoycordobaweb.com\/index.php\/wp-json\/wp\/v2\/comments?post=41573"}],"version-history":[{"count":0,"href":"http:\/\/hoycordobaweb.com\/index.php\/wp-json\/wp\/v2\/posts\/41573\/revisions"}],"wp:featuredmedia":[{"embeddable":true,"href":"http:\/\/hoycordobaweb.com\/index.php\/wp-json\/wp\/v2\/media\/41574"}],"wp:attachment":[{"href":"http:\/\/hoycordobaweb.com\/index.php\/wp-json\/wp\/v2\/media?parent=41573"}],"wp:term":[{"taxonomy":"category","embeddable":true,"href":"http:\/\/hoycordobaweb.com\/index.php\/wp-json\/wp\/v2\/categories?post=41573"},{"taxonomy":"post_tag","embeddable":true,"href":"http:\/\/hoycordobaweb.com\/index.php\/wp-json\/wp\/v2\/tags?post=41573"}],"curies":[{"name":"wp","href":"https:\/\/api.w.org\/{rel}","templated":true}]}}