{"id":41561,"date":"2022-05-12T15:26:06","date_gmt":"2022-05-12T15:26:06","guid":{"rendered":"https:\/\/manoamanocba.com.ar\/?p=5257"},"modified":"2022-05-12T15:26:06","modified_gmt":"2022-05-12T15:26:06","slug":"cordoba-en-otono-show-gratuito-del-rey-pelusa-y-lore-jimenez","status":"publish","type":"post","link":"http:\/\/hoycordobaweb.com\/index.php\/2022\/05\/12\/cordoba-en-otono-show-gratuito-del-rey-pelusa-y-lore-jimenez\/","title":{"rendered":"C\u00f3rdoba en Oto\u00f1o: show gratuito del Rey Pelusa y Lore Jim\u00e9nez"},"content":{"rendered":"<div><img src=\"http:\/\/hoycordobaweb.com\/wp-content\/uploads\/2022\/05\/cordoba-en-otono-show-gratuito-del-rey-pelusa-y-lore-jimenez.jpg\" class=\"ff-og-image-inserted\"><\/div>\n<p>Llega una nueva edici\u00f3n del <strong>C\u00f3rdoba en Oto\u00f1o<\/strong>, el ciclo que recorre la ciudad de C\u00f3rdoba para llevar m\u00fasica a los barrios.<\/p>\n<p>En esta oportunidad, el evento llega a <strong>barrio Las Palmas<\/strong>, este domingo 15 de mayo, al <strong>aire libre y de manera libre y gratuita<\/strong>.<\/p>\n<p><em>\u201cQueremos que la gente de a pie pueda tambi\u00e9n acceder a este tipo de shows de manera libre y gratuita, como forma de democratizar la cultura y favorecer el acceso a tambi\u00e9n a estas manifestaciones art\u00edsticas\u201d<\/em>, se\u00f1al\u00f3 Mariano Almada, secretario de Cultura y Juventud.<\/p>\n<p>El funcionario destac\u00f3 tambi\u00e9n la decisi\u00f3n del intendente Mart\u00edn Llaryora de llevar estos espect\u00e1culos a los barrios de C\u00f3rdoba, facilitando as\u00ed el encuentro de la gente con los artistas.<\/p>\n<p>El show, que comenzar\u00e1 a las 15, estar\u00e1 encabezado por el <strong>Rey Pelusa<\/strong> y contar\u00e1 adem\u00e1s con la presentaci\u00f3n de Lore <strong>Jim\u00e9nez, Nicol\u00e1s Villa y Willy Magia<\/strong>.<\/p>\n<p>El escenario estar\u00e1 ubicado en el predio frente al Club Las Palmas, en la esquina de Juan Garc\u00eda Mart\u00ednez y Yavi.<\/p>\n<p>Las ediciones anteriores, realizadas en barrio San Vicente y Arg\u00fcello Norte, tuvieron como protagonistas a Valeria Lynch, El Paz Mart\u00ednez, Magui Olave, Jean Carlos, Small Jazz Band, Campedrinos, Pablo Lozano y Brisas del Norte.<\/p>\n","protected":false},"excerpt":{"rendered":"<p>Llega una nueva edici\u00f3n del C\u00f3rdoba en Oto\u00f1o, el ciclo que recorre la ciudad de C\u00f3rdoba para llevar m\u00fasica a los barrios. En esta oportunidad, el evento llega a barrio Las Palmas, este domingo 15 de mayo, al aire libre y de manera libre y gratuita. \u201cQueremos que la gente de a pie pueda tambi\u00e9n [&hellip;]<\/p>\n","protected":false},"author":1,"featured_media":41562,"comment_status":"closed","ping_status":"closed","sticky":false,"template":"","format":"standard","meta":[],"categories":[19],"tags":[],"_links":{"self":[{"href":"http:\/\/hoycordobaweb.com\/index.php\/wp-json\/wp\/v2\/posts\/41561"}],"collection":[{"href":"http:\/\/hoycordobaweb.com\/index.php\/wp-json\/wp\/v2\/posts"}],"about":[{"href":"http:\/\/hoycordobaweb.com\/index.php\/wp-json\/wp\/v2\/types\/post"}],"author":[{"embeddable":true,"href":"http:\/\/hoycordobaweb.com\/index.php\/wp-json\/wp\/v2\/users\/1"}],"replies":[{"embeddable":true,"href":"http:\/\/hoycordobaweb.com\/index.php\/wp-json\/wp\/v2\/comments?post=41561"}],"version-history":[{"count":0,"href":"http:\/\/hoycordobaweb.com\/index.php\/wp-json\/wp\/v2\/posts\/41561\/revisions"}],"wp:featuredmedia":[{"embeddable":true,"href":"http:\/\/hoycordobaweb.com\/index.php\/wp-json\/wp\/v2\/media\/41562"}],"wp:attachment":[{"href":"http:\/\/hoycordobaweb.com\/index.php\/wp-json\/wp\/v2\/media?parent=41561"}],"wp:term":[{"taxonomy":"category","embeddable":true,"href":"http:\/\/hoycordobaweb.com\/index.php\/wp-json\/wp\/v2\/categories?post=41561"},{"taxonomy":"post_tag","embeddable":true,"href":"http:\/\/hoycordobaweb.com\/index.php\/wp-json\/wp\/v2\/tags?post=41561"}],"curies":[{"name":"wp","href":"https:\/\/api.w.org\/{rel}","templated":true}]}}