{"id":41548,"date":"2022-05-14T11:44:00","date_gmt":"2022-05-14T11:44:00","guid":{"rendered":"https:\/\/fm-comunicar.com.ar\/contenido\/19210\/vuelve-el-programa-carnet-joven-para-caroyenses-de-17-a-19-anos"},"modified":"2022-05-14T11:44:00","modified_gmt":"2022-05-14T11:44:00","slug":"vuelve-el-programa-carnet-joven-para-caroyenses-de-17-a-19-anos","status":"publish","type":"post","link":"http:\/\/hoycordobaweb.com\/index.php\/2022\/05\/14\/vuelve-el-programa-carnet-joven-para-caroyenses-de-17-a-19-anos\/","title":{"rendered":"Vuelve el programa Carnet Joven para caroyenses de 17 a 19 a\u00f1os"},"content":{"rendered":"<p>El municipio les brindar\u00e1 capacitaciones te\u00f3ricas y pr\u00e1cticas para que puedan obtener su primera licencia de conducir gratuita por un a\u00f1o. Antes deber\u00e1n rendir el examen obligatorio y completar el proceso administrativo.<img src=\"http:\/\/hoycordobaweb.com\/wp-content\/uploads\/2022\/05\/vuelve-el-programa-carnet-joven-para-caroyenses-de-17-a-19-anos.jpg\"><\/p>\n","protected":false},"excerpt":{"rendered":"<p>El municipio les brindar\u00e1 capacitaciones te\u00f3ricas y pr\u00e1cticas para que puedan obtener su primera licencia de conducir gratuita por un a\u00f1o. Antes deber\u00e1n rendir el examen obligatorio y completar el proceso administrativo.<\/p>\n","protected":false},"author":1,"featured_media":41549,"comment_status":"closed","ping_status":"closed","sticky":false,"template":"","format":"standard","meta":[],"categories":[18],"tags":[],"_links":{"self":[{"href":"http:\/\/hoycordobaweb.com\/index.php\/wp-json\/wp\/v2\/posts\/41548"}],"collection":[{"href":"http:\/\/hoycordobaweb.com\/index.php\/wp-json\/wp\/v2\/posts"}],"about":[{"href":"http:\/\/hoycordobaweb.com\/index.php\/wp-json\/wp\/v2\/types\/post"}],"author":[{"embeddable":true,"href":"http:\/\/hoycordobaweb.com\/index.php\/wp-json\/wp\/v2\/users\/1"}],"replies":[{"embeddable":true,"href":"http:\/\/hoycordobaweb.com\/index.php\/wp-json\/wp\/v2\/comments?post=41548"}],"version-history":[{"count":0,"href":"http:\/\/hoycordobaweb.com\/index.php\/wp-json\/wp\/v2\/posts\/41548\/revisions"}],"wp:featuredmedia":[{"embeddable":true,"href":"http:\/\/hoycordobaweb.com\/index.php\/wp-json\/wp\/v2\/media\/41549"}],"wp:attachment":[{"href":"http:\/\/hoycordobaweb.com\/index.php\/wp-json\/wp\/v2\/media?parent=41548"}],"wp:term":[{"taxonomy":"category","embeddable":true,"href":"http:\/\/hoycordobaweb.com\/index.php\/wp-json\/wp\/v2\/categories?post=41548"},{"taxonomy":"post_tag","embeddable":true,"href":"http:\/\/hoycordobaweb.com\/index.php\/wp-json\/wp\/v2\/tags?post=41548"}],"curies":[{"name":"wp","href":"https:\/\/api.w.org\/{rel}","templated":true}]}}