{"id":41517,"date":"2022-05-13T22:55:19","date_gmt":"2022-05-13T22:55:19","guid":{"rendered":"https:\/\/www.ole.com.ar\/futbol-internacional\/cruz-lista-uruguay-qatar_0_xgLtpYj379.html"},"modified":"2022-05-13T22:55:19","modified_gmt":"2022-05-13T22:55:19","slug":"de-la-cruz-en-la-lista-de-uruguay","status":"publish","type":"post","link":"http:\/\/hoycordobaweb.com\/index.php\/2022\/05\/13\/de-la-cruz-en-la-lista-de-uruguay\/","title":{"rendered":"De la Cruz en la lista de Uruguay"},"content":{"rendered":"<p><img src=\"http:\/\/hoycordobaweb.com\/wp-content\/uploads\/2022\/05\/de-la-cruz-en-la-lista-de-uruguay.jpg\"><\/p>\n<p><strong>El t\u00e9cnico de Uruguay, Diego Alonso, dio una lista de 35 futbolistas para los amistosos que la Celeste<\/strong> jugar\u00e1 el jueves 2 de junio en Arizona ante M\u00e9xico, el domingo 5 en Kansas City con Estados Unidos y el 11 contra Jamaica en el Centenario de Montevideo. <strong>Entre los seleccionados est\u00e1 Nico de la Cruz, volante de River.<\/strong><\/p>\n<p>Tambi\u00e9n sigue el arquero <a alt=\"sebastian-sosa\" class=\"slug\" href=\"https:\/\/www.ole.com.ar\/tema\/sebastian-sosa.html\" target=\"_blank\" title=\"sebastian-sosa\" rel=\"noopener noreferrer\">Sebasti\u00e1n Sosa<\/a>, de Independiente, una fija de Alonso, que en la etapa de <a alt=\"oscar-wahington-tabarez\" class=\"slug\" href=\"https:\/\/www.ole.com.ar\/tema\/oscar-wahington-tabarez.html\" target=\"_blank\" title=\"oscar-wahington-tabarez\" rel=\"noopener noreferrer\">Oscar Washington Tab\u00e1rez <\/a>no entr\u00f3 en la consideraci\u00f3n.<\/p>\n<p>En cambio, <a alt=\"naithan-nandez\" class=\"slug\" href=\"https:\/\/www.ole.com.ar\/tema\/naithan-nandez.html\" target=\"_blank\" title=\"naithan-nandez\" rel=\"noopener noreferrer\">Nahitan N\u00e1ndez<\/a>, del Cagliari, no est\u00e1 en la n\u00f3mina, una se\u00f1al de que el ex Boca dif\u00edcilmente est\u00e9 para el Mundial de Qatar. <\/p>\n<div class=\"sp__Normal\">\n<div class=\"image-embeb image-trigger\" readability=\"6.5\">\n<picture><source media=\"(min-width: 720px)\" srcset=\"http:\/\/hoycordobaweb.com\/wp-content\/uploads\/2022\/05\/de-la-cruz-en-la-lista-de-uruguay-2.jpg\"><img itemprop=\"image\" src=\"http:\/\/hoycordobaweb.com\/wp-content\/uploads\/2022\/05\/de-la-cruz-en-la-lista-de-uruguay-2.jpg\" loading=\"lazy\" alt=\"Diego Alonso, DT de Uruguay.\">\n<\/picture><figcaption readability=\"3\">\n<p>Diego Alonso, DT de Uruguay.\n<\/p>\n<\/figcaption><\/div>\n<\/div>\n<div class=\"sp__SM\">\n<div class=\"content-new \">\n<span class=\"tit-mobile\">Mir\u00e1 tambi\u00e9n<\/span><\/p>\n<div class=\"mg\">\n<div class=\"wrap-figure\">\n<picture>\n<a href=\"https:\/\/www.ole.com.ar\/futbol-internacional\/covid-colo-colo-river_0_tX4Wzp7kFm.html\" target=\"_self\" rel=\"noopener noreferrer\"><br \/>\n<img class=\"img-responsive\" alt=\"Caso de Covid-19 en el pr\u00f3ximo rival de River en la Libertadores\" src=\"http:\/\/hoycordobaweb.com\/wp-content\/uploads\/2022\/05\/de-la-cruz-en-la-lista-de-uruguay-3.jpg\" loading=\"lazy\"><br \/>\n<\/a>\n<\/picture>\n<\/div>\n<\/div><\/div>\n<\/div>\n<h2><strong>La lista<\/strong><\/h2>\n<p><strong>Arqueros<\/strong>: Fernando Muslera (Galatasaray), Sergio Rochet (Nacional), <a alt=\"sebastian-sosa\" class=\"slug\" href=\"https:\/\/www.ole.com.ar\/tema\/sebastian-sosa.html\" target=\"_blank\" title=\"sebastian-sosa\" rel=\"noopener noreferrer\">Sebasti\u00e1n Sosa<\/a> (Independiente), Guillermo de Amores (Deportivo Cali).<\/p>\n<p><strong>Defensores<\/strong>: Diego God\u00edn (Atl\u00e9tico Mineiro), Jos\u00e9 Mar\u00eda Gim\u00e9nez (Atl\u00e9tico de Madrid), Ronald Araujo (Barcelona), Sebasti\u00e1n Coates (Sporting Lisboa), Mart\u00edn C\u00e1ceres (Levante), Sebasti\u00e1n C\u00e1ceres (Am\u00e9rica de M\u00e9xico), Leandro Cabrera (Espanyol), Guillermo Varela (D\u00ednamo Mosc\u00fa), Dami\u00e1n Su\u00e1rez (Getafe), Mat\u00edas Vi\u00f1a (Roma), Math\u00edas Olivera (Getafe).<\/p>\n<div class=\"sp__Normal\">\n<div class=\"image-embeb image-trigger\" readability=\"6\">\n<picture><source media=\"(min-width: 720px)\" srcset=\"http:\/\/hoycordobaweb.com\/wp-content\/uploads\/2022\/05\/de-la-cruz-en-la-lista-de-uruguay-4.jpg\"><img itemprop=\"image\" src=\"http:\/\/hoycordobaweb.com\/wp-content\/uploads\/2022\/05\/de-la-cruz-en-la-lista-de-uruguay-4.jpg\" loading=\"lazy\" alt=\"Diego God\u00edn y Luis Su\u00e1rez en Uruguay.\">\n<\/picture><figcaption readability=\"2\">\n<p>Diego God\u00edn y Luis Su\u00e1rez en Uruguay.\n<\/p>\n<\/figcaption><\/div>\n<\/div>\n<p><strong>Volantes<\/strong>: Lucas Torreira (Fiorentina), Mat\u00edas Vecino (Inter), Rodrigo Bentancur (Tottenham), Mauro Arambarri (Getafe), Manuel Ugarte (Sporting de Lisboa), Fernando Gorriar\u00e1n (Santos de M\u00e9xico), Giorgian De Arrascaeta (Flamengo), Facundo Torres (Orlando City), <a alt=\"nico-de-la-cruz\" class=\"slug\" href=\"https:\/\/www.ole.com.ar\/tema\/nico-de-la-cruz.html\" target=\"_blank\" title=\"nico-de-la-cruz\" rel=\"noopener noreferrer\">Nicol\u00e1s de la Cruz<\/a> (River Plate), Federico Valverde (Real Madrid), Facundo Pellistri (Alav\u00e9s), Agust\u00edn Canobbio (Athletico Paranaense), Brian Ocampo (Nacional).<\/p>\n<p><strong>Delanteros<\/strong>: Mart\u00edn Satriano (Brest), Diego Rossi (Fenerbahce), Luis Su\u00e1rez (Atl\u00e9tico de Madrid), Edinson Cavani (Manchester United), Darwin N\u00fa\u00f1ez (Benfica), Maximiliano G\u00f3mez (Valencia) y Nicol\u00e1s L\u00f3pez (Tigres de M\u00e9xico).&nbsp;<\/p>\n<div class=\"sp__SM\">\n<div class=\"content-new \">\n<span class=\"tit-mobile\">Mir\u00e1 tambi\u00e9n<\/span><\/p>\n<div class=\"mg\">\n<div class=\"wrap-figure\">\n<picture>\n<a href=\"https:\/\/www.ole.com.ar\/seleccion\/marcos-senesi-seleccion-sorpresa-italia_0_odhmQaA6VH.html\" target=\"_self\" rel=\"noopener noreferrer\"><br \/>\n<img class=\"img-responsive\" alt=\"Senesi: c\u00f3mo le fue en el Feyenoord y su deseo de jugar en la Selecci\u00f3n\" src=\"http:\/\/hoycordobaweb.com\/wp-content\/uploads\/2022\/05\/de-la-cruz-en-la-lista-de-uruguay-5.jpg\" loading=\"lazy\"><br \/>\n<\/a>\n<\/picture>\n<\/div>\n<\/div><\/div>\n<\/div>\n<p>Para el Mundial que se disputar\u00e1 entre el 21 de noviembre y el 18 de diciembre la selecci\u00f3n de Uruguay participar\u00e1 en el Grupo H, contra Portugal, Ghana y Corea del Sur. Los charr\u00faas alcanzaron el tercer puesto de las Eliminatorias de Sudam\u00e9rica.<\/p>\n<div class=\"entry-tags\">\n<h2>TEMAS QUE APARECEN EN ESTA NOTA<\/h2>\n<\/p><\/div>\n","protected":false},"excerpt":{"rendered":"<p>El t\u00e9cnico de Uruguay, Diego Alonso, dio una lista de 35 futbolistas para los amistosos que la Celeste jugar\u00e1 el jueves 2 de junio en Arizona ante M\u00e9xico, el domingo 5 en Kansas City con Estados Unidos y el 11 contra Jamaica en el Centenario de Montevideo. Entre los seleccionados est\u00e1 Nico de la Cruz, [&hellip;]<\/p>\n","protected":false},"author":1,"featured_media":41518,"comment_status":"open","ping_status":"closed","sticky":false,"template":"","format":"standard","meta":[],"categories":[16],"tags":[],"_links":{"self":[{"href":"http:\/\/hoycordobaweb.com\/index.php\/wp-json\/wp\/v2\/posts\/41517"}],"collection":[{"href":"http:\/\/hoycordobaweb.com\/index.php\/wp-json\/wp\/v2\/posts"}],"about":[{"href":"http:\/\/hoycordobaweb.com\/index.php\/wp-json\/wp\/v2\/types\/post"}],"author":[{"embeddable":true,"href":"http:\/\/hoycordobaweb.com\/index.php\/wp-json\/wp\/v2\/users\/1"}],"replies":[{"embeddable":true,"href":"http:\/\/hoycordobaweb.com\/index.php\/wp-json\/wp\/v2\/comments?post=41517"}],"version-history":[{"count":0,"href":"http:\/\/hoycordobaweb.com\/index.php\/wp-json\/wp\/v2\/posts\/41517\/revisions"}],"wp:featuredmedia":[{"embeddable":true,"href":"http:\/\/hoycordobaweb.com\/index.php\/wp-json\/wp\/v2\/media\/41518"}],"wp:attachment":[{"href":"http:\/\/hoycordobaweb.com\/index.php\/wp-json\/wp\/v2\/media?parent=41517"}],"wp:term":[{"taxonomy":"category","embeddable":true,"href":"http:\/\/hoycordobaweb.com\/index.php\/wp-json\/wp\/v2\/categories?post=41517"},{"taxonomy":"post_tag","embeddable":true,"href":"http:\/\/hoycordobaweb.com\/index.php\/wp-json\/wp\/v2\/tags?post=41517"}],"curies":[{"name":"wp","href":"https:\/\/api.w.org\/{rel}","templated":true}]}}