{"id":41507,"date":"2022-05-14T11:22:50","date_gmt":"2022-05-14T11:22:50","guid":{"rendered":"https:\/\/www.ole.com.ar\/copa-argentina\/grandes-uruguay-copa-argentina_0_Cacz9eejQz.html"},"modified":"2022-05-14T11:22:50","modified_gmt":"2022-05-14T11:22:50","slug":"los-grandes-de-uruguay-se-suman-a-la-copa-argentina","status":"publish","type":"post","link":"http:\/\/hoycordobaweb.com\/index.php\/2022\/05\/14\/los-grandes-de-uruguay-se-suman-a-la-copa-argentina\/","title":{"rendered":"\u00bfLos grandes de Uruguay se suman a la Copa Argentina?"},"content":{"rendered":"<p><img src=\"http:\/\/hoycordobaweb.com\/wp-content\/uploads\/2022\/05\/los-grandes-de-uruguay-se-suman-a-la-copa-argentina.jpg\"><\/p>\n<p>Algunos d\u00edas atr\u00e1s, sobrevol\u00f3 la idea de que los dos equipos m\u00e1s grandes de Uruguay, <strong><a alt=\"penarol\" class=\"slug\" href=\"https:\/\/www.ole.com.ar\/tema\/penarol.html\" target=\"_blank\" title=\"penarol\" rel=\"noopener noreferrer\">Pe\u00f1arol <\/a>y <a alt=\"nacional-de-montevideo\" class=\"slug\" href=\"https:\/\/www.ole.com.ar\/tema\/nacional-de-montevideo.html\" target=\"_blank\" title=\"nacional-de-montevideo\" rel=\"noopener noreferrer\">Nacional<\/a>, ten\u00edan intenciones de sumarse a la <a alt=\"copa-argentina\" class=\"slug\" href=\"https:\/\/www.ole.com.ar\/tema\/copa-argentina.html\" target=\"_blank\" title=\"copa-argentina\" rel=\"noopener noreferrer\">Copa Argentina<\/a><\/strong> y ahora fueron sus propios presidentes quienes hablaron de dicha posibilidad, con el objetivo de \u00abelevar la vara\u00bb, luego de plantearla antes algunos dirigentes locales.<\/p>\n<div class=\"sp__SM\">\n<div class=\"content-new \">\n<span class=\"tit-mobile\">Mir\u00e1 tambi\u00e9n<\/span><\/p>\n<div class=\"mg\">\n<div class=\"wrap-figure\">\n<picture>\n<a href=\"https:\/\/www.ole.com.ar\/copa-argentina\/rosario-central-sol-mayo_0_ZSOcW7ouRw.html\" target=\"_self\" rel=\"noopener noreferrer\"><br \/>\n<img class=\"img-responsive\" alt=\"Central elimin\u00f3 a Sol de Mayo por Copa Argentina\" src=\"http:\/\/hoycordobaweb.com\/wp-content\/uploads\/2022\/05\/los-grandes-de-uruguay-se-suman-a-la-copa-argentina-2.jpg\" loading=\"lazy\"><br \/>\n<\/a>\n<\/picture>\n<\/div>\n<\/div><\/div>\n<\/div>\n<p><strong>\u00abNo es por faltar el respeto a los equipos que enfrentamos ac\u00e1 pero necesitamos elevar la vara.<\/strong> No podemos estar seis meses jugando solo los fin de semana. Necesitamos que la Conmebol lo apruebe. En su momento vinieron los mexicanos a jugar la Libertadores\u00bb, esgrimi\u00f3&nbsp;Ignacio Ruglio, mandam\u00e1s de Pe\u00f1arol,&nbsp;en charla con Radio&nbsp;Oriental 770.<\/p>\n<div class=\"sp__Normal\">\n<div class=\"image-embeb image-trigger\" readability=\"7\">\n<picture><source media=\"(min-width: 720px)\" srcset=\"http:\/\/hoycordobaweb.com\/wp-content\/uploads\/2022\/05\/los-grandes-de-uruguay-se-suman-a-la-copa-argentina-3.jpg\"><img itemprop=\"image\" src=\"http:\/\/hoycordobaweb.com\/wp-content\/uploads\/2022\/05\/los-grandes-de-uruguay-se-suman-a-la-copa-argentina-3.jpg\" loading=\"lazy\" alt=\"Riglos, presidente de Pe\u00f1arol, y Jorge Brito.\">\n<\/picture><figcaption readability=\"4\">\n<p>Riglos, presidente de Pe\u00f1arol, y Jorge Brito.\n<\/p>\n<\/figcaption><\/div>\n<\/div>\n<p>El dirigente del Manya cont\u00f3 que \u00abnos reunimos con algunos presidentes y fue muy fruct\u00edfero. El Presidente de <a alt=\"river-plate\" class=\"slug\" href=\"https:\/\/www.ole.com.ar\/tema\/river-plate.html\" target=\"_blank\" title=\"river-plate\" rel=\"noopener noreferrer\">River <\/a>(Jorge Brito) nos recibi\u00f3 muy amablemente.<strong> Queremos elevar el nivel y por eso presentamos esta propuesta.<\/strong> Faltan aspectos reglamentarios a definir\u00bb.<\/p>\n<div class=\"sp__SM\">\n<div class=\"content-new \">\n<span class=\"tit-mobile\">Mir\u00e1 tambi\u00e9n<\/span><\/p>\n<div class=\"mg\">\n<div class=\"wrap-figure\">\n<picture>\n<a href=\"https:\/\/www.ole.com.ar\/copa-argentina\/dias-horarios-partidos-copa-agentina_0_456GGVm0qZ.html\" target=\"_self\" rel=\"noopener noreferrer\"><br \/>\n<img class=\"img-responsive\" alt=\"Se confirmaron d\u00edas y horarios de otros tres partidos de 32avos de Copa Argentina\" src=\"http:\/\/hoycordobaweb.com\/wp-content\/uploads\/2022\/05\/los-grandes-de-uruguay-se-suman-a-la-copa-argentina-4.jpg\" loading=\"lazy\"><br \/>\n<\/a>\n<\/picture>\n<\/div>\n<\/div><\/div>\n<\/div>\n<p>Por su parte, Jos\u00e9 Fuentes, presidente de Nacional, sostuvo que&nbsp;\u00abRuglio ayer me llam\u00f3 para decirme que \u00e9l no iba a mencionar a Nacional si no estaba de acuerdo, le envi\u00e9 la nota que hice. <strong>Como idea me parece una buena idea<\/strong>. Hay que ver si reglamentariamente est\u00e1 bien\u00bb.<\/p>\n<p>En di\u00e1logo con Sport 890, el hombre del Bolso describi\u00f3:&nbsp;<strong>\u00abLo que est\u00e1 claro ac\u00e1 es que nosotros necesitamos movilizar el f\u00fatbol uruguayo y darle mayor visibilidad a nuestra liga<\/strong>. Yo cuando dije esto lo dije como una expresi\u00f3n de deseo. El asunto es que podamos hacer algo nuevo.&nbsp;Hay que ver si Conmebol&nbsp;esto lo autoriza y todas las trabas que esto puede traer\u00bb.<\/p>\n<h2><strong>Antecedentes<\/strong><\/h2>\n<div class=\"sp__Normal\">\n<div class=\"image-embeb image-trigger\" readability=\"7\">\n<picture><source media=\"(min-width: 720px)\" srcset=\"http:\/\/hoycordobaweb.com\/wp-content\/uploads\/2022\/05\/los-grandes-de-uruguay-se-suman-a-la-copa-argentina-5.jpg\"><img itemprop=\"image\" src=\"http:\/\/hoycordobaweb.com\/wp-content\/uploads\/2022\/05\/los-grandes-de-uruguay-se-suman-a-la-copa-argentina-5.jpg\" loading=\"lazy\" alt=\"Cardiff City, de Gales, juega contra los ingleses.\">\n<\/picture><figcaption readability=\"4\">\n<p>Cardiff City, de Gales, juega contra los ingleses.\n<\/p>\n<\/figcaption><\/div>\n<\/div>\n<p>Este a\u00f1o est\u00e1 prevista la implementaci\u00f3n&nbsp;de la Copa AUF Uruguay, un torneo similar al que se juega en la Argentina. <strong>Su inicio est\u00e1 previsto para&nbsp;el 15 de junio y el final para el 9 de noviembre.&nbsp;<\/strong>En el medio ser\u00eda la fecha tentativa en la que el presidente de Pe\u00f1arol plantea jugar la Copa Argentina.<\/p>\n<p>No es la primera vez que los dos grandes del f\u00fatbol charr\u00faa coquetean con la posibilidad de integrarse a un campeonato argentino, aunque siempre se toparon con trabas a nivel reglamentario. <strong>Las normas de FIFA expresan que un equipo que tiene su sede en un pa\u00eds no puede jugar en una liga extranjera, aunque hay casos antecedentes que avalar\u00edan la iniciativa,&nbsp;<\/strong>como la presencia de equipos galeses en la Premier League de Inglaterra.<\/p>\n<p>En Uruguay incluso se\u00f1alan que, a nivel&nbsp;Confederaciones, <strong>Australia juega las Eliminatorias de Asia a pesar de pertenecer geogr\u00e1ficamente a Ocean\u00eda.<\/strong> \u00bfPodr\u00e1n sumarse Nacional&nbsp; y Pe\u00f1arol a la Copa Argentina?<\/p>\n<div class=\"entry-tags\">\n<h2>TEMAS QUE APARECEN EN ESTA NOTA<\/h2>\n<\/p><\/div>\n","protected":false},"excerpt":{"rendered":"<p>Algunos d\u00edas atr\u00e1s, sobrevol\u00f3 la idea de que los dos equipos m\u00e1s grandes de Uruguay, Pe\u00f1arol y Nacional, ten\u00edan intenciones de sumarse a la Copa Argentina y ahora fueron sus propios presidentes quienes hablaron de dicha posibilidad, con el objetivo de \u00abelevar la vara\u00bb, luego de plantearla antes algunos dirigentes locales. Mir\u00e1 tambi\u00e9n \u00abNo es [&hellip;]<\/p>\n","protected":false},"author":1,"featured_media":41508,"comment_status":"open","ping_status":"closed","sticky":false,"template":"","format":"standard","meta":[],"categories":[16],"tags":[],"_links":{"self":[{"href":"http:\/\/hoycordobaweb.com\/index.php\/wp-json\/wp\/v2\/posts\/41507"}],"collection":[{"href":"http:\/\/hoycordobaweb.com\/index.php\/wp-json\/wp\/v2\/posts"}],"about":[{"href":"http:\/\/hoycordobaweb.com\/index.php\/wp-json\/wp\/v2\/types\/post"}],"author":[{"embeddable":true,"href":"http:\/\/hoycordobaweb.com\/index.php\/wp-json\/wp\/v2\/users\/1"}],"replies":[{"embeddable":true,"href":"http:\/\/hoycordobaweb.com\/index.php\/wp-json\/wp\/v2\/comments?post=41507"}],"version-history":[{"count":0,"href":"http:\/\/hoycordobaweb.com\/index.php\/wp-json\/wp\/v2\/posts\/41507\/revisions"}],"wp:featuredmedia":[{"embeddable":true,"href":"http:\/\/hoycordobaweb.com\/index.php\/wp-json\/wp\/v2\/media\/41508"}],"wp:attachment":[{"href":"http:\/\/hoycordobaweb.com\/index.php\/wp-json\/wp\/v2\/media?parent=41507"}],"wp:term":[{"taxonomy":"category","embeddable":true,"href":"http:\/\/hoycordobaweb.com\/index.php\/wp-json\/wp\/v2\/categories?post=41507"},{"taxonomy":"post_tag","embeddable":true,"href":"http:\/\/hoycordobaweb.com\/index.php\/wp-json\/wp\/v2\/tags?post=41507"}],"curies":[{"name":"wp","href":"https:\/\/api.w.org\/{rel}","templated":true}]}}