{"id":41483,"date":"2022-05-13T17:21:13","date_gmt":"2022-05-13T17:21:13","guid":{"rendered":"https:\/\/fono.fcm.unc.edu.ar\/?p=9188"},"modified":"2022-05-13T17:21:13","modified_gmt":"2022-05-13T17:21:13","slug":"programa-escala-docente-del-grupo-montevideo","status":"publish","type":"post","link":"http:\/\/hoycordobaweb.com\/index.php\/2022\/05\/13\/programa-escala-docente-del-grupo-montevideo\/","title":{"rendered":"Programa Escala Docente del Grupo Montevideo"},"content":{"rendered":"<h2 class=\"fusion-post-title\">Programa Escala Docente del Grupo Montevideo<\/h2>\n<div class=\"post-content\" readability=\"47.34670487106\">\n<p><img loading=\"lazy\" class=\"alignright wp-image-9189 size-fusion-600\" src=\"https:\/\/fono.fcm.unc.edu.ar\/wp-content\/uploads\/sites\/14\/2022\/05\/Portada-convocatoria-600x240.jpg\" alt width=\"600\" height=\"240\" srcset=\"https:\/\/fono.fcm.unc.edu.ar\/wp-content\/uploads\/sites\/14\/2022\/05\/Portada-convocatoria-200x80.jpg 200w, https:\/\/fono.fcm.unc.edu.ar\/wp-content\/uploads\/sites\/14\/2022\/05\/Portada-convocatoria-300x120.jpg 300w, https:\/\/fono.fcm.unc.edu.ar\/wp-content\/uploads\/sites\/14\/2022\/05\/Portada-convocatoria-400x160.jpg 400w, https:\/\/fono.fcm.unc.edu.ar\/wp-content\/uploads\/sites\/14\/2022\/05\/Portada-convocatoria-600x240.jpg 600w, https:\/\/fono.fcm.unc.edu.ar\/wp-content\/uploads\/sites\/14\/2022\/05\/Portada-convocatoria-768x307.jpg 768w, https:\/\/fono.fcm.unc.edu.ar\/wp-content\/uploads\/sites\/14\/2022\/05\/Portada-convocatoria-800x320.jpg 800w, https:\/\/fono.fcm.unc.edu.ar\/wp-content\/uploads\/sites\/14\/2022\/05\/Portada-convocatoria-1024x410.jpg 1024w, https:\/\/fono.fcm.unc.edu.ar\/wp-content\/uploads\/sites\/14\/2022\/05\/Portada-convocatoria.jpg 1170w\" sizes=\"(max-width: 600px) 100vw, 600px\">El Programa Escala Docente consiste en el intercambio de docentes e investigadores de universidades que forman parte de la Asociaci\u00f3n de Universidades Grupo Montevideo (AUGM), y tiene como meta fortalecer la efectiva construcci\u00f3n del \u201cespacio acad\u00e9mico com\u00fan ampliado\u201d regional proclamado por la Asociaci\u00f3n en su Acta de Intenci\u00f3n Fundacional.<\/p>\n<p>La presentaci\u00f3n de las postulaciones se realizar\u00e1 hasta el 23 de&nbsp;mayo de 2022 hasta las 10hs mediante el siguiente&nbsp;<a href=\"https:\/\/docs.google.com\/forms\/d\/e\/1FAIpQLScVv2OPuuoAvT58_RUKZQbVf2xESWvK-lPgXSNSpIw8dgFnaA\/viewform\">formulario web<\/a>.<\/p>\n<p><strong>Beneficiarios<\/strong><\/p>\n<p>El Programa est\u00e1 orientado a dos perfiles distintos de docentes universitarios:<\/p>\n<ul>\n<li><strong>Docentes&nbsp;en formaci\u00f3n:<\/strong>&nbsp;la&nbsp;movilidad estar\u00e1 destinada principalmente a completar o complementar su formaci\u00f3n acad\u00e9mica.<\/li>\n<li><strong>Docentes formados:&nbsp;<\/strong>la&nbsp;movilidad&nbsp;deber\u00e1&nbsp;enmarcarse en las funciones universitarias de ense\u00f1anza, investigaci\u00f3n, extensi\u00f3n y gesti\u00f3n universitaria, promoviendo actividades de posgrado, asistencia t\u00e9cnico-cient\u00edfica para el desarrollo y consolidaci\u00f3n de nuevas \u00e1reas disciplinarias, apoyo a la formaci\u00f3n de docentes, as\u00ed como las vinculadas con las actividades de gesti\u00f3n y pol\u00edtica universitarias.<\/li>\n<\/ul>\n<p><strong>Per\u00edodo de movilidades<\/strong><\/p>\n<p>La duraci\u00f3n de la estancia acad\u00e9mica no podr\u00e1 superar las dos semanas y se podr\u00e1 realizar entre abril y diciembre de 2022.<\/p>\n<p><strong>Destino<\/strong>: distintas universidades de Brasil.<\/p>\n<p>Parta mayor informaci\u00f3n en cuanto a los requisitos a presentar ingresa&nbsp;<a href=\"https:\/\/www.unc.edu.ar\/node\/1169?utm_source=emailcampaign12921&amp;utm_medium=phpList&amp;utm_content=HTMLemail&amp;utm_campaign=Convocatoria+PRI+%7C+Programa+Escala+Docente+del+Grupo+Montevideo+\" target=\"_blank\" rel=\"noopener noreferrer\">AQU\u00cd<\/a><\/p>\n<\/p><\/div>\n","protected":false},"excerpt":{"rendered":"<p>Programa Escala Docente del Grupo Montevideo El Programa Escala Docente consiste en el intercambio de docentes e investigadores de universidades que forman parte de la Asociaci\u00f3n de Universidades Grupo Montevideo (AUGM), y tiene como meta fortalecer la efectiva construcci\u00f3n del \u201cespacio acad\u00e9mico com\u00fan ampliado\u201d regional proclamado por la Asociaci\u00f3n en su Acta de Intenci\u00f3n Fundacional. [&hellip;]<\/p>\n","protected":false},"author":1,"featured_media":0,"comment_status":"closed","ping_status":"closed","sticky":false,"template":"","format":"standard","meta":[],"categories":[1],"tags":[],"_links":{"self":[{"href":"http:\/\/hoycordobaweb.com\/index.php\/wp-json\/wp\/v2\/posts\/41483"}],"collection":[{"href":"http:\/\/hoycordobaweb.com\/index.php\/wp-json\/wp\/v2\/posts"}],"about":[{"href":"http:\/\/hoycordobaweb.com\/index.php\/wp-json\/wp\/v2\/types\/post"}],"author":[{"embeddable":true,"href":"http:\/\/hoycordobaweb.com\/index.php\/wp-json\/wp\/v2\/users\/1"}],"replies":[{"embeddable":true,"href":"http:\/\/hoycordobaweb.com\/index.php\/wp-json\/wp\/v2\/comments?post=41483"}],"version-history":[{"count":0,"href":"http:\/\/hoycordobaweb.com\/index.php\/wp-json\/wp\/v2\/posts\/41483\/revisions"}],"wp:attachment":[{"href":"http:\/\/hoycordobaweb.com\/index.php\/wp-json\/wp\/v2\/media?parent=41483"}],"wp:term":[{"taxonomy":"category","embeddable":true,"href":"http:\/\/hoycordobaweb.com\/index.php\/wp-json\/wp\/v2\/categories?post=41483"},{"taxonomy":"post_tag","embeddable":true,"href":"http:\/\/hoycordobaweb.com\/index.php\/wp-json\/wp\/v2\/tags?post=41483"}],"curies":[{"name":"wp","href":"https:\/\/api.w.org\/{rel}","templated":true}]}}