{"id":41479,"date":"2022-05-13T12:04:00","date_gmt":"2022-05-13T12:04:00","guid":{"rendered":"http:\/\/hoycordobaweb.com\/index.php\/2022\/05\/13\/un-debate-sobre-la-polarizacion-politica-entre-claroscuros-y-falsos-dilemas\/"},"modified":"2022-05-13T12:04:00","modified_gmt":"2022-05-13T12:04:00","slug":"un-debate-sobre-la-polarizacion-politica-entre-claroscuros-y-falsos-dilemas","status":"publish","type":"post","link":"http:\/\/hoycordobaweb.com\/index.php\/2022\/05\/13\/un-debate-sobre-la-polarizacion-politica-entre-claroscuros-y-falsos-dilemas\/","title":{"rendered":"Un debate sobre la polarizaci\u00f3n pol\u00edtica, entre claroscuros y falsos dilemas"},"content":{"rendered":"<p><img src=\"http:\/\/hoycordobaweb.com\/wp-content\/uploads\/2022\/05\/un-debate-sobre-la-polarizacion-politica-entre-claroscuros-y-falsos-dilemas.jpg\"><\/p>\n<figure class=\"mb-3\"><img loading=\"lazy\" src=\"http:\/\/hoycordobaweb.com\/wp-content\/uploads\/2022\/05\/un-debate-sobre-la-polarizacion-politica-entre-claroscuros-y-falsos-dilemas-2.jpg\" width=\"100%\" height=\"100%\" alt=\"Foto Alejandro Santa Cruz\"><figcaption> Foto: Alejandro Santa Cruz. <\/figcaption><\/figure>\n<p>En un abordaje que tiene presente los aspectos luminosos y sombr\u00edos de la polarizaci\u00f3n pol\u00edtica y como si fuera una \u201cdegustaci\u00f3n\u201d al tema, <strong>Natalia Aruguete, Ignacio Ram\u00edrez, Mar\u00eda Esperanza Casullo y Facundo Cruz<\/strong>, integrantes del colectivo de autores que reuni\u00f3 el libro \u201cPolarizados\u201d, dialogaron el jueves en la <strong>Feria del Libro<\/strong> para rastrear las causas profundas y analizar las consecuencias de la polarizaci\u00f3n pol\u00edtica.<\/p>\n<p>En la sala Alfonsina Storni y durante una charla que abord\u00f3 los grandes conceptos de la ciencia pol\u00edtica pero tambi\u00e9n la coyuntura m\u00e1s fresca de la din\u00e1mica nacional, el panel present\u00f3 <strong>\u201cPolarizados\u201d (Capital Intelectual)<\/strong>, el libro que re\u00fane el trabajo de un grupo de expertos integrado -adem\u00e1s de Aruguete, Ram\u00edrez, Casullo y Cruz- por Natalia Zuazo, Emmanuel \u00c1lvarez Agis y Luis Alberto Quevedo bajo la direcci\u00f3n editorial de Jos\u00e9 Natanson y la edici\u00f3n de Raquel Garz\u00f3n.<\/p>\n<p>El soci\u00f3logo<strong> Ignacio Ram\u00edrez<\/strong> fue el encargado de presentar al panel y de dar cuenta del objetivo de la publicaci\u00f3n. \u201cBuscamos abordar, desde distintas perspectivas, esa Ley de Gravedad de este tiempo que es la polarizaci\u00f3n, la grieta o la brecha. Porque mal que le pese a nuestro narcicismo argentino, es una discusi\u00f3n que se da en todo el mundo: hoy el desacuerdo ideol\u00f3gico vuelve a estar en el centro de la pol\u00edtica\u201d.<\/p>\n<p>El investigador, quien entre risas acept\u00f3 que \u201cno se puede escribir nada desde las ciencias sociales porque enseguida todo queda viejo\u201d, resalt\u00f3 tres ideas centrales que orbitan la publicaci\u00f3n: que muchas veces se habla de \u201cdesconfianza en la pol\u00edtica\u201d cuando en realidad hay que abordar la \u201cpol\u00edtica de la desconfianza\u201d y las \u201cpasiones tristes\u201d de la \u00e9poca, que el men\u00fa medi\u00e1tico se va segmentando por segregaci\u00f3n ideol\u00f3gica -y que eso genera endogamia y un da\u00f1o para el escenario p\u00fablico- y que hoy el campo pol\u00edtico est\u00e1 tensado por la derecha, algo que deja a la izquierda deshilachada mientras pone a prueba su audacia.<\/p>\n<figure class=\"mb-3\"><img loading=\"lazy\" src=\"http:\/\/hoycordobaweb.com\/wp-content\/uploads\/2022\/05\/un-debate-sobre-la-polarizacion-politica-entre-claroscuros-y-falsos-dilemas-3.jpg\" width=\"100%\" height=\"100%\" alt=\"Foto Alejandro Santa Cruz\"><figcaption> Foto: Alejandro Santa Cruz. <\/figcaption><\/figure>\n<p>En el libro publicado por Capital Intelectual, el polit\u00f3logo <strong>Facundo Cruz<\/strong> aborda la polarizaci\u00f3n \u201cdesde arriba\u201d, desde el sistema de partidos pol\u00edticos. \u201cMe interes\u00f3 pensar c\u00f3mo y por qu\u00e9 el pa\u00eds dej\u00f3 de estar gobernado por partidos y pas\u00f3 a estar caracterizado por el bicoalicionismo. Somos una anomal\u00eda porque ese bicoalicionismo empieza a tirar para afuera de forma centr\u00edpeta\u201d, sintetiz\u00f3 Cruz. \u201cEn 2001 el sistema se rompe y cuando se reconstruye se reacomoda en coaliciones. El peronismo lo hizo m\u00e1s r\u00e1pido que Cambiemos. El cap\u00edtulo sintetiza el proceso hist\u00f3rico y habla bien de las PASO, porque creo que fue un factor que ayud\u00f3 al bicoalicionismo\u201d, explic\u00f3.<\/p>\n<p>La polit\u00f3loga <strong>Mar\u00eda Esperanza Casullo<\/strong> eligi\u00f3 resaltar tres ideas principales del trabajo que firm\u00f3 con Ram\u00edrez. En primer lugar, que la polarizaci\u00f3n \u201ces buena\u201d, que no es un problema y que si efectivamente fuera un problema, dada las condiciones sociales e hist\u00f3ricas en las que vivimos, no ser\u00eda posible de evitar. \u201cEsto se repite en Brasil, Latinoam\u00e9rica, Espa\u00f1a y Estados Unidos. En todos lados hay una sensaci\u00f3n de p\u00e9rdida del espacio de la pol\u00edtica, de ese espacio donde hab\u00eda se\u00f1ores que tomaban ciertas discusiones con un habano. Y que eso ya no es posible. Ocurre que hay una crisis de la hegemon\u00eda pol\u00edtica, no hay un modelo pol\u00edtico hegem\u00f3nico que d\u00e9 soluciones\u201d, sostuvo y advirti\u00f3 que hoy \u201cni la izquierda ni la derecha tienen grandes victorias para mostrar\u201d.<\/p>\n<p>En segundo lugar, Casullo defendi\u00f3 una idea: que la sociolog\u00eda pol\u00edtica est\u00e1 m\u00e1s vigente nunca. \u201cSi hay polarizaci\u00f3n es porque la sociedad tiene distintas visiones del mundo. Le\u00edmos mucho del negocio pol\u00edtico de la grieta, pero si vemos cualquier focus group advertimos que es la sociedad la que tiene distintas versiones distintas sobre lo que Arist\u00f3teles llamaba `la buena vida\u00b4\u201d, analiz\u00f3. \u201cLas feministas no estaban muy contentas con las visiones del mundo de antes, tampoco los migrantes o las minor\u00edas afroamericanas. Hoy esas voces del mundo se hacen escuchar y hay versiones del mundo que no pueden coexistir. Hay que atender a esta paradoja: todos los que denuncian la grieta tienen una posici\u00f3n en esa grieta\u201d, sostuvo.<\/p>\n<p>Por \u00faltimo, Casullo advirti\u00f3 que la polarizaci\u00f3n no va a desaparecer y que eso genera desaf\u00edos: \u201c\u00bfC\u00f3mo construimos sistemas de toma de decisi\u00f3n en el que todos acepten como leg\u00edtimo lo que se decide aunque no sea ideal? Al consenso no vamos a llegar nunca. Uno de los problemas que tenemos hoy es que las coaliciones son m\u00e1s homog\u00e9neas en su interior y eso no permite dialogar con el otro bloque. Es m\u00e1s dif\u00edcil negociar sin grietas internas\u201d.<\/p>\n<figure class=\"mb-3\"><img loading=\"lazy\" src=\"http:\/\/hoycordobaweb.com\/wp-content\/uploads\/2022\/05\/un-debate-sobre-la-polarizacion-politica-entre-claroscuros-y-falsos-dilemas-4.jpg\" width=\"100%\" height=\"100%\" alt=\"Foto Alejandro Santa Cruz\"><figcaption> Foto: Alejandro Santa Cruz. <\/figcaption><\/figure>\n<p>Al analizar el mapa m\u00e1s coyuntural, Casullo desestim\u00f3 que el centro sea la salida. \u201cHoy aparecen nuevos partidos pero van por un costado, no por el centro. Los partidos que aparecen por el centro, como Roberto Lavagna, Florencio Randazzo o Margarita Stolbizer, no van en definitiva a ning\u00fan lado. Milei hoy crece por el costado y empuja todo el espectro a la derecha\u201d, sostuvo la doctora en Ciencia Pol\u00edtica de la Universidad de Georgetown sobre aquella fantas\u00eda que de la polarizaci\u00f3n se sale por el centro.<\/p>\n<p>Cerr\u00f3 su intervenci\u00f3n con una hip\u00f3tesis para pensar en un escenario alternativo: \u201cNo tengo ninguna soluci\u00f3n a la polarizaci\u00f3n, pero una de las formas de enfocar el an\u00e1lisis es reconocer que hay distintas visiones del mundo para, de esa forma, obligar a nuestros representantes pol\u00edticos a que legitimen las decisiones\u201d.<\/p>\n<p><strong>Natalia Aruguete<\/strong>, doctora en Ciencias Sociales y mag\u00edster en Sociolog\u00eda Econ\u00f3mica, particip\u00f3 de \u201cPolarizados\u201d con un trabajo que firm\u00f3 con la polit\u00f3loga Natalia Zuazo. Juntas, analizaron la polarizaci\u00f3n en las redes y en los medios: c\u00f3mo funciona, c\u00f3mo impactan las elecciones, las noticias y apuntaron a pensar c\u00f3mo tomar acci\u00f3n por fuera de ella. \u201cHay como una idea que ante la polarizaci\u00f3n, las redes proponen agendas paralelas. Entonces buscamos pensar cu\u00e1l era esa agenda. Creo que sigue estando presente una agenda oficial, con excepciones. Hay una agenda hegem\u00f3nica y exaltaciones editorialistas de esas agendas. Las redes no traen menos polarizaci\u00f3n sino que la retroalimentan\u201d, manifest\u00f3 y sostuvo que esa polarizaci\u00f3n es, a la vez, \u201cpol\u00edtica, medi\u00e1tica y afectiva\u201d.<\/p>\n<p>\u201cLas operaciones de fake news, como una de las tantas expresiones de violencia, no solo tienen como prop\u00f3sito mal informar sino tambi\u00e9n crear un evento pol\u00edtico a trav\u00e9s del da\u00f1o. Muchas veces somos hablados por este discurso polarizante\u201d, sostuvo Arguete. \u201cNo es que no haya resquicios para la resistencia pol\u00edtica, sino que eso no lo ofrecen las plataformas. Est\u00e1, como siempre, en la militancia pol\u00edtica. Estamos en un momento oscuro en el que hay que ofrecer resistencias\u201d, evalu\u00f3 sobre el presente y, de esa forma, tambi\u00e9n aport\u00f3 un punto sombr\u00edo sobre un fen\u00f3meno que la publicaci\u00f3n busca atender con todos los claroscuros. <\/p>\n","protected":false},"excerpt":{"rendered":"<p>Foto: Alejandro Santa Cruz. En un abordaje que tiene presente los aspectos luminosos y sombr\u00edos de la polarizaci\u00f3n pol\u00edtica y como si fuera una \u201cdegustaci\u00f3n\u201d al tema, Natalia Aruguete, Ignacio Ram\u00edrez, Mar\u00eda Esperanza Casullo y Facundo Cruz, integrantes del colectivo de autores que reuni\u00f3 el libro \u201cPolarizados\u201d, dialogaron el jueves en la Feria del Libro [&hellip;]<\/p>\n","protected":false},"author":1,"featured_media":41480,"comment_status":"open","ping_status":"closed","sticky":false,"template":"","format":"standard","meta":[],"categories":[19],"tags":[],"_links":{"self":[{"href":"http:\/\/hoycordobaweb.com\/index.php\/wp-json\/wp\/v2\/posts\/41479"}],"collection":[{"href":"http:\/\/hoycordobaweb.com\/index.php\/wp-json\/wp\/v2\/posts"}],"about":[{"href":"http:\/\/hoycordobaweb.com\/index.php\/wp-json\/wp\/v2\/types\/post"}],"author":[{"embeddable":true,"href":"http:\/\/hoycordobaweb.com\/index.php\/wp-json\/wp\/v2\/users\/1"}],"replies":[{"embeddable":true,"href":"http:\/\/hoycordobaweb.com\/index.php\/wp-json\/wp\/v2\/comments?post=41479"}],"version-history":[{"count":0,"href":"http:\/\/hoycordobaweb.com\/index.php\/wp-json\/wp\/v2\/posts\/41479\/revisions"}],"wp:featuredmedia":[{"embeddable":true,"href":"http:\/\/hoycordobaweb.com\/index.php\/wp-json\/wp\/v2\/media\/41480"}],"wp:attachment":[{"href":"http:\/\/hoycordobaweb.com\/index.php\/wp-json\/wp\/v2\/media?parent=41479"}],"wp:term":[{"taxonomy":"category","embeddable":true,"href":"http:\/\/hoycordobaweb.com\/index.php\/wp-json\/wp\/v2\/categories?post=41479"},{"taxonomy":"post_tag","embeddable":true,"href":"http:\/\/hoycordobaweb.com\/index.php\/wp-json\/wp\/v2\/tags?post=41479"}],"curies":[{"name":"wp","href":"https:\/\/api.w.org\/{rel}","templated":true}]}}