{"id":41449,"date":"2022-05-12T15:41:21","date_gmt":"2022-05-12T15:41:21","guid":{"rendered":"https:\/\/manoamanocba.com.ar\/?p=5260"},"modified":"2022-05-12T15:41:21","modified_gmt":"2022-05-12T15:41:21","slug":"designaron-a-bettina-croppi-como-fiscal-general-adjunta","status":"publish","type":"post","link":"http:\/\/hoycordobaweb.com\/index.php\/2022\/05\/12\/designaron-a-bettina-croppi-como-fiscal-general-adjunta\/","title":{"rendered":"Designaron a Bettina Croppi como fiscal general adjunta"},"content":{"rendered":"<div><img src=\"http:\/\/hoycordobaweb.com\/wp-content\/uploads\/2022\/05\/designaron-a-bettina-croppi-como-fiscal-general-adjunta.jpg\" class=\"ff-og-image-inserted\"><\/div>\n<p>La Legislatura de C\u00f3rdoba aprob\u00f3 el nombramiento de la abogada<strong> Bettina Croppi como fiscal general adjunta del Ministerio P\u00fablico Fiscal<\/strong> de la Provincia<strong>.<\/strong><\/p>\n<p>El legislador&nbsp;<strong>Juan Manuel Cid<\/strong>, quien preside la Comisi\u00f3n de Asuntos Constitucionales, Justicia y Acuerdos, se refiri\u00f3 en su presentaci\u00f3n a la audiencia p\u00fablica realizada el jueves 5 de mayo.&nbsp;<em>\u201cSolamente se presentaron adhesiones\u201d<\/em>, dijo el legislador,&nbsp;<em>\u201cno hay ninguna impugnaci\u00f3n a la candidatura de la doctora Croppi\u201d.<\/em><\/p>\n<p>Mencion\u00f3 Cid que en la audiencia&nbsp;<em>\u201cse presentaron importantes actores de la vida profesional, del derecho y de la Justicia\u201d,<\/em>&nbsp;entre los que incluy\u00f3 al presidente del Colegio de Abogados de C\u00f3rdoba, Ignacio Segura; la presidenta de la Comisi\u00f3n de G\u00e9nero del Colegio de Abogados, Miriam Londero y el apoderado de Encuentro Vecinal, C\u00e9sar Orgaz.<\/p>\n<p>Tambi\u00e9n a la secretaria de la Federaci\u00f3n de Colegios de Abogados de la Provincia de C\u00f3rdoba (FeCaCor), Mabel Solano; la presidenta de la Asociaci\u00f3n de Magistrados y Funcionarios Judiciales de C\u00f3rdoba, Silvana Chiapero, y los ex fiscales generales de la Provincia, Alejandro Moyano y Dar\u00edo Vezzaro.<\/p>\n<p>La doctora Croppi se desempe\u00f1\u00f3 hasta el momento como <strong>fiscal de Instrucci\u00f3n de Violencia Familiar y G\u00e9nero de 2\u00b0 Turno<\/strong>. Tambi\u00e9n fue fiscal de Competencia M\u00faltiple en la ciudad de Morteros, con una larga carrera en materia de violencia familiar y de g\u00e9nero.<\/p>\n<p>Los bloques Movimiento Socialista de los Trabajadores, Frente de Izquierda y de los Trabajadores y Encuentro Vecinal C\u00f3rdoba se abstuvieron en la postulaci\u00f3n del pliego.<\/p>\n","protected":false},"excerpt":{"rendered":"<p>La Legislatura de C\u00f3rdoba aprob\u00f3 el nombramiento de la abogada Bettina Croppi como fiscal general adjunta del Ministerio P\u00fablico Fiscal de la Provincia. El legislador&nbsp;Juan Manuel Cid, quien preside la Comisi\u00f3n de Asuntos Constitucionales, Justicia y Acuerdos, se refiri\u00f3 en su presentaci\u00f3n a la audiencia p\u00fablica realizada el jueves 5 de mayo.&nbsp;\u201cSolamente se presentaron adhesiones\u201d, [&hellip;]<\/p>\n","protected":false},"author":1,"featured_media":41450,"comment_status":"closed","ping_status":"closed","sticky":false,"template":"","format":"standard","meta":[],"categories":[19],"tags":[],"_links":{"self":[{"href":"http:\/\/hoycordobaweb.com\/index.php\/wp-json\/wp\/v2\/posts\/41449"}],"collection":[{"href":"http:\/\/hoycordobaweb.com\/index.php\/wp-json\/wp\/v2\/posts"}],"about":[{"href":"http:\/\/hoycordobaweb.com\/index.php\/wp-json\/wp\/v2\/types\/post"}],"author":[{"embeddable":true,"href":"http:\/\/hoycordobaweb.com\/index.php\/wp-json\/wp\/v2\/users\/1"}],"replies":[{"embeddable":true,"href":"http:\/\/hoycordobaweb.com\/index.php\/wp-json\/wp\/v2\/comments?post=41449"}],"version-history":[{"count":0,"href":"http:\/\/hoycordobaweb.com\/index.php\/wp-json\/wp\/v2\/posts\/41449\/revisions"}],"wp:featuredmedia":[{"embeddable":true,"href":"http:\/\/hoycordobaweb.com\/index.php\/wp-json\/wp\/v2\/media\/41450"}],"wp:attachment":[{"href":"http:\/\/hoycordobaweb.com\/index.php\/wp-json\/wp\/v2\/media?parent=41449"}],"wp:term":[{"taxonomy":"category","embeddable":true,"href":"http:\/\/hoycordobaweb.com\/index.php\/wp-json\/wp\/v2\/categories?post=41449"},{"taxonomy":"post_tag","embeddable":true,"href":"http:\/\/hoycordobaweb.com\/index.php\/wp-json\/wp\/v2\/tags?post=41449"}],"curies":[{"name":"wp","href":"https:\/\/api.w.org\/{rel}","templated":true}]}}