{"id":41447,"date":"2022-05-12T16:00:13","date_gmt":"2022-05-12T16:00:13","guid":{"rendered":"https:\/\/manoamanocba.com.ar\/?p=5263"},"modified":"2022-05-12T16:00:13","modified_gmt":"2022-05-12T16:00:13","slug":"ante-el-canciller-aleman-fernandez-insto-a-abrir-un-ambito-de-discusion-para-poner-fin-a-la-guerra","status":"publish","type":"post","link":"http:\/\/hoycordobaweb.com\/index.php\/2022\/05\/12\/ante-el-canciller-aleman-fernandez-insto-a-abrir-un-ambito-de-discusion-para-poner-fin-a-la-guerra\/","title":{"rendered":"Ante el canciller alem\u00e1n, Fern\u00e1ndez inst\u00f3 a abrir \u00abun \u00e1mbito de discusi\u00f3n para poner fin\u00bb a la guerra"},"content":{"rendered":"<p>El presidente <a href=\"https:\/\/manoamanocba.com.ar\/fernandez-se-reunio-con-pedro-sanchez-y-el-rey-felipe-vi\/\"><strong>Alberto Fern\u00e1ndez<\/strong><\/a> mantuvo un encuentro en Berl\u00edn con el canciller federal de Alemania, <strong>Olaf Scholz<\/strong>, junto a quien analiz\u00f3 las <strong>consecuencias de la guerra<\/strong> en ambas regiones y pidi\u00f3 \u201cencontrar una respuesta y un camino de salida a este conflicto\u201d, adem\u00e1s de destacar las oportunidades que brinda la Argentina para proveer alimentos y energ\u00eda.<\/p>\n<p>En una declaraci\u00f3n conjunta al t\u00e9rmino de la reuni\u00f3n, que se realiz\u00f3 en la sede de la Canciller\u00eda Federal, el mandatario argentino consider\u00f3 \u00ababsolutamente necesario <strong>que se abra un \u00e1mbito de discusi\u00f3n donde este problema se resuelva<\/strong>\u00ab.<\/p>\n<p>\u201c<em>La guerra es un problema de mayor y particular preocupaci\u00f3n para m\u00ed por el modo en el que est\u00e1 repercutiendo negativamente en nuestro continente, donde la seguridad alimentaria y energ\u00e9tica se ponen en riesgo<\/em>\u201d, se\u00f1al\u00f3, al hacer referencia a la presidencia pro t\u00e9mpore que detenta la Argentina de la Comunidad de Estados Latinoamericanos y Caribe\u00f1os (CELAC).<\/p>\n<p><a href=\"http:\/\/manoamanocba.com.ar\/wp-content\/uploads\/2022\/05\/AFScholz1.jpg\"><img loading=\"lazy\" class=\"size-medium wp-image-5264 aligncenter\" src=\"http:\/\/hoycordobaweb.com\/wp-content\/uploads\/2022\/05\/ante-el-canciller-aleman-fernandez-insto-a-abrir-un-ambito-de-discusion-para-poner-fin-a-la-guerra.jpg\" alt width=\"300\" height=\"200\" srcset=\"http:\/\/hoycordobaweb.com\/wp-content\/uploads\/2022\/05\/ante-el-canciller-aleman-fernandez-insto-a-abrir-un-ambito-de-discusion-para-poner-fin-a-la-guerra.jpg 300w, http:\/\/hoycordobaweb.com\/wp-content\/uploads\/2022\/05\/ante-el-canciller-aleman-fernandez-insto-a-abrir-un-ambito-de-discusion-para-poner-fin-a-la-guerra-2.jpg 1024w, http:\/\/hoycordobaweb.com\/wp-content\/uploads\/2022\/05\/ante-el-canciller-aleman-fernandez-insto-a-abrir-un-ambito-de-discusion-para-poner-fin-a-la-guerra-3.jpg 768w, http:\/\/hoycordobaweb.com\/wp-content\/uploads\/2022\/05\/ante-el-canciller-aleman-fernandez-insto-a-abrir-un-ambito-de-discusion-para-poner-fin-a-la-guerra-4.jpg 1536w, http:\/\/hoycordobaweb.com\/wp-content\/uploads\/2022\/05\/ante-el-canciller-aleman-fernandez-insto-a-abrir-un-ambito-de-discusion-para-poner-fin-a-la-guerra-5.jpg 272w, http:\/\/hoycordobaweb.com\/wp-content\/uploads\/2022\/05\/ante-el-canciller-aleman-fernandez-insto-a-abrir-un-ambito-de-discusion-para-poner-fin-a-la-guerra-6.jpg 1940w\" sizes=\"(max-width: 300px) 100vw, 300px\"><\/a><\/p>\n<p>\u201c<em>Este no es un conflicto entre la OTAN y Rusia, ha trascendido esos l\u00edmites y est\u00e1 afectando a todo el mundo<\/em>\u201d, advirti\u00f3 Fern\u00e1ndez y remarc\u00f3: \u201c<em>Debemos buscar caminos que cuanto antes pongan fin a esta guerra que se lleva vidas y que es inmoral despu\u00e9s del padecimiento que el mundo ha vivido con la pandemia<\/em>\u201d.<\/p>\n<p>\u201c<em>Es bueno saber que en estos tiempos con Argentina tenemos un socio fiable en Am\u00e9rica latina<\/em>\u201d, expres\u00f3, a su vez, el canciller federal, quien agradeci\u00f3 al presidente \u201cpor la determinaci\u00f3n con la que Argentina apoy\u00f3 la condena a Rusia en los foros internacionales\u201d.<\/p>\n<p>\u201c<em>Coincidimos en condenar esta brutal agresi\u00f3n de Rusia<\/em>\u201d, dijo Scholz y a\u00f1adi\u00f3 que \u201c<em>las grav\u00edsimas violaciones del derecho internacional y el orden internacional no pueden ni deben quedar sin respuesta<\/em>\u201d.<\/p>\n<p>Por otro lado, el Jefe de Estado destac\u00f3 que \u201c<em>Argentina es hoy un reservorio de lo que el mundo est\u00e1 demandando en este presente<\/em>\u201d, ya que \u201c<em>somos grandes productores de alimentos y de energ\u00eda<\/em>\u201d.<\/p>\n<p>\u201c<em>Tenemos la segunda reserva de gas no convencional, que nosotros queremos que sirva para proveer al mundo en forma de gas licuado, y all\u00ed tenemos una gran oportunidad para trabajar junto a Alemania<\/em>\u201d, ponder\u00f3.<\/p>\n<p><a href=\"http:\/\/manoamanocba.com.ar\/wp-content\/uploads\/2022\/05\/AFScholz4.jpg\"><img loading=\"lazy\" class=\"size-medium wp-image-5265 aligncenter\" src=\"http:\/\/hoycordobaweb.com\/wp-content\/uploads\/2022\/05\/ante-el-canciller-aleman-fernandez-insto-a-abrir-un-ambito-de-discusion-para-poner-fin-a-la-guerra-1.jpg\" alt width=\"300\" height=\"200\" srcset=\"http:\/\/hoycordobaweb.com\/wp-content\/uploads\/2022\/05\/ante-el-canciller-aleman-fernandez-insto-a-abrir-un-ambito-de-discusion-para-poner-fin-a-la-guerra-7.jpg 300w, http:\/\/hoycordobaweb.com\/wp-content\/uploads\/2022\/05\/ante-el-canciller-aleman-fernandez-insto-a-abrir-un-ambito-de-discusion-para-poner-fin-a-la-guerra-8.jpg 1024w, http:\/\/hoycordobaweb.com\/wp-content\/uploads\/2022\/05\/ante-el-canciller-aleman-fernandez-insto-a-abrir-un-ambito-de-discusion-para-poner-fin-a-la-guerra-9.jpg 768w, http:\/\/hoycordobaweb.com\/wp-content\/uploads\/2022\/05\/ante-el-canciller-aleman-fernandez-insto-a-abrir-un-ambito-de-discusion-para-poner-fin-a-la-guerra-10.jpg 1536w, http:\/\/hoycordobaweb.com\/wp-content\/uploads\/2022\/05\/ante-el-canciller-aleman-fernandez-insto-a-abrir-un-ambito-de-discusion-para-poner-fin-a-la-guerra-11.jpg 272w, http:\/\/hoycordobaweb.com\/wp-content\/uploads\/2022\/05\/ante-el-canciller-aleman-fernandez-insto-a-abrir-un-ambito-de-discusion-para-poner-fin-a-la-guerra-12.jpg 1940w\" sizes=\"(max-width: 300px) 100vw, 300px\"><\/a><\/p>\n<p>En su declaraci\u00f3n, Scholz dijo que fue un \u201cencuentro sustancioso sobre las amplias relaciones econ\u00f3micas\u201d y manifest\u00f3 su \u201cinter\u00e9s de acompa\u00f1ar a las empresas alemanas en sus actividades en Argentina para cooperar en la superaci\u00f3n de obst\u00e1culos\u201d. En ese sentido celebr\u00f3, asimismo, \u201cla conversaci\u00f3n en curso que mantiene el Gobierno argentino con varias compa\u00f1\u00edas alemanas\u201d.<\/p>\n<p>Destac\u00f3, por otro lado, que \u201c<em>Argentina tiene un enrome potencial en materia de <strong>energ\u00edas renovables<\/strong> para la producci\u00f3n del hidr\u00f3geno verde, que ser\u00e1 una contribuci\u00f3n valiosa para alcanzar la neutralidad clim\u00e1tica<\/em>\u201d.<\/p>\n<p>Tambi\u00e9n valor\u00f3 que Argentina haya alcanzado un <strong>acuerdo con el FMI<\/strong> sobre un nuevo programa. \u201cEs muy importante para que pueda asegurar su prosperidad econ\u00f3mica, y celebramos los enormes esfuerzos de Argentina para implementar este programa\u201d, indic\u00f3.<\/p>\n<p>El presidente y el canciller federal compartieron en un primer momento una audiencia privada, y luego mantuvieron junto a sus comitivas una reuni\u00f3n ampliada.<\/p>\n","protected":false},"excerpt":{"rendered":"<p>El presidente Alberto Fern\u00e1ndez mantuvo un encuentro en Berl\u00edn con el canciller federal de Alemania, Olaf Scholz, junto a quien analiz\u00f3 las consecuencias de la guerra en ambas regiones y pidi\u00f3 \u201cencontrar una respuesta y un camino de salida a este conflicto\u201d, adem\u00e1s de destacar las oportunidades que brinda la Argentina para proveer alimentos y [&hellip;]<\/p>\n","protected":false},"author":1,"featured_media":41448,"comment_status":"closed","ping_status":"closed","sticky":false,"template":"","format":"standard","meta":[],"categories":[19],"tags":[],"_links":{"self":[{"href":"http:\/\/hoycordobaweb.com\/index.php\/wp-json\/wp\/v2\/posts\/41447"}],"collection":[{"href":"http:\/\/hoycordobaweb.com\/index.php\/wp-json\/wp\/v2\/posts"}],"about":[{"href":"http:\/\/hoycordobaweb.com\/index.php\/wp-json\/wp\/v2\/types\/post"}],"author":[{"embeddable":true,"href":"http:\/\/hoycordobaweb.com\/index.php\/wp-json\/wp\/v2\/users\/1"}],"replies":[{"embeddable":true,"href":"http:\/\/hoycordobaweb.com\/index.php\/wp-json\/wp\/v2\/comments?post=41447"}],"version-history":[{"count":0,"href":"http:\/\/hoycordobaweb.com\/index.php\/wp-json\/wp\/v2\/posts\/41447\/revisions"}],"wp:featuredmedia":[{"embeddable":true,"href":"http:\/\/hoycordobaweb.com\/index.php\/wp-json\/wp\/v2\/media\/41448"}],"wp:attachment":[{"href":"http:\/\/hoycordobaweb.com\/index.php\/wp-json\/wp\/v2\/media?parent=41447"}],"wp:term":[{"taxonomy":"category","embeddable":true,"href":"http:\/\/hoycordobaweb.com\/index.php\/wp-json\/wp\/v2\/categories?post=41447"},{"taxonomy":"post_tag","embeddable":true,"href":"http:\/\/hoycordobaweb.com\/index.php\/wp-json\/wp\/v2\/tags?post=41447"}],"curies":[{"name":"wp","href":"https:\/\/api.w.org\/{rel}","templated":true}]}}