{"id":41406,"date":"2022-05-11T23:31:26","date_gmt":"2022-05-11T23:31:26","guid":{"rendered":"https:\/\/www.ole.com.ar\/futbol-internacional\/ucrania-seleccion-volvio-jugar_0_auYL5ORRl9.html"},"modified":"2022-05-11T23:31:26","modified_gmt":"2022-05-11T23:31:26","slug":"como-le-fue-a-la-seleccion-ucraniana-en-su-vuelta-al-futbol","status":"publish","type":"post","link":"http:\/\/hoycordobaweb.com\/index.php\/2022\/05\/11\/como-le-fue-a-la-seleccion-ucraniana-en-su-vuelta-al-futbol\/","title":{"rendered":"C\u00f3mo le fue a la selecci\u00f3n ucraniana en su vuelta al f\u00fatbol"},"content":{"rendered":"<p><img src=\"http:\/\/hoycordobaweb.com\/wp-content\/uploads\/2022\/05\/como-le-fue-a-la-seleccion-ucraniana-en-su-vuelta-al-futbol.jpg\"><\/p>\n<p><strong><a alt=\"seleccion-de-ucrania\" class=\"slug\" href=\"https:\/\/www.ole.com.ar\/tema\/seleccion-de-ucrania.html\" target=\"_blank\" title=\"seleccion-de-ucrania\" rel=\"noopener noreferrer\">La selecci\u00f3n masculina de Ucrania<\/a><\/strong> volvi\u00f3 a la acci\u00f3n este mi\u00e9rcoles por primera vez desde la invasi\u00f3n rusa. Fue en un amistoso con el club alem\u00e1n <strong><a alt=\"borussia-monchengladbach\" class=\"slug\" href=\"https:\/\/www.ole.com.ar\/tema\/borussia-monchengladbach.html\" target=\"_blank\" title=\"borussia-monchengladbach\" rel=\"noopener noreferrer\">Borussia Monchengladbach<\/a><\/strong> en el que los ucranianos se quedaron con el triunfo 2-1.<\/p>\n<div class=\"sp__Normal\">\n<div class=\"image-embeb image-trigger\" readability=\"6\">\n<picture><source media=\"(min-width: 720px)\" srcset=\"http:\/\/hoycordobaweb.com\/wp-content\/uploads\/2022\/05\/como-le-fue-a-la-seleccion-ucraniana-en-su-vuelta-al-futbol-2.jpg\"><img itemprop=\"image\" src=\"http:\/\/hoycordobaweb.com\/wp-content\/uploads\/2022\/05\/como-le-fue-a-la-seleccion-ucraniana-en-su-vuelta-al-futbol-2.jpg\" loading=\"lazy\" alt=\"Stefan Lainer del Moenchengladbach marca al ucraniano Oleksandr Karavaiev. (foto:SASCHA STEINBACH)\">\n<\/picture><figcaption readability=\"2\">\n<p>Stefan Lainer del Moenchengladbach marca al ucraniano Oleksandr Karavaiev. (foto:SASCHA STEINBACH)\n<\/p>\n<\/figcaption><\/div>\n<\/div>\n<p>Este partido le viene de gran ayuda para los dirigidos por <strong>Oleksandr Petrakov<\/strong>, ya que tienen que empezar a preparar su Repechaje del<strong><a alt=\"mundial-de-qatar-2022\" class=\"slug\" href=\"https:\/\/www.ole.com.ar\/tema\/mundial-de-qatar-2022.html\" target=\"_blank\" title=\"mundial-de-qatar-2022\" rel=\"noopener noreferrer\"> Mundial de Qatar 2022<\/a><\/strong> contra <strong><a alt=\"escocia\" class=\"slug\" href=\"https:\/\/www.ole.com.ar\/tema\/escocia.html\" target=\"_blank\" title=\"escocia\" rel=\"noopener noreferrer\">Escocia<\/a><\/strong>, que se jugar\u00e1 el 1 de junio. Recordar que <strong>el ganador de ese cruce enfrentar\u00e1 a Gales por un lugar en el Mundial<\/strong>, el 5 de junio en Cardiff.<\/p>\n<div class=\"sp__SM\">\n<div class=\"content-new \">\n<span class=\"tit-mobile\">Mir\u00e1 tambi\u00e9n<\/span><\/p>\n<div class=\"mg\">\n<div class=\"wrap-figure\">\n<picture>\n<a href=\"https:\/\/www.ole.com.ar\/futbol-internacional\/inglaterra\/chelsea-duenos-premier-league_0_xxGiPA0PJC.html\" target=\"_self\" rel=\"noopener noreferrer\"><br \/>\n<img class=\"img-responsive\" alt=\"Oficial: el Chelsea tiene nuevos due\u00f1os\" src=\"http:\/\/hoycordobaweb.com\/wp-content\/uploads\/2022\/05\/como-le-fue-a-la-seleccion-ucraniana-en-su-vuelta-al-futbol-3.jpg\" loading=\"lazy\"><br \/>\n<\/a>\n<\/picture>\n<\/div>\n<\/div><\/div>\n<\/div>\n<p>Los ucranianos, adem\u00e1s, aprovecharon para mostrar su postura en contra de la guerra&nbsp;ingresando al campo con una bandera que dec\u00eda <strong>\u00abParen la guerra\u00bb<\/strong>.&nbsp;El encuentro fue destinado tambi\u00e9n para recaudar dinero para el pa\u00eds presidido por <strong>Volodimir Zelenski.<\/strong><\/p>\n<div class=\"sp__Normal\">\n<div class=\"image-embeb image-trigger\" readability=\"6\">\n<picture><source media=\"(min-width: 720px)\" srcset=\"http:\/\/hoycordobaweb.com\/wp-content\/uploads\/2022\/05\/como-le-fue-a-la-seleccion-ucraniana-en-su-vuelta-al-futbol-4.jpg\"><img itemprop=\"image\" src=\"http:\/\/hoycordobaweb.com\/wp-content\/uploads\/2022\/05\/como-le-fue-a-la-seleccion-ucraniana-en-su-vuelta-al-futbol-4.jpg\" loading=\"lazy\" alt=\"El mensaje de la Selecci\u00f3n ucraniana antes del comienzo del partido.\">\n<\/picture><figcaption readability=\"2\">\n<p>El mensaje de la Selecci\u00f3n ucraniana antes del comienzo del partido.\n<\/p>\n<\/figcaption><\/div>\n<\/div>\n<p>Unas 20.000 personas dijeron presente,<strong><u> incluyendo muchos ucranianos&nbsp;que mostraron peque\u00f1as banderas<\/u><\/strong> de su pa\u00eds en el estadio de la ciudad de Reno, la sede elegida para el duelo ben\u00e9fico.<\/p>\n<div class=\"sp__SM\">\n<div class=\"content-new \">\n<span class=\"tit-mobile\">Mir\u00e1 tambi\u00e9n<\/span><\/p>\n<div class=\"mg\">\n<div class=\"wrap-figure\">\n<picture>\n<a href=\"https:\/\/www.ole.com.ar\/rugby\/murio-rugbier-kelly-meafua-rio_0_420jkRyJPp.html\" target=\"_self\" rel=\"noopener noreferrer\"><br \/>\n<img class=\"img-responsive\" alt=\"La ins\u00f3lita muerte de un jugador samoano de rugby en Francia\" src=\"http:\/\/hoycordobaweb.com\/wp-content\/uploads\/2022\/05\/como-le-fue-a-la-seleccion-ucraniana-en-su-vuelta-al-futbol-5.jpg\" loading=\"lazy\"><br \/>\n<\/a>\n<\/picture>\n<\/div>\n<\/div><\/div>\n<\/div>\n<p>\u200bUcrania se encuentra&nbsp;muy agradecida&nbsp;por el apoyo del club alem\u00e1n que hizo posible el partido.<strong>\u00abLes agradecemos su gran ayuda&#8217;<\/strong>&#8216;, dijo el excampe\u00f3n en la categor\u00eda de los pesados Wladimir Klitschko, hermano del alcalde de Kiev y tambi\u00e9n exboxeador, Vitali, en un mensaje mostrado antes del partido. \u00abSe sinti\u00f3 c\u00f3mo que ambos (equipos) jugaron para nosotros\u00bb.<\/p>\n<h2><strong>EL PARTIDO<\/strong><\/h2>\n<p>\u200bEl encuentro empez\u00f3 con mucha acci\u00f3n: Mikhaylo Mudryk super\u00f3 al portero y anot\u00f3 a los nueve minutos, mientras que el conjunto alem\u00e1n empato r\u00e1pidamente a trav\u00e9s de Conor Noss. Por \u00faltimo, a los&nbsp;82&#8242; Oleksandr Pikhalyonok sentenci\u00f3 el partido con un gol que les dio el triunfo a los de Ucrania. <\/p>\n<div class=\"sp__Normal\">\n<div class=\"image-embeb image-trigger\" readability=\"6.5\">\n<picture><source media=\"(min-width: 720px)\" srcset=\"http:\/\/hoycordobaweb.com\/wp-content\/uploads\/2022\/05\/como-le-fue-a-la-seleccion-ucraniana-en-su-vuelta-al-futbol-6.jpg\"><img itemprop=\"image\" src=\"http:\/\/hoycordobaweb.com\/wp-content\/uploads\/2022\/05\/como-le-fue-a-la-seleccion-ucraniana-en-su-vuelta-al-futbol-6.jpg\" loading=\"lazy\" alt=\"El entrenador ucraniano Oleksandr Petrakov, presente el partido ben\u00e9fico. (SASCHA STEINBACH)\">\n<\/picture><figcaption readability=\"3\">\n<p>El entrenador ucraniano Oleksandr Petrakov, presente el partido ben\u00e9fico. (SASCHA STEINBACH)\n<\/p>\n<\/figcaption><\/div>\n<\/div>\n<h2><strong>LO QUE SIGUE PARA UCRANIA<\/strong><\/h2>\n<p>Internacionalmente, la preparaci\u00f3n de la Selecci\u00f3n para el Repechaje tiene que continuar. Ucrania no anunci\u00f3 ning\u00fan partido que sea antes de lo que ser\u00e1 el duelo contra Escocia, adem\u00e1s del que se disput\u00f3 esta tarde. Mientras tanto se preparar\u00e1n en Eslovenia. Deben hacerlo fuera del pa\u00eds porque las infraestructuras ucranianas&nbsp;est\u00e1n amenazadas por los bombardeos.<\/p>\n<div class=\"sp__SM\">\n<div class=\"content-new \">\n<span class=\"tit-mobile\">Mir\u00e1 tambi\u00e9n<\/span><\/p>\n<div class=\"mg\">\n<div class=\"wrap-figure\">\n<picture>\n<a href=\"https:\/\/www.ole.com.ar\/futbol-internacional\/america\/gareth-bale-real-madrid-mls-junio_0_V7txYyfxk8.html\" target=\"_self\" rel=\"noopener noreferrer\"><br \/>\n<img class=\"img-responsive\" alt=\"Gareth Bale podr\u00eda llegar a la MLS en junio\" src=\"http:\/\/hoycordobaweb.com\/wp-content\/uploads\/2022\/05\/como-le-fue-a-la-seleccion-ucraniana-en-su-vuelta-al-futbol-7.jpg\" loading=\"lazy\"><br \/>\n<\/a>\n<\/picture>\n<\/div>\n<\/div><\/div>\n<\/div>\n<p>Localmente,&nbsp;los clubes ucranianos ya tomaron la decisi\u00f3n<a data-cke-saved-href=\"https:\/\/www.ole.com.ar\/futbol-internacional\/cancelo-premier-ucrania-guerra-rusia_0_MQ9NsS2Mz2.html\" target=\"_blank\" href=\"https:\/\/www.ole.com.ar\/futbol-internacional\/cancelo-premier-ucrania-guerra-rusia_0_MQ9NsS2Mz2.html\" rel=\"noopener noreferrer\"> de poner fin de manera anticipada a la temporada de su liga<\/a>, sin decretar un equipo campe\u00f3n. El torneo se encontraba suspendido desde febrero.<\/p>\n<div class=\"entry-tags\">\n<h2>TEMAS QUE APARECEN EN ESTA NOTA<\/h2>\n<\/p><\/div>\n","protected":false},"excerpt":{"rendered":"<p>La selecci\u00f3n masculina de Ucrania volvi\u00f3 a la acci\u00f3n este mi\u00e9rcoles por primera vez desde la invasi\u00f3n rusa. Fue en un amistoso con el club alem\u00e1n Borussia Monchengladbach en el que los ucranianos se quedaron con el triunfo 2-1. Stefan Lainer del Moenchengladbach marca al ucraniano Oleksandr Karavaiev. (foto:SASCHA STEINBACH) Este partido le viene de [&hellip;]<\/p>\n","protected":false},"author":1,"featured_media":41407,"comment_status":"open","ping_status":"closed","sticky":false,"template":"","format":"standard","meta":[],"categories":[16],"tags":[],"_links":{"self":[{"href":"http:\/\/hoycordobaweb.com\/index.php\/wp-json\/wp\/v2\/posts\/41406"}],"collection":[{"href":"http:\/\/hoycordobaweb.com\/index.php\/wp-json\/wp\/v2\/posts"}],"about":[{"href":"http:\/\/hoycordobaweb.com\/index.php\/wp-json\/wp\/v2\/types\/post"}],"author":[{"embeddable":true,"href":"http:\/\/hoycordobaweb.com\/index.php\/wp-json\/wp\/v2\/users\/1"}],"replies":[{"embeddable":true,"href":"http:\/\/hoycordobaweb.com\/index.php\/wp-json\/wp\/v2\/comments?post=41406"}],"version-history":[{"count":0,"href":"http:\/\/hoycordobaweb.com\/index.php\/wp-json\/wp\/v2\/posts\/41406\/revisions"}],"wp:featuredmedia":[{"embeddable":true,"href":"http:\/\/hoycordobaweb.com\/index.php\/wp-json\/wp\/v2\/media\/41407"}],"wp:attachment":[{"href":"http:\/\/hoycordobaweb.com\/index.php\/wp-json\/wp\/v2\/media?parent=41406"}],"wp:term":[{"taxonomy":"category","embeddable":true,"href":"http:\/\/hoycordobaweb.com\/index.php\/wp-json\/wp\/v2\/categories?post=41406"},{"taxonomy":"post_tag","embeddable":true,"href":"http:\/\/hoycordobaweb.com\/index.php\/wp-json\/wp\/v2\/tags?post=41406"}],"curies":[{"name":"wp","href":"https:\/\/api.w.org\/{rel}","templated":true}]}}