{"id":41404,"date":"2022-05-12T03:22:14","date_gmt":"2022-05-12T03:22:14","guid":{"rendered":"https:\/\/www.ole.com.ar\/futbol-primera\/peso-boca-eliminacion-tigre-river_0_Tg6ioATWjI.html"},"modified":"2022-05-12T03:22:14","modified_gmt":"2022-05-12T03:22:14","slug":"el-peso-de-boca-en-la-eliminacion-de-tigre-a-river","status":"publish","type":"post","link":"http:\/\/hoycordobaweb.com\/index.php\/2022\/05\/12\/el-peso-de-boca-en-la-eliminacion-de-tigre-a-river\/","title":{"rendered":"El peso de Boca en la eliminaci\u00f3n de Tigre a River"},"content":{"rendered":"<p><img src=\"http:\/\/hoycordobaweb.com\/wp-content\/uploads\/2022\/05\/el-peso-de-boca-en-la-eliminacion-de-tigre-a-river.jpg\"><\/p>\n<p><strong><a alt=\"tigre\" class=\"slug\" href=\"https:\/\/www.ole.com.ar\/tema\/tigre.html\" target=\"_blank\" title=\"tigre\" rel=\"noopener noreferrer\">Tigre <\/a><\/strong>meti\u00f3 un batacazo hist\u00f3rico en el Monumental: <a href=\"https:\/\/www.ole.com.ar\/futbol-primera\/river-tigre-copa-liga-cuartos_0_U7FjfMnn49.html\" target=\"_blank\" rel=\"noopener noreferrer\">el reci\u00e9n ascendido a Primera elimin\u00f3 a River<\/a>, en su casa, y lo dej\u00f3 afuera en los cuartos de final de la <strong><a alt=\"copa-de-la-liga-profesional-de-futbol\" class=\"slug\" href=\"https:\/\/www.ole.com.ar\/tema\/copa-de-la-liga-profesional-de-futbol.html\" target=\"_blank\" title=\"copa-de-la-liga-profesional-de-futbol\" rel=\"noopener noreferrer\">Copa de la Liga Profesional<\/a><\/strong>. Y <strong><a alt=\"boca-juniors\" class=\"slug\" href=\"https:\/\/www.ole.com.ar\/tema\/boca-juniors.html\" target=\"_blank\" title=\"boca-juniors\" rel=\"noopener noreferrer\">Boca<\/a><\/strong>, <strong>indirectamente, tuvo su \u00abpeso\u00bb en el triunfo hist\u00f3rico del Matador en N\u00fa\u00f1ez<\/strong>, empezando por los autores de los dos goles del equipo de <strong>Diego Mart\u00ednez<\/strong>.<\/p>\n<div class=\"sp__Normal\">\n<div class=\"image-embeb image-trigger\" readability=\"6.5\">\n<picture><source media=\"(min-width: 720px)\" srcset=\"http:\/\/hoycordobaweb.com\/wp-content\/uploads\/2022\/05\/el-peso-de-boca-en-la-eliminacion-de-tigre-a-river-2.jpg\"><img itemprop=\"image\" src=\"http:\/\/hoycordobaweb.com\/wp-content\/uploads\/2022\/05\/el-peso-de-boca-en-la-eliminacion-de-tigre-a-river-2.jpg\" loading=\"lazy\" alt=\"Retegui, el d\u00eda de su debut en Boca.\">\n<\/picture><figcaption readability=\"3\">\n<p>Retegui, el d\u00eda de su debut en Boca.\n<\/p>\n<\/figcaption><\/div>\n<\/div>\n<p>En el arranque del partido, <strong>fue Mateo Retegui quien puso a los visitantes en ventaja<\/strong>. El pase del delantero, que tuvo un breve paso por la Inferiores del Millonario, es de Boca (tiene contrato hasta fines de 2024). Sin lugar en el plantel de Sebasti\u00e1n Battaglia, el hijo del Chapa Retegui, <strong>fue prestado al club de Victoria para que siga sumando minutos<\/strong>, como ya hizo en Estudiantes y en Talleres de C\u00f3rdoba.<\/p>\n<p>\u00abEstamos muy contentos, sab\u00edamos que jug\u00e1bamos contra uno de los rivales m\u00e1s dif\u00edciles y que mejor juega. Y creo que lo hicimos muy bien, los complicamos por c\u00f3mo jugamos y nos vamos contentos por la victoria\u00bb, declar\u00f3 Retegui.&nbsp;<\/p>\n<p>El segundo gol de Tigre ante River fue <strong>Facundo Colidio<\/strong>, quien aprovech\u00f3 un grosero error de Paulo D\u00edaz para poner el 2-1 final en el Monumental. <strong>El punta de 22 a\u00f1os pertenece al Inter de Mil\u00e1n, quien se lo compr\u00f3 justamente al Xeneize por 9.000.000 de d\u00f3lares a mediados de 2017<\/strong>. El delantero no lleg\u00f3 a debutar en la Primera con la azul y oro: parti\u00f3 cuando era una de las promesas de la cantera.<\/p>\n<div class=\"sp__Normal\">\n<div class=\"image-embeb image-trigger\" readability=\"6.5\">\n<picture><source media=\"(min-width: 720px)\" srcset=\"http:\/\/hoycordobaweb.com\/wp-content\/uploads\/2022\/05\/el-peso-de-boca-en-la-eliminacion-de-tigre-a-river-3.jpg\"><img itemprop=\"image\" src=\"http:\/\/hoycordobaweb.com\/wp-content\/uploads\/2022\/05\/el-peso-de-boca-en-la-eliminacion-de-tigre-a-river-3.jpg\" loading=\"lazy\" alt=\"Colidio, en las Inferiores de Boca.\">\n<\/picture><figcaption readability=\"3\">\n<p>Colidio, en las Inferiores de Boca.\n<\/p>\n<\/figcaption><\/div>\n<\/div>\n<p>\u00abEste grupo se merece estar en la semi. Cuando vi que la pelota entr\u00f3 me fui corriendo con los chicos. <strong>A varios les hab\u00eda dicho que iba a hacer un gol esta noche<\/strong>. A Armani ya lo hab\u00eda estudiado un poco, sab\u00eda que es de jugarse, pero en ese momento defin\u00ed y que sea lo que Dios quiera\u00bb, cont\u00f3 el delantero.&nbsp;<\/p>\n<p>Pero la conexi\u00f3n entre Boca y Tigre no termina con los goleadores de la noche en N\u00fa\u00f1ez&#8230; En el plantel adem\u00e1s hay otros tres jugadores que el Consejo de Riquelme decidi\u00f3 ceder al Matador para que sumen minutos: <strong>Equi Fern\u00e1ndez<\/strong> (titular contra el Millonario y una de las figuras que ten\u00eda la Reserva que dirig\u00eda Battaglia),<strong> Oscar Salom\u00f3n<\/strong> (suplente frente a River) y <strong>Agust\u00edn Obando<\/strong>.<\/p>\n<p><strong>\u00abEste fue un triunfo made in Tigre. Estamos contentos y felices. Ahora vamos por m\u00e1s\u00bb,<\/strong> dijo Equi Fern\u00e1ndez luego del 2-1. El volante podr\u00eda regresar a Boca luego de la Copa de la Liga, ya que desde el Consejo consideran que tiene el nivel para pelear un puesto en el equipo de Battaglia.&nbsp;<\/p>\n<div class=\"sp__Normal\">\n<div class=\"image-embeb image-trigger\" readability=\"6.5\">\n<picture><source media=\"(min-width: 720px)\" srcset=\"http:\/\/hoycordobaweb.com\/wp-content\/uploads\/2022\/05\/el-peso-de-boca-en-la-eliminacion-de-tigre-a-river-4.jpg\"><img itemprop=\"image\" src=\"http:\/\/hoycordobaweb.com\/wp-content\/uploads\/2022\/05\/el-peso-de-boca-en-la-eliminacion-de-tigre-a-river-4.jpg\" loading=\"lazy\" alt=\"Equi Fern\u00e1ndez, una joyita que tiene el Xeneize.\">\n<\/picture><figcaption readability=\"3\">\n<p>Equi Fern\u00e1ndez, una joyita que tiene el Xeneize.\n<\/p>\n<\/figcaption><\/div>\n<\/div>\n<p>Entre los ex, adem\u00e1s de Colidio, tambi\u00e9n est\u00e1 el capit\u00e1n del equipo: <strong>Sebasti\u00e1n Prediger<\/strong>. El Perro tuvo un breve paso por el Xeneize durante el primer semestre del 2010. En total, apenas lleg\u00f3 a disputar tres partido en aquel equipo que fue dirigido por Abel Alves y tambi\u00e9n por Roberto Pompei. <\/p>\n<div class=\"sp__Normal\">\n<div class=\"image-embeb image-trigger\" readability=\"6\">\n<picture><source media=\"(min-width: 720px)\" srcset=\"http:\/\/hoycordobaweb.com\/wp-content\/uploads\/2022\/05\/el-peso-de-boca-en-la-eliminacion-de-tigre-a-river-5.jpg\"><img itemprop=\"image\" src=\"http:\/\/hoycordobaweb.com\/wp-content\/uploads\/2022\/05\/el-peso-de-boca-en-la-eliminacion-de-tigre-a-river-5.jpg\" loading=\"lazy\" alt=\"Prediger en Boca en 2010.\">\n<\/picture><figcaption readability=\"2\">\n<p>Prediger en Boca en 2010.\n<\/p>\n<\/figcaption><\/div>\n<\/div>\n<p>En el banco de suplentes del Matador tambi\u00e9n hay un ex Boca.<strong> Diego Mart\u00ednez fue parte del equipo de trabajo de&nbsp;Jorge Raffo<\/strong>&nbsp;en las Divisiones Inferiores del Xeneize. Incluso lleg\u00f3 a dirigir a algunos de los juveniles que ahora est\u00e1n en el plantel profesional de Battaglia.&nbsp;<\/p>\n<div class=\"sp__Normal\">\n<div class=\"image-embeb image-trigger\" readability=\"6.5\">\n<picture><source media=\"(min-width: 720px)\" srcset=\"http:\/\/hoycordobaweb.com\/wp-content\/uploads\/2022\/05\/el-peso-de-boca-en-la-eliminacion-de-tigre-a-river-6.jpg\"><img itemprop=\"image\" src=\"http:\/\/hoycordobaweb.com\/wp-content\/uploads\/2022\/05\/el-peso-de-boca-en-la-eliminacion-de-tigre-a-river-6.jpg\" loading=\"lazy\" alt=\"El DT de Tigre, otro con pasado azul y oro.\">\n<\/picture><figcaption readability=\"3\">\n<p>El DT de Tigre, otro con pasado azul y oro.\n<\/p>\n<\/figcaption><\/div>\n<\/div>\n<div class=\"sp__SM\">\n<div class=\"content-new no-img\">\n<span class=\"tit-mobile\">Mir\u00e1 tambi\u00e9n<\/span> <\/div>\n<\/div>\n<h2><strong>Los goles del triunfo de Tigre<\/strong><\/h2>\n<div class=\"sp__SM\">\n<div class=\"content-new \">\n<span class=\"tit-mobile\">Mir\u00e1 tambi\u00e9n<\/span><\/p>\n<div class=\"mg\">\n<div class=\"wrap-figure\">\n<picture>\n<a href=\"https:\/\/www.ole.com.ar\/futbol-primera\/paulo-diaz-error-gol-tigre_0_uvHJmdvsVa.html\" target=\"_self\" rel=\"noopener noreferrer\"><br \/>\n<img class=\"img-responsive\" alt=\"Video: horror de Paulo D\u00edaz y otro gol de un ex Boca\" src=\"http:\/\/hoycordobaweb.com\/wp-content\/uploads\/2022\/05\/el-peso-de-boca-en-la-eliminacion-de-tigre-a-river-7.jpg\" loading=\"lazy\"><br \/>\n<\/a>\n<\/picture>\n<\/div>\n<\/div><\/div>\n<\/div>\n<div class=\"sp__SM\">\n<div class=\"content-new \">\n<span class=\"tit-mobile\">Mir\u00e1 tambi\u00e9n<\/span><\/p>\n<div class=\"mg\">\n<div class=\"wrap-figure\">\n<picture>\n<a href=\"https:\/\/www.ole.com.ar\/futbol-primera\/enzo-fernandez-gol-river-tigre_0_hYkWzL3SLZ.html\" target=\"_self\" rel=\"noopener noreferrer\"><br \/>\n<img class=\"img-responsive\" alt=\"Video: el golazo de Enzo Fern\u00e1ndez y su gran marca en el semestre\" src=\"http:\/\/hoycordobaweb.com\/wp-content\/uploads\/2022\/05\/el-peso-de-boca-en-la-eliminacion-de-tigre-a-river-8.jpg\" loading=\"lazy\"><br \/>\n<\/a>\n<\/picture>\n<\/div>\n<\/div><\/div>\n<\/div>\n<div class=\"entry-tags\">\n<h2>TEMAS QUE APARECEN EN ESTA NOTA<\/h2>\n<\/p><\/div>\n","protected":false},"excerpt":{"rendered":"<p>Tigre meti\u00f3 un batacazo hist\u00f3rico en el Monumental: el reci\u00e9n ascendido a Primera elimin\u00f3 a River, en su casa, y lo dej\u00f3 afuera en los cuartos de final de la Copa de la Liga Profesional. Y Boca, indirectamente, tuvo su \u00abpeso\u00bb en el triunfo hist\u00f3rico del Matador en N\u00fa\u00f1ez, empezando por los autores de los [&hellip;]<\/p>\n","protected":false},"author":1,"featured_media":41405,"comment_status":"open","ping_status":"closed","sticky":false,"template":"","format":"standard","meta":[],"categories":[16],"tags":[],"_links":{"self":[{"href":"http:\/\/hoycordobaweb.com\/index.php\/wp-json\/wp\/v2\/posts\/41404"}],"collection":[{"href":"http:\/\/hoycordobaweb.com\/index.php\/wp-json\/wp\/v2\/posts"}],"about":[{"href":"http:\/\/hoycordobaweb.com\/index.php\/wp-json\/wp\/v2\/types\/post"}],"author":[{"embeddable":true,"href":"http:\/\/hoycordobaweb.com\/index.php\/wp-json\/wp\/v2\/users\/1"}],"replies":[{"embeddable":true,"href":"http:\/\/hoycordobaweb.com\/index.php\/wp-json\/wp\/v2\/comments?post=41404"}],"version-history":[{"count":0,"href":"http:\/\/hoycordobaweb.com\/index.php\/wp-json\/wp\/v2\/posts\/41404\/revisions"}],"wp:featuredmedia":[{"embeddable":true,"href":"http:\/\/hoycordobaweb.com\/index.php\/wp-json\/wp\/v2\/media\/41405"}],"wp:attachment":[{"href":"http:\/\/hoycordobaweb.com\/index.php\/wp-json\/wp\/v2\/media?parent=41404"}],"wp:term":[{"taxonomy":"category","embeddable":true,"href":"http:\/\/hoycordobaweb.com\/index.php\/wp-json\/wp\/v2\/categories?post=41404"},{"taxonomy":"post_tag","embeddable":true,"href":"http:\/\/hoycordobaweb.com\/index.php\/wp-json\/wp\/v2\/tags?post=41404"}],"curies":[{"name":"wp","href":"https:\/\/api.w.org\/{rel}","templated":true}]}}