{"id":41394,"date":"2022-05-11T15:44:42","date_gmt":"2022-05-11T15:44:42","guid":{"rendered":"https:\/\/manoamanocba.com.ar\/?p=5253"},"modified":"2022-05-11T15:44:42","modified_gmt":"2022-05-11T15:44:42","slug":"reclamaron-por-la-reactivacion-del-hub-aereo-cordoba","status":"publish","type":"post","link":"http:\/\/hoycordobaweb.com\/index.php\/2022\/05\/11\/reclamaron-por-la-reactivacion-del-hub-aereo-cordoba\/","title":{"rendered":"Reclamaron por la reactivaci\u00f3n del hub a\u00e9reo C\u00f3rdoba"},"content":{"rendered":"<p>El presidente de la Agencia C\u00f3rdoba Turismo, Esteban Avil\u00e9s, reclam\u00f3 por la <strong>reactivaci\u00f3n del hub a\u00e9reo C\u00f3rdoba<\/strong>, en el marco de la&nbsp;asamblea extraordinaria del Consejo Federal de Turismo celebrado el martes 10 de mayo en el Centro de Convenciones de Buenos Aires.<\/p>\n<p>En el encuentro, antesala del evento Meet Up 2022 y con la presencia de representantes de turismo, Avil\u00e9s pidi\u00f3 a las autoridades nacionales <strong>un cambio de mirada en la gesti\u00f3n aerocomercial<\/strong>, la cual <em>\u201cest\u00e1 afectando gravemente la conectividad nacional e internacional de los destinos del interior\u201d.<\/em><\/p>\n<p><em>\u00abEn el contexto de esta asamblea, C\u00f3rdoba fij\u00f3 su posici\u00f3n clara: para hablar de turismo de reuniones tenemos que sincerarnos en lo que est\u00e1 sucediendo en materia de conectividad a\u00e9rea internacional y nacional. Hoy, Aeroparque est\u00e1 desbordado, al contrario de lo que sucede en los aeropuertos del interior del pa\u00eds\u00bb,<\/em>&nbsp;expres\u00f3 Avil\u00e9s ante ministros de turismo y presidentes de bur\u00f3s de todo el pa\u00eds.<\/p>\n<p><a href=\"http:\/\/manoamanocba.com.ar\/wp-content\/uploads\/2022\/05\/Consejo-Federal-de-Turismo-6.jpg\"><img loading=\"lazy\" class=\"size-medium wp-image-5254 aligncenter\" src=\"http:\/\/hoycordobaweb.com\/wp-content\/uploads\/2022\/05\/reclamaron-por-la-reactivacion-del-hub-aereo-cordoba.jpg\" alt width=\"300\" height=\"200\" srcset=\"http:\/\/hoycordobaweb.com\/wp-content\/uploads\/2022\/05\/reclamaron-por-la-reactivacion-del-hub-aereo-cordoba.jpg 300w, http:\/\/hoycordobaweb.com\/wp-content\/uploads\/2022\/05\/reclamaron-por-la-reactivacion-del-hub-aereo-cordoba-1.jpg 768w, http:\/\/hoycordobaweb.com\/wp-content\/uploads\/2022\/05\/reclamaron-por-la-reactivacion-del-hub-aereo-cordoba-2.jpg 272w, http:\/\/hoycordobaweb.com\/wp-content\/uploads\/2022\/05\/reclamaron-por-la-reactivacion-del-hub-aereo-cordoba-3.jpg 990w\" sizes=\"(max-width: 300px) 100vw, 300px\"><\/a><\/p>\n<p>El presidente de la Agencia C\u00f3rdoba Turismo se\u00f1al\u00f3, adem\u00e1s: \u00ab<em>Hay que aunar criterios y provocar un cambio de 180 grados en el enfoque aerocomercial, <strong>para que las l\u00edneas privadas, adem\u00e1s de Aerol\u00edneas, vuelvan a conectar Argentina<\/strong>. El gobierno tiene que generar las herramientas para que nuestro pa\u00eds sea un destino en el que se pueda invertir, y tiene que apuntar a federalizar el esquema de conexiones que est\u00e1 manejando Aerol\u00edneas Argentinas. Necesitamos que cambien las estrategias que colocan a Buenos Aires como \u00fanica puerta de entrada al pa\u00eds\u00bb.<\/em><\/p>\n<p><em>\u00abTodos los que estamos ac\u00e1 hemos visto tras la pandemia c\u00f3mo se empezaron a movilizar los hubs a\u00e9reos a nivel mundial, mientras que en nuestro pa\u00eds se tuvo <strong>una mirada centralista desde Aerol\u00edneas hacia el pa\u00eds<\/strong>. No se acompa\u00f1\u00f3 el esfuerzo por mantener y contener la operatividad de las aerol\u00edneas privadas. Hoy no podemos evitar hablar de esto en el marco de este encuentro de turismo de reuniones, siendo la conectividad el abec\u00e9 de esta industria a nivel nacional e internacional\u00bb,<\/em>&nbsp;remarc\u00f3 Avil\u00e9s.<\/p>\n","protected":false},"excerpt":{"rendered":"<p>El presidente de la Agencia C\u00f3rdoba Turismo, Esteban Avil\u00e9s, reclam\u00f3 por la reactivaci\u00f3n del hub a\u00e9reo C\u00f3rdoba, en el marco de la&nbsp;asamblea extraordinaria del Consejo Federal de Turismo celebrado el martes 10 de mayo en el Centro de Convenciones de Buenos Aires. En el encuentro, antesala del evento Meet Up 2022 y con la presencia [&hellip;]<\/p>\n","protected":false},"author":1,"featured_media":41395,"comment_status":"closed","ping_status":"closed","sticky":false,"template":"","format":"standard","meta":[],"categories":[19],"tags":[],"_links":{"self":[{"href":"http:\/\/hoycordobaweb.com\/index.php\/wp-json\/wp\/v2\/posts\/41394"}],"collection":[{"href":"http:\/\/hoycordobaweb.com\/index.php\/wp-json\/wp\/v2\/posts"}],"about":[{"href":"http:\/\/hoycordobaweb.com\/index.php\/wp-json\/wp\/v2\/types\/post"}],"author":[{"embeddable":true,"href":"http:\/\/hoycordobaweb.com\/index.php\/wp-json\/wp\/v2\/users\/1"}],"replies":[{"embeddable":true,"href":"http:\/\/hoycordobaweb.com\/index.php\/wp-json\/wp\/v2\/comments?post=41394"}],"version-history":[{"count":0,"href":"http:\/\/hoycordobaweb.com\/index.php\/wp-json\/wp\/v2\/posts\/41394\/revisions"}],"wp:featuredmedia":[{"embeddable":true,"href":"http:\/\/hoycordobaweb.com\/index.php\/wp-json\/wp\/v2\/media\/41395"}],"wp:attachment":[{"href":"http:\/\/hoycordobaweb.com\/index.php\/wp-json\/wp\/v2\/media?parent=41394"}],"wp:term":[{"taxonomy":"category","embeddable":true,"href":"http:\/\/hoycordobaweb.com\/index.php\/wp-json\/wp\/v2\/categories?post=41394"},{"taxonomy":"post_tag","embeddable":true,"href":"http:\/\/hoycordobaweb.com\/index.php\/wp-json\/wp\/v2\/tags?post=41394"}],"curies":[{"name":"wp","href":"https:\/\/api.w.org\/{rel}","templated":true}]}}