{"id":41374,"date":"2022-05-11T12:14:10","date_gmt":"2022-05-11T12:14:10","guid":{"rendered":"https:\/\/fono.fcm.unc.edu.ar\/?p=9166"},"modified":"2022-05-11T12:14:10","modified_gmt":"2022-05-11T12:14:10","slug":"convocatoria-beca-santander-premio-al-merito-academico","status":"publish","type":"post","link":"http:\/\/hoycordobaweb.com\/index.php\/2022\/05\/11\/convocatoria-beca-santander-premio-al-merito-academico\/","title":{"rendered":"Convocatoria Beca Santander: Premio al M\u00e9rito Acad\u00e9mico"},"content":{"rendered":"<h2 class=\"fusion-post-title\">Convocatoria Beca Santander: Premio al M\u00e9rito Acad\u00e9mico<\/h2>\n<div class=\"post-content\" readability=\"46.702154626109\">\n<p><img loading=\"lazy\" class=\"alignright wp-image-9167 size-fusion-600\" src=\"https:\/\/fono.fcm.unc.edu.ar\/wp-content\/uploads\/sites\/14\/2022\/05\/becasantander-600x242.jpg\" alt width=\"600\" height=\"242\" srcset=\"https:\/\/fono.fcm.unc.edu.ar\/wp-content\/uploads\/sites\/14\/2022\/05\/becasantander-200x81.jpg 200w, https:\/\/fono.fcm.unc.edu.ar\/wp-content\/uploads\/sites\/14\/2022\/05\/becasantander-300x121.jpg 300w, https:\/\/fono.fcm.unc.edu.ar\/wp-content\/uploads\/sites\/14\/2022\/05\/becasantander-400x161.jpg 400w, https:\/\/fono.fcm.unc.edu.ar\/wp-content\/uploads\/sites\/14\/2022\/05\/becasantander-600x242.jpg 600w, https:\/\/fono.fcm.unc.edu.ar\/wp-content\/uploads\/sites\/14\/2022\/05\/becasantander-768x310.jpg 768w, https:\/\/fono.fcm.unc.edu.ar\/wp-content\/uploads\/sites\/14\/2022\/05\/becasantander-800x323.jpg 800w, https:\/\/fono.fcm.unc.edu.ar\/wp-content\/uploads\/sites\/14\/2022\/05\/becasantander-1024x413.jpg 1024w, https:\/\/fono.fcm.unc.edu.ar\/wp-content\/uploads\/sites\/14\/2022\/05\/becasantander.jpg 1160w\" sizes=\"(max-width: 600px) 100vw, 600px\">La Direcci\u00f3n de Inclusi\u00f3n Social de la&nbsp; Secretar\u00eda de Asuntos Estudiantiles informa que se encuentra abierta la convocatoria para las&nbsp;<strong>Becas de Estudio Santander<\/strong>, un programa organizado por el Banco Santander R\u00edo S.A. con el objetivo de facilitar el acceso, la permanencia y\/o la finalizaci\u00f3n en los estudios de grado a sectores estudiantiles con necesidades econ\u00f3micas y alto desempe\u00f1o acad\u00e9mico.<\/p>\n<p>Se encuentran disponibles 40 becas para estudiantes de la Universidad Nacional de C\u00f3rdoba.<\/p>\n<p><strong>Dirigido a:&nbsp;<\/strong>Estudiantes<\/p>\n<p><strong>Que vivan en:&nbsp;<\/strong><span class=\"ng-star-inserted\">Argentina<\/span><\/p>\n<p><strong>Inscripciones abiertas: <\/strong>del 02\/05\/22 al 19\/08\/22<\/p>\n<p><strong>Evaluaci\u00f3n de solicitudes<\/strong>: de 19\/08\/22 al 18\/11\/22<\/p>\n<p><strong>Selecci\u00f3n de candidatos<\/strong>: 18\/11\/22<\/p>\n<div data-id=\"program-detail-countries-of-origin\" readability=\"8.5673076923077\">Para mayor informaci\u00f3n en cuanto a los requisitos, bases, condiciones y para inscribirte ingresa&nbsp;<a href=\"https:\/\/app.becas-santander.com\/es\/program\/becas-santander-estudios-premio-al-merito-academico-2022\" target=\"_blank\" rel=\"noopener noreferrer\">AQU\u00cd<\/a><\/div><\/div>\n","protected":false},"excerpt":{"rendered":"<p>Convocatoria Beca Santander: Premio al M\u00e9rito Acad\u00e9mico La Direcci\u00f3n de Inclusi\u00f3n Social de la&nbsp; Secretar\u00eda de Asuntos Estudiantiles informa que se encuentra abierta la convocatoria para las&nbsp;Becas de Estudio Santander, un programa organizado por el Banco Santander R\u00edo S.A. con el objetivo de facilitar el acceso, la permanencia y\/o la finalizaci\u00f3n en los estudios de [&hellip;]<\/p>\n","protected":false},"author":1,"featured_media":0,"comment_status":"closed","ping_status":"closed","sticky":false,"template":"","format":"standard","meta":[],"categories":[1],"tags":[],"_links":{"self":[{"href":"http:\/\/hoycordobaweb.com\/index.php\/wp-json\/wp\/v2\/posts\/41374"}],"collection":[{"href":"http:\/\/hoycordobaweb.com\/index.php\/wp-json\/wp\/v2\/posts"}],"about":[{"href":"http:\/\/hoycordobaweb.com\/index.php\/wp-json\/wp\/v2\/types\/post"}],"author":[{"embeddable":true,"href":"http:\/\/hoycordobaweb.com\/index.php\/wp-json\/wp\/v2\/users\/1"}],"replies":[{"embeddable":true,"href":"http:\/\/hoycordobaweb.com\/index.php\/wp-json\/wp\/v2\/comments?post=41374"}],"version-history":[{"count":0,"href":"http:\/\/hoycordobaweb.com\/index.php\/wp-json\/wp\/v2\/posts\/41374\/revisions"}],"wp:attachment":[{"href":"http:\/\/hoycordobaweb.com\/index.php\/wp-json\/wp\/v2\/media?parent=41374"}],"wp:term":[{"taxonomy":"category","embeddable":true,"href":"http:\/\/hoycordobaweb.com\/index.php\/wp-json\/wp\/v2\/categories?post=41374"},{"taxonomy":"post_tag","embeddable":true,"href":"http:\/\/hoycordobaweb.com\/index.php\/wp-json\/wp\/v2\/tags?post=41374"}],"curies":[{"name":"wp","href":"https:\/\/api.w.org\/{rel}","templated":true}]}}