{"id":41318,"date":"2022-05-10T11:55:00","date_gmt":"2022-05-10T11:55:00","guid":{"rendered":"http:\/\/hoycordobaweb.com\/index.php\/2022\/05\/10\/johnson-establecera-su-agenda-legislativa-centrado-en-impulsar-la-economia\/"},"modified":"2022-05-10T11:55:00","modified_gmt":"2022-05-10T11:55:00","slug":"johnson-establecera-su-agenda-legislativa-centrado-en-impulsar-la-economia","status":"publish","type":"post","link":"http:\/\/hoycordobaweb.com\/index.php\/2022\/05\/10\/johnson-establecera-su-agenda-legislativa-centrado-en-impulsar-la-economia\/","title":{"rendered":"Johnson establecer\u00e1 su agenda legislativa centrado en impulsar la econom\u00eda"},"content":{"rendered":"<p><img src=\"http:\/\/hoycordobaweb.com\/wp-content\/uploads\/2022\/05\/johnson-establecera-su-agenda-legislativa-centrado-en-impulsar-la-economia.jpg\"><\/p>\n<figure class=\"mb-3\"><img loading=\"lazy\" src=\"http:\/\/hoycordobaweb.com\/wp-content\/uploads\/2022\/05\/johnson-establecera-su-agenda-legislativa-centrado-en-impulsar-la-economia-2.jpg\" width=\"100%\" height=\"100%\" alt=\"Johnson esbozar este martes una amplia agenda legislativa Foto AFP\"><figcaption> Johnson esbozar\u00e1 este martes una amplia agenda legislativa. (Foto: AFP). <\/figcaption><\/figure>\n<p>El primer ministro brit\u00e1nico, Boris Johnson, esbozar\u00e1 este martes una amplia agenda legislativa para<strong> impulsar la econom\u00eda<\/strong>, en el llamado \u00abDiscurso de la Reina\u00bb en ausencia de la reina Isabel II, remplazada por el pr\u00edncipe Carlos debido a sus problemas de salud.<\/p>\n<p>El paquete de unos 38 proyectos de ley ser\u00e1 presentado por el pr\u00edncipe Carlos, heredero del trono, que leer\u00e1 en voz alta las prioridades legislativas del gobierno durante una ceremonia que da inicio a la nueva sesi\u00f3n parlamentaria.<\/p>\n<p><strong>Por primera vez desde 1963, la monarca brit\u00e1nica no asistir\u00e1 a la apertura estatal del Parlamento.<\/strong><\/p>\n<p>La reina, de 96 a\u00f1os, suele inaugurar cada nueva sesi\u00f3n parlamentaria leyendo el programa legislativo redactado por el gobierno para el pr\u00f3ximo a\u00f1o.<\/p>\n<blockquote class><p>El gobierno prometer\u00e1 en su agenda, enfrentar la crisis del costo de la vida mediante la creaci\u00f3n de nuevos puestos de trabajo calificados y mejor remunerados<\/p><\/blockquote>\n<p>Sin embargo, debido a sus problemas de movilidad y tras consultar con sus m\u00e9dicos, decidi\u00f3 no asistir al discurso del trono este a\u00f1o, confirm\u00f3 la noche del lunes la casa real brit\u00e1nica.<\/p>\n<p>Seg\u00fan se adelant\u00f3, <strong>el gobierno prometer\u00e1 en su agenda, enfrentar la crisis del costo de la vida mediante la creaci\u00f3n de nuevos puestos de trabajo calificados y mejor remunerado<\/strong>s, m\u00e1s reformas al impuesto sobre bienes inmuebles comerciales, entre otras propuestas.<\/p>\n<figure class=\"mb-3\"><img loading=\"lazy\" src=\"http:\/\/hoycordobaweb.com\/wp-content\/uploads\/2022\/05\/johnson-establecera-su-agenda-legislativa-centrado-en-impulsar-la-economia-3.jpg\" width=\"100%\" height=\"100%\" alt=\"El prncipe Carlos leer en voz alta las prioridades legislativas Foto AFP\"><figcaption> El pr\u00edncipe Carlos leer\u00e1 en voz alta las prioridades legislativas. (Foto: AFP). <\/figcaption><\/figure>\n<p><strong>Los proyectos tambi\u00e9n incluyen nuevas leyes para reprimir las protestas que causan molestias a la poblaci\u00f3n<\/strong> en las calles y \u00e1mbitos p\u00fablicos, nuevas legislaciones para reemplazar varias leyes de la Uni\u00f3n Europea (UE), con el objetivo de reducir la burocracia y las \u00abbarreras innecesarias heredadas del bloque europeo.<\/p>\n<p>Johnson buscar\u00e1 por su parte recuperar el control de la agenda, tras su reciente rev\u00e9s electoral como consecuencia del esc\u00e1ndalo por el \u00abpartygate\u00bb y la crisis del costo de la vida.<\/p>\n<blockquote class><p>Johnson buscar\u00e1 por su parte recuperar el control de la agenda, tras su reciente rev\u00e9s electoral como consecuencia del esc\u00e1ndalo por el partygate y la crisis del costo de la vida<\/p><\/blockquote>\n<p>\u00abHaremos que el pa\u00eds supere las secuelas de la pandemia tal como lo hicimos durante el Covid, con cada gramo de ingenio, compasi\u00f3n y trabajo duro\u00bb, seg\u00fan un extracto publicado por Downing Street, la residencia del gobierno brit\u00e1nico, de lo que se espera que diga el primer ministro en el debate de la C\u00e1mara de los Comunes.<\/p>\n<p>En tanto, <strong>el l\u00edder laborista Keir Starmer dijo a los medios que los tiempos son dif\u00edciles para los trabajadores.<\/strong><\/p>\n<p>\u00abPero son mucho m\u00e1s dif\u00edciles de lo que deber\u00edan ser. Unos 12 a\u00f1os de los conservadores han significado bajo crecimiento econ\u00f3mico, alta inflaci\u00f3n y altos impuestos\u00bb, subray\u00f3.<\/p>\n<p>Tambi\u00e9n, sostuvo que los conservadores no est\u00e1n a la altura del desaf\u00edo de hacer crecer la econom\u00eda.<\/p>\n<p>\u00abTodos esos aumentos de impuestos no se destinan a mejorar los servicios p\u00fablicos. Nunca antes se le hab\u00eda pedido a la gente que pagara tanto por tan poco\u00bb, sentenci\u00f3. <\/p>\n","protected":false},"excerpt":{"rendered":"<p>Johnson esbozar\u00e1 este martes una amplia agenda legislativa. (Foto: AFP). El primer ministro brit\u00e1nico, Boris Johnson, esbozar\u00e1 este martes una amplia agenda legislativa para impulsar la econom\u00eda, en el llamado \u00abDiscurso de la Reina\u00bb en ausencia de la reina Isabel II, remplazada por el pr\u00edncipe Carlos debido a sus problemas de salud. El paquete de [&hellip;]<\/p>\n","protected":false},"author":1,"featured_media":41319,"comment_status":"open","ping_status":"closed","sticky":false,"template":"","format":"standard","meta":[],"categories":[19],"tags":[],"_links":{"self":[{"href":"http:\/\/hoycordobaweb.com\/index.php\/wp-json\/wp\/v2\/posts\/41318"}],"collection":[{"href":"http:\/\/hoycordobaweb.com\/index.php\/wp-json\/wp\/v2\/posts"}],"about":[{"href":"http:\/\/hoycordobaweb.com\/index.php\/wp-json\/wp\/v2\/types\/post"}],"author":[{"embeddable":true,"href":"http:\/\/hoycordobaweb.com\/index.php\/wp-json\/wp\/v2\/users\/1"}],"replies":[{"embeddable":true,"href":"http:\/\/hoycordobaweb.com\/index.php\/wp-json\/wp\/v2\/comments?post=41318"}],"version-history":[{"count":0,"href":"http:\/\/hoycordobaweb.com\/index.php\/wp-json\/wp\/v2\/posts\/41318\/revisions"}],"wp:featuredmedia":[{"embeddable":true,"href":"http:\/\/hoycordobaweb.com\/index.php\/wp-json\/wp\/v2\/media\/41319"}],"wp:attachment":[{"href":"http:\/\/hoycordobaweb.com\/index.php\/wp-json\/wp\/v2\/media?parent=41318"}],"wp:term":[{"taxonomy":"category","embeddable":true,"href":"http:\/\/hoycordobaweb.com\/index.php\/wp-json\/wp\/v2\/categories?post=41318"},{"taxonomy":"post_tag","embeddable":true,"href":"http:\/\/hoycordobaweb.com\/index.php\/wp-json\/wp\/v2\/tags?post=41318"}],"curies":[{"name":"wp","href":"https:\/\/api.w.org\/{rel}","templated":true}]}}